{"id":3253,"date":"2024-04-30T20:18:36","date_gmt":"2024-04-30T23:18:36","guid":{"rendered":"https:\/\/guialimeira.com.br\/2024\/04\/30\/com-mais-de-120-pontos-de-coleta-campanhas-do-agasalho-e-agasalho-pet-sao-lancadas-em-limeira\/"},"modified":"2024-04-30T20:18:36","modified_gmt":"2024-04-30T23:18:36","slug":"com-mais-de-120-pontos-de-coleta-campanhas-do-agasalho-e-agasalho-pet-sao-lancadas-em-limeira","status":"publish","type":"post","link":"https:\/\/guialimeira.com.br\/news\/com-mais-de-120-pontos-de-coleta-campanhas-do-agasalho-e-agasalho-pet-sao-lancadas-em-limeira\/","title":{"rendered":"Com mais de 120 pontos de coleta, campanhas do Agasalho e Agasalho PET s\u00e3o lan\u00e7adas em Limeira"},"content":{"rendered":"<p> <br \/>\n<\/p>\n<div id=\"\">&#13;<br \/>\n                &#13;<br \/>\n&#13;<br \/>\n&#13;<br \/>\n&#13;<br \/>\n    <img data-recalc-dims=\"1\" decoding=\"async\" src=\"https:\/\/i0.wp.com\/ecrie.com.br\/sistema\/conteudos\/imagem\/m_137_0_1_30042024173201.jpg?w=696&#038;ssl=1\" alt=\"Com mais de 120 pontos de coleta, campanhas do Agasalho e Agasalho PET s\u00e3o lan\u00e7adas em Limeira\"\/>&#13;<br \/>\n&#13;<\/p>\n<p>\u201cO agasalho que voc\u00ea doa, aquece quem precisa\u201d. Esse \u00e9 o slogan da Campanha do Agasalho 2024, lan\u00e7ada nesta ter\u00e7a-feira (30) pelo Fundo Social, Prefeitura de Limeira e Central de Volunt\u00e1rios. Simultaneamente, houve o lan\u00e7amento da Campanha do Agasalho PET, que receber\u00e1 doa\u00e7\u00f5es de roupinhas, cobertores, guias, coleiras e ra\u00e7\u00e3o. A primeira-dama e presidente do Fundo Social, Roberta Botion, fez o an\u00fancio das campanhas, em evento no Pa\u00e7o Municipal (Edif\u00edcio Prada), que contou com a presen\u00e7a do prefeito Mario Botion, da vice-prefeita Erika Tank, dos vereadores Lu Bogo, Tatiane Lopes e Lem\u00e3o da Jeov\u00e1 Raf\u00e1, al\u00e9m de volunt\u00e1rios, institui\u00e7\u00f5es e empresas parceiras da iniciativa.<\/p>\n<p>&#13;<\/p>\n<p>No ano passado, foram arrecadadas mais de 163 mil pe\u00e7as na Campanha do Agasalho e segundo Roberta Botion, a inten\u00e7\u00e3o neste ano \u00e9 superar essa marca. Para tanto, haver\u00e1 10 pontos de arrecada\u00e7\u00e3o pelo sistema drive-thru e mais de 120 pontos fixos de coleta, como shoppings, ind\u00fastrias, escolas, igrejas, entre outros. \u201cN\u00f3s nunca fazemos nada sozinhos, precisamos de multiplicadores. Ent\u00e3o, fico muito feliz de ver a presen\u00e7a de todos voc\u00eas aqui hoje\u201d, salientou Roberta.<\/p>\n<p>&#13;<\/p>\n<p>O primeiro drive-thru ser\u00e1 na semana que vem, dia 8 de maio, em frente da Padaria T\u00f3kio, no Parque Nossa Senhora das Dores. J\u00e1 o dia D est\u00e1 marcado para 25 de maio, na Via Martim Lutero, na rotat\u00f3ria do Bairro dos Pires (entre Pires de Cima e Pires de Baixo). O t\u00e9rmino das campanhas ser\u00e1 em 10 de julho.<\/p>\n<p>&#13;<\/p>\n<p>Erika Tank destacou a import\u00e2ncia da rede de volunt\u00e1rios e colaboradores nas campanhas. Os agentes de controle de zoonoses ir\u00e3o distribuir folhetos durante os mutir\u00f5es contra a dengue. J\u00e1 os grupos \u201cEscoteiro Limeira\u201d e \u201cEscoteiros Tatuibi\u201d v\u00e3o atuar no dia D. E a exemplo de edi\u00e7\u00f5es passadas, os atiradores do Tiro de Guerra far\u00e3o a entrega de panfletos nos locais de drive-thru, al\u00e9m de auxiliar na triagem das pe\u00e7as. \u201cMais uma vez recebemos o chamado para fazer o bem\u201d, afirmou. \u201cEspero que os parceiros se multipliquem para alcan\u00e7armos o maior n\u00famero poss\u00edvel doa\u00e7\u00f5es, e assim, seguir cuidando\u201d, complementou a vice-prefeita.<\/p>\n<p>&#13;<\/p>\n<p>\u00a0<\/p>\n<p>&#13;<\/p>\n<p><strong>DESCARTE ZERO<\/strong><\/p>\n<p>&#13;<\/p>\n<p>O baixo \u00edndice de descarte da campanha do ano passado, de apenas 212 pe\u00e7as, foi observado por Botion. Ele relembrou que, no primeiro ano de campanha, o \u00edndice chegava a 25%. Por\u00e9m, ap\u00f3s a reestrutura\u00e7\u00e3o do sistema de arrecada\u00e7\u00e3o, idealizada pela presidente do Fundo Social, o \u00edndice chegou a quase zero no ano passado. \u201cAs pessoas atualmente t\u00eam olhar mais apurado para escolher o que ser\u00e1 doado, verificando se a pe\u00e7a est\u00e1 em bom estado\u201d, frisou. O prefeito ainda parabenizou Roberta Botion pela dedica\u00e7\u00e3o \u00e0 campanha e pela articula\u00e7\u00e3o dos parceiros.<\/p>\n<p>&#13;<\/p>\n<p>Ao congratular todos os envolvidos, Lu Bogo falou sobre o \u201colhar de solidariedade\u201d presente nas campanhas. \u201cDa mesma forma que fam\u00edlias em situa\u00e7\u00e3o de vulnerabilidade social precisam dividir um cobertor, h\u00e1 pessoas que podem doar\u201d, relatou.<\/p>\n<p>&#13;<\/p>\n<p>Tamb\u00e9m prestigiaram o evento, a presidente do Ceprosom, Maria Auc\u00e9lia Damaceno, os secret\u00e1rios Reinaldo Buck Belussi\u00a0(Meio Ambiente e Agricultura) e S\u00e9rgio Moreira (Comunica\u00e7\u00e3o Social), o subtenente Eliezer Orlandi, chefe da instru\u00e7\u00e3o do Tiro de Guerra, o primeiro-sargento e instrutor do Tiro de Guerra, Renato Santos de Paula, e ainda, Jo\u00e3o da Cunha Barbosa (CCS), Jo\u00e3o Pedro Sierra (West Farm), Dayse Albertine (Escoteiros Tatuibi), Angelo Combrino e Rosangela Bezerra (Escoteiro Limeira), Luciane Sampaio (Gpac), Edson Ricardo (igreja Sara Nossa Terra), entre outros.<\/p>\n<p>&#13;<\/p>\n<p>\u00a0<\/p>\n<p>&#13;<\/p>\n<p><strong>AGASALHO PET<\/strong><\/p>\n<p>&#13;<\/p>\n<p>Lan\u00e7ada no ano passado, a Campanha do Agasalho PET arrecadou at\u00e9 o momento, 6 toneladas de ra\u00e7\u00e3o e mais de mil pe\u00e7as, entre roupinhas e camas para c\u00e3es e gatos. A iniciativa tem o envolvimento da Secretaria de Meio Ambiente e Agricultura, cl\u00ednicas veterin\u00e1rias, petshops e casas agr\u00edcolas.<\/p>\n<p>&#13;<\/p>\n<p>\u00a0<\/p>\n<p>&#13;<\/p>\n<p><strong>SERVI\u00c7O:<\/strong><\/p>\n<p>&#13;<\/p>\n<p>Informa\u00e7\u00f5es completas das campanhas podem ser acessadas por meio dos links:<\/p>\n<p>&#13;<\/p>\n<p>\u00a0<\/p>\n<p>&#13;<\/p>\n<p><a href=\"http:\/\/www.limeira.sp.gov.br\/campanhadoagasalho\" rel=\"noopener\"><u>www.limeira.sp.gov.br\/campanhadoagasalho<\/u><\/a><\/p>\n<p>&#13;<\/p>\n<p>\u00a0<\/p>\n<p>&#13;<\/p>\n<p>www.limeira.sp.gov.br\/campanhadoagasalhopet<\/p>\n<p>&#13;<\/p>\n<p>\u00a0<\/p>\n<p>&#13;<\/p>\n<p>\u00a0<\/p>\n<p>&#13;<br \/>\n&#13;<br \/>\n&#13;<br \/>\n&#13;<\/p>\n<aside class=\"list-related no-print\">&#13;<br \/>\n        &#13;<br \/>\n&#13;<\/p>\n<article class=\"list-item noticias \">&#13;<br \/>\n                    <a class=\"list-item__img\" href=\"https:\/\/limeira.sp.gov.br\/imprensa\/noticias\/ceprosom\/ceprosom-recebe-visita-de-estudantes-da-sao-leopoldo-mandic\" tabindex=\"-1\" aria-hidden=\"true\" rel=\"noopener\">&#13;<br \/>\n                        <img data-recalc-dims=\"1\" decoding=\"async\" src=\"https:\/\/i0.wp.com\/ecrie.com.br\/sistema\/conteudos\/imagem\/m_137_0_1_30042024171655.jpg?w=696&#038;ssl=1\" alt=\"Ceprosom recebe visita de estudantes da S\u00e3o Leopoldo Mandic\"\/>&#13;<br \/>\n                    <\/a>&#13;<br \/>\n&#13;<br \/>\n                &#13;<br \/>\n            <\/article>\n<p>&#13;<\/p>\n<article class=\"list-item noticias \">&#13;<br \/>\n                    <a class=\"list-item__img\" href=\"https:\/\/limeira.sp.gov.br\/imprensa\/noticias\/saude\/vacina-contra-hpv-e-ampliada-e-segue-disponivel-em-16-pontos\" tabindex=\"-1\" aria-hidden=\"true\" rel=\"noopener\">&#13;<br \/>\n                        <img data-recalc-dims=\"1\" decoding=\"async\" src=\"https:\/\/i0.wp.com\/ecrie.com.br\/sistema\/conteudos\/imagem\/m_137_0_1_04112023092716.jpg?w=696&#038;ssl=1\" alt=\"Vacina contra HPV \u00e9 ampliada e segue dispon\u00edvel em 16 pontos\"\/>&#13;<br \/>\n                    <\/a>&#13;<br \/>\n&#13;<br \/>\n                &#13;<br \/>\n            <\/article>\n<p>&#13;<\/p>\n<article class=\"list-item noticias \">&#13;<br \/>\n                    <a class=\"list-item__img\" href=\"https:\/\/limeira.sp.gov.br\/imprensa\/noticias\/saude\/ubs-dores-2-altera-horario-de-funcionamento-na-sexta-feira-para-desinsetizacao\" tabindex=\"-1\" aria-hidden=\"true\" rel=\"noopener\">&#13;<br \/>\n                        <img data-recalc-dims=\"1\" decoding=\"async\" src=\"https:\/\/i0.wp.com\/ecrie.com.br\/sistema\/conteudos\/imagem\/m_137_0_1_30042024153755.jpg?w=696&#038;ssl=1\" alt=\"UBS Dores 2 altera hor\u00e1rio de funcionamento na sexta-feira para desinsetiza\u00e7\u00e3o\"\/>&#13;<br \/>\n                    <\/a>&#13;<br \/>\n&#13;<br \/>\n                &#13;<br \/>\n            <\/article>\n<p>&#13;<br \/>\n    <\/aside>\n<p>&#13;<br \/>\n&#13;\n            <\/p><\/div>\n<p><br \/>\n<br \/><a href=\"https:\/\/limeira.sp.gov.br\/com-mais-de-120-pontos-de-coleta-campanhas-do-agasalho-e-agasalho-pet-sao-lancadas-em-limeira\" rel=\"noopener\">Informa\u00e7\u00f5es da PML <\/a><\/p>\n","protected":false},"excerpt":{"rendered":"<p>&#13; &#13; &#13; &#13; &#13; &#13; &#13; \u201cO agasalho que voc\u00ea doa, aquece quem precisa\u201d. Esse \u00e9 o slogan da Campanha do Agasalho 2024, lan\u00e7ada nesta ter\u00e7a-feira (30) pelo Fundo Social, Prefeitura de Limeira e Central de Volunt\u00e1rios. Simultaneamente, houve o lan\u00e7amento da Campanha do Agasalho PET, que receber\u00e1 doa\u00e7\u00f5es de roupinhas, cobertores, guias, coleiras [&hellip;]<\/p>\n","protected":false},"author":1,"featured_media":3254,"comment_status":"open","ping_status":"open","sticky":false,"template":"","format":"standard","meta":{"_jetpack_newsletter_access":"","_jetpack_dont_email_post_to_subs":false,"_jetpack_newsletter_tier_id":0,"_jetpack_memberships_contains_paywalled_content":false,"_mbp_banners":[],"_jetpack_feature_clip_id":0,"_jetpack_memberships_contains_paid_content":false,"footnotes":"","jetpack_publicize_message":"","jetpack_publicize_feature_enabled":true,"jetpack_social_post_already_shared":true,"jetpack_social_options":{"image_generator_settings":{"template":"highway","default_image_id":0,"font":"","enabled":false},"version":2},"jetpack_post_was_ever_published":false},"categories":[16],"tags":[],"class_list":["post-3253","post","type-post","status-publish","format-standard","has-post-thumbnail","category-local"],"jetpack_publicize_connections":[],"jetpack-related-posts":[],"jetpack_shortlink":"https:\/\/wp.me\/p7Eq1F-Qt","jetpack_sharing_enabled":true,"jetpack_featured_media_url":"https:\/\/i0.wp.com\/guialimeira.com.br\/news\/wp-content\/uploads\/2024\/04\/m_137_0_1_30042024173201.jpg?fit=1280%2C852&ssl=1","_links":{"self":[{"href":"https:\/\/guialimeira.com.br\/news\/wp-json\/wp\/v2\/posts\/3253","targetHints":{"allow":["GET"]}}],"collection":[{"href":"https:\/\/guialimeira.com.br\/news\/wp-json\/wp\/v2\/posts"}],"about":[{"href":"https:\/\/guialimeira.com.br\/news\/wp-json\/wp\/v2\/types\/post"}],"author":[{"embeddable":true,"href":"https:\/\/guialimeira.com.br\/news\/wp-json\/wp\/v2\/users\/1"}],"replies":[{"embeddable":true,"href":"https:\/\/guialimeira.com.br\/news\/wp-json\/wp\/v2\/comments?post=3253"}],"version-history":[{"count":0,"href":"https:\/\/guialimeira.com.br\/news\/wp-json\/wp\/v2\/posts\/3253\/revisions"}],"wp:featuredmedia":[{"embeddable":true,"href":"https:\/\/guialimeira.com.br\/news\/wp-json\/wp\/v2\/media\/3254"}],"wp:attachment":[{"href":"https:\/\/guialimeira.com.br\/news\/wp-json\/wp\/v2\/media?parent=3253"}],"wp:term":[{"taxonomy":"category","embeddable":true,"href":"https:\/\/guialimeira.com.br\/news\/wp-json\/wp\/v2\/categories?post=3253"},{"taxonomy":"post_tag","embeddable":true,"href":"https:\/\/guialimeira.com.br\/news\/wp-json\/wp\/v2\/tags?post=3253"}],"curies":[{"name":"wp","href":"https:\/\/api.w.org\/{rel}","templated":true}]}}