{"id":32515,"date":"2025-05-07T18:08:39","date_gmt":"2025-05-07T21:08:39","guid":{"rendered":"https:\/\/guialimeira.com.br\/2025\/05\/07\/selecao-feminina-sera-convocada-na-terca-para-amistosos-contra-o-japao\/"},"modified":"2025-05-07T18:08:39","modified_gmt":"2025-05-07T21:08:39","slug":"selecao-feminina-sera-convocada-na-terca-para-amistosos-contra-o-japao","status":"publish","type":"post","link":"https:\/\/guialimeira.com.br\/news\/selecao-feminina-sera-convocada-na-terca-para-amistosos-contra-o-japao\/","title":{"rendered":"Sele\u00e7\u00e3o feminina ser\u00e1 convocada na ter\u00e7a para amistosos contra o Jap\u00e3o"},"content":{"rendered":"<p> <br \/>\n<\/p>\n<div>\n<p>O t\u00e9cnico Arthur Elias convocar\u00e1 a sele\u00e7\u00e3o brasileira feminina de futebol na pr\u00f3xima ter\u00e7a-feira (13) para dois amistosos contra o Jap\u00e3o, que far\u00e3o parte da prepara\u00e7\u00e3o da equipe para a Copa Am\u00e9rica, principal competi\u00e7\u00e3o do ano.\u00a0Os nomes das jogadoras ser\u00e3o revelados a partir de meio-dia (hor\u00e1rio de Bras\u00edlia), com transmiss\u00e3o ao vivo na <a href=\"https:\/\/www.youtube.com\/@CBF\/streams\" rel=\"noopener\"><strong>CBF TV.<\/strong><\/a> \u00a0As duas partidas ocorrer\u00e3o em S\u00e3o Paulo: a primeira em 30 de maio, \u00e0s 21h30 (hor\u00e1rio de Bras\u00edlia), na Neo Qu\u00edmica Arena, na zona leste da capital; e a \u00a0segunda, em 2 de junho, \u00e0s 20h, no rec\u00e9m-reformado Est\u00e1dio Cicero de Souza Marques, na cidade de \u00a0Bragan\u00e7a Paulista.<img data-recalc-dims=\"1\" decoding=\"async\" src=\"https:\/\/i0.wp.com\/agenciabrasil.ebc.com.br\/ebc.png?w=696&#038;ssl=1\" style=\"width:1px; height:1px; display:inline;\"\/><img data-recalc-dims=\"1\" decoding=\"async\" src=\"https:\/\/i0.wp.com\/agenciabrasil.ebc.com.br\/ebc.gif?w=696&#038;ssl=1\" style=\"width:1px; height:1px; display:inline;\"\/><\/p>\n<p>A equipe japonesa subiu para a quinta posi\u00e7\u00e3o no ranking mundial da Fifa, ap\u00f3s conquistar o t\u00edtulo da She Believes Cup em fevereiro, com vit\u00f3ria na final contra os Estados Unidos (2 a 1). \u00a0A sele\u00e7\u00e3o (8\u00aa) chegar\u00e1 com moral alto na partida: em abril, as brasileiras obtiveram uma vit\u00f3ria hist\u00f3rica (2 a 1) contra as norte-americanas, no estado da Calif\u00f3rnia (EUA).<\/p>\n<p>Brasil e Jap\u00e3o j\u00e1 se enfrentaram em 16 oportunidades. As asi\u00e1ticas somam sete vit\u00f3rias contra seis das brasileiras. Tr\u00eas confrontos terminaram empatados.<\/p>\n<p>A sele\u00e7\u00e3o finaliza a prepara\u00e7\u00e3o para a Copa Am\u00e9rica em 27 de junho, em amistoso contra a Fran\u00e7a, atual n\u00famero nove do mundo, no Est\u00e1dio dos Alpes, na cidade de Grenoble. Ser\u00e1 o primeiro embate entre as duas equipes desde a elimina\u00e7\u00e3o das francesas nas quartas de final da Olimp\u00edada de Paris, em agosto do ano passado. Gabi Portilho marcou o \u00fanico gol da vit\u00f3ria in\u00e9dita da Amarelinha contra as Les Bleus.<\/p>\n<p>A Copa Am\u00e9rica est\u00e1 programada para o per\u00edodo de\u00a012 de julho a 2 de agosto, no Equador. <a href=\"https:\/\/agenciabrasil.ebc.com.br\/esportes\/noticia\/2024-12\/conmebol-define-grupos-da-copa-america-feminina-2025-no-equador\" rel=\"noopener\"><strong>O Brasil, atual campe\u00e3o, caiu na Chave B<\/strong><\/a>, junto com\u00a0Col\u00f4mbia &#8211;\u00a0rival derrotada na final na edi\u00e7\u00e3o passada (2022) -, Paraguai, Venezuela e Bol\u00edvia.\u00a0<\/p>\n<p>      <!-- Relacionada --><\/p>\n<p>            <!-- Relacionada -->\n    <\/div>\n<p><br \/>\n<br \/><a href=\"https:\/\/agenciabrasil.ebc.com.br\/esportes\/noticia\/2025-05\/selecao-feminina-sera-convocada-na-terca-para-amistosos-contra-o-japao\" rel=\"noopener\">Ag\u00eancia Brasil<\/a><\/p>\n","protected":false},"excerpt":{"rendered":"<p>O t\u00e9cnico Arthur Elias convocar\u00e1 a sele\u00e7\u00e3o brasileira feminina de futebol na pr\u00f3xima ter\u00e7a-feira (13) para dois amistosos contra o Jap\u00e3o, que far\u00e3o parte da prepara\u00e7\u00e3o da equipe para a Copa Am\u00e9rica, principal competi\u00e7\u00e3o do ano.\u00a0Os nomes das jogadoras ser\u00e3o revelados a partir de meio-dia (hor\u00e1rio de Bras\u00edlia), com transmiss\u00e3o ao vivo na CBF TV. [&hellip;]<\/p>\n","protected":false},"author":1,"featured_media":32516,"comment_status":"open","ping_status":"open","sticky":false,"template":"","format":"standard","meta":{"_jetpack_newsletter_access":"","_jetpack_dont_email_post_to_subs":false,"_jetpack_newsletter_tier_id":0,"_jetpack_memberships_contains_paywalled_content":false,"_mbp_banners":[],"_jetpack_feature_clip_id":0,"_jetpack_memberships_contains_paid_content":false,"footnotes":"","jetpack_publicize_message":"","jetpack_publicize_feature_enabled":true,"jetpack_social_post_already_shared":true,"jetpack_social_options":{"image_generator_settings":{"template":"highway","default_image_id":0,"font":"","enabled":false},"version":2},"jetpack_post_was_ever_published":false},"categories":[23],"tags":[],"class_list":["post-32515","post","type-post","status-publish","format-standard","has-post-thumbnail","category-esportes"],"jetpack_publicize_connections":[],"jetpack-related-posts":[],"jetpack_shortlink":"https:\/\/wp.me\/p7Eq1F-8sr","jetpack_sharing_enabled":true,"jetpack_featured_media_url":"https:\/\/i0.wp.com\/guialimeira.com.br\/news\/wp-content\/uploads\/2025\/05\/selecao_feminina_abril_2025_2_a_1_eua.jpg?fit=1600%2C800&ssl=1","_links":{"self":[{"href":"https:\/\/guialimeira.com.br\/news\/wp-json\/wp\/v2\/posts\/32515","targetHints":{"allow":["GET"]}}],"collection":[{"href":"https:\/\/guialimeira.com.br\/news\/wp-json\/wp\/v2\/posts"}],"about":[{"href":"https:\/\/guialimeira.com.br\/news\/wp-json\/wp\/v2\/types\/post"}],"author":[{"embeddable":true,"href":"https:\/\/guialimeira.com.br\/news\/wp-json\/wp\/v2\/users\/1"}],"replies":[{"embeddable":true,"href":"https:\/\/guialimeira.com.br\/news\/wp-json\/wp\/v2\/comments?post=32515"}],"version-history":[{"count":0,"href":"https:\/\/guialimeira.com.br\/news\/wp-json\/wp\/v2\/posts\/32515\/revisions"}],"wp:featuredmedia":[{"embeddable":true,"href":"https:\/\/guialimeira.com.br\/news\/wp-json\/wp\/v2\/media\/32516"}],"wp:attachment":[{"href":"https:\/\/guialimeira.com.br\/news\/wp-json\/wp\/v2\/media?parent=32515"}],"wp:term":[{"taxonomy":"category","embeddable":true,"href":"https:\/\/guialimeira.com.br\/news\/wp-json\/wp\/v2\/categories?post=32515"},{"taxonomy":"post_tag","embeddable":true,"href":"https:\/\/guialimeira.com.br\/news\/wp-json\/wp\/v2\/tags?post=32515"}],"curies":[{"name":"wp","href":"https:\/\/api.w.org\/{rel}","templated":true}]}}