{"id":32508,"date":"2025-05-07T16:57:03","date_gmt":"2025-05-07T19:57:03","guid":{"rendered":"https:\/\/guialimeira.com.br\/2025\/05\/07\/fumaca-preta-cardeais-ainda-nao-escolheram-papa\/"},"modified":"2025-05-07T16:57:03","modified_gmt":"2025-05-07T19:57:03","slug":"fumaca-preta-cardeais-ainda-nao-escolheram-papa","status":"publish","type":"post","link":"https:\/\/guialimeira.com.br\/news\/fumaca-preta-cardeais-ainda-nao-escolheram-papa\/","title":{"rendered":"Fuma\u00e7a preta: cardeais ainda n\u00e3o escolheram papa"},"content":{"rendered":"<p> <br \/>\n<\/p>\n<div>\n<p>O <strong>Vaticano informou h\u00e1 pouco que o novo papa ainda n\u00e3o foi escolhido<\/strong>. A <strong>fuma\u00e7a preta saiu da chamin\u00e9 acima da Capela Sistina,\u00a0indicando votos inconclusivos.<\/strong>\u00a0<img data-recalc-dims=\"1\" decoding=\"async\" src=\"https:\/\/i0.wp.com\/agenciabrasil.ebc.com.br\/ebc.png?w=696&#038;ssl=1\" style=\"width:1px; height:1px; display:inline;\"\/><img data-recalc-dims=\"1\" decoding=\"async\" src=\"https:\/\/i0.wp.com\/agenciabrasil.ebc.com.br\/ebc.gif?w=696&#038;ssl=1\" style=\"width:1px; height:1px; display:inline;\"\/><\/p>\n<p>O<strong> conclave<\/strong>,\u00a0reuni\u00e3o dos\u00a0cardeais cat\u00f3licos para eleger o 267\u00ba papa da Igreja, <strong>teve in\u00edcio nesta quarta-feira (7)<\/strong>. Como n\u00e3o houve decis\u00e3o, continuar\u00e1 nesta quinta-feira (8).<\/p>\n<p>Os <strong>cardeais d\u00e3o seus votos em pap\u00e9is impressos<\/strong> com a frase em latim\u00a0Eligo in Summum Pontificem\u00a0(Elejo como Sumo Pont\u00edfice, em portugu\u00eas).<\/p>\n<p>As <strong>c\u00e9dulas s\u00e3o reunidas e queimadas no final das sess\u00f5es da manh\u00e3 e da tarde<\/strong>, que <strong>resultam na fuma\u00e7a<\/strong>.<\/p>\n<p>O <strong>novo papa<\/strong> a ser escolhido\u00a0<strong>ser\u00e1\u00a0sucessor\u00a0de Francisco, que faleceu no \u00faltimo dia 21 de abril<\/strong>.<\/p>\n<p><a href=\"https:\/\/www.whatsapp.com\/channel\/0029VaoRTgrInlqYLSk59B2M\" target=\"_blank\" rel=\"noopener\">&gt;&gt; Siga o canal da <strong>Ag\u00eancia Brasil <\/strong>no WhatsApp<\/a><\/p>\n<p>      <!-- Relacionada --><\/p>\n<p>            <!-- Relacionada -->\n    <\/div>\n<p><br \/>\n<br \/><a href=\"https:\/\/agenciabrasil.ebc.com.br\/internacional\/noticia\/2025-05\/fumaca-preta-cardeais-ainda-nao-escolheram-papa\" rel=\"noopener\">Ag\u00eancia Brasil <\/a><\/p>\n","protected":false},"excerpt":{"rendered":"<p>O Vaticano informou h\u00e1 pouco que o novo papa ainda n\u00e3o foi escolhido. A fuma\u00e7a preta saiu da chamin\u00e9 acima da Capela Sistina,\u00a0indicando votos inconclusivos.\u00a0 O conclave,\u00a0reuni\u00e3o dos\u00a0cardeais cat\u00f3licos para eleger o 267\u00ba papa da Igreja, teve in\u00edcio nesta quarta-feira (7). Como n\u00e3o houve decis\u00e3o, continuar\u00e1 nesta quinta-feira (8). Os cardeais d\u00e3o seus votos em [&hellip;]<\/p>\n","protected":false},"author":1,"featured_media":32509,"comment_status":"open","ping_status":"open","sticky":false,"template":"","format":"standard","meta":{"_jetpack_newsletter_access":"","_jetpack_dont_email_post_to_subs":false,"_jetpack_newsletter_tier_id":0,"_jetpack_memberships_contains_paywalled_content":false,"_mbp_banners":[],"_jetpack_feature_clip_id":0,"_jetpack_memberships_contains_paid_content":false,"footnotes":"","jetpack_publicize_message":"","jetpack_publicize_feature_enabled":true,"jetpack_social_post_already_shared":true,"jetpack_social_options":{"image_generator_settings":{"template":"highway","default_image_id":0,"font":"","enabled":false},"version":2},"jetpack_post_was_ever_published":false},"categories":[25],"tags":[],"class_list":["post-32508","post","type-post","status-publish","format-standard","has-post-thumbnail","category-internacional"],"jetpack_publicize_connections":[],"jetpack-related-posts":[],"jetpack_shortlink":"https:\/\/wp.me\/p7Eq1F-8sk","jetpack_sharing_enabled":true,"jetpack_featured_media_url":"https:\/\/i0.wp.com\/guialimeira.com.br\/news\/wp-content\/uploads\/2025\/05\/2025-05-07t190315z_1171517946_rc27deakrlit_rtrmadp_3_pope-succession_2.jpg?fit=1600%2C800&ssl=1","_links":{"self":[{"href":"https:\/\/guialimeira.com.br\/news\/wp-json\/wp\/v2\/posts\/32508","targetHints":{"allow":["GET"]}}],"collection":[{"href":"https:\/\/guialimeira.com.br\/news\/wp-json\/wp\/v2\/posts"}],"about":[{"href":"https:\/\/guialimeira.com.br\/news\/wp-json\/wp\/v2\/types\/post"}],"author":[{"embeddable":true,"href":"https:\/\/guialimeira.com.br\/news\/wp-json\/wp\/v2\/users\/1"}],"replies":[{"embeddable":true,"href":"https:\/\/guialimeira.com.br\/news\/wp-json\/wp\/v2\/comments?post=32508"}],"version-history":[{"count":0,"href":"https:\/\/guialimeira.com.br\/news\/wp-json\/wp\/v2\/posts\/32508\/revisions"}],"wp:featuredmedia":[{"embeddable":true,"href":"https:\/\/guialimeira.com.br\/news\/wp-json\/wp\/v2\/media\/32509"}],"wp:attachment":[{"href":"https:\/\/guialimeira.com.br\/news\/wp-json\/wp\/v2\/media?parent=32508"}],"wp:term":[{"taxonomy":"category","embeddable":true,"href":"https:\/\/guialimeira.com.br\/news\/wp-json\/wp\/v2\/categories?post=32508"},{"taxonomy":"post_tag","embeddable":true,"href":"https:\/\/guialimeira.com.br\/news\/wp-json\/wp\/v2\/tags?post=32508"}],"curies":[{"name":"wp","href":"https:\/\/api.w.org\/{rel}","templated":true}]}}