{"id":3246,"date":"2024-04-30T19:29:47","date_gmt":"2024-04-30T22:29:47","guid":{"rendered":"https:\/\/guialimeira.com.br\/2024\/04\/30\/atletas-do-karate-conquistam-medalhas\/"},"modified":"2024-04-30T19:29:47","modified_gmt":"2024-04-30T22:29:47","slug":"atletas-do-karate-conquistam-medalhas","status":"publish","type":"post","link":"https:\/\/guialimeira.com.br\/news\/atletas-do-karate-conquistam-medalhas\/","title":{"rendered":"Atletas do Karat\u00ea conquistam medalhas&#8230;"},"content":{"rendered":"<p> <br \/>\n<\/p>\n<div>\n<p>No \u00faltimo domingo, dia 28, a equipe de karat\u00ea de Iracem\u00e1polis participou da 3\u00aa Etapa do Circuito ACAK, realizado em Monte Mor. O evento contou com 431 atletas de toda regi\u00e3o. Nossos atletas disputaram nas modalidades Shia-Kumite (luta) e Kata (demonstra\u00e7\u00e3o),<\/p>\n<p>Destaque para:<\/p>\n<p>\u2013 Hiago Oliveira da Silva campe\u00e3o no shiai-kumite;<br \/>&#13;<br \/>\n&#8211; Jo\u00e3o Vitor Vitoriano campe\u00e3o no shiai-kumite;<br \/>&#13;<br \/>\n&#8211; Laura Campos de Toledo bronze no kata;<br \/>&#13;<br \/>\n&#8211; Taciana da Silva Miranda prata no shiai-kumite,<br \/>&#13;<br \/>\n&#8211; Alice Vit\u00f3ria Vitoriano bronze no shiai-kumite;<br \/>&#13;<br \/>\n&#8211; Jo\u00e3o Vitor de Souza Almeida bronze no shiai-Kumite;<br \/>&#13;<br \/>\n&#8211; Erick Leonardo Hung Lai medalha de prata no shiai-kumite;<br \/>&#13;<br \/>\n&#8211; Beatriz Jorge da Silva bronze no kata;<br \/>&#13;<br \/>\n&#8211; Cau\u00e3 Henrique Aguiar medalha de prata no shiai-kumite.<\/p>\n<p>Tamb\u00e9m participaram da competi\u00e7\u00e3o: Isaac Vitoriano, Arthur Graciano da Silva Ribeiro, Davi Miguel, Mirela Eug\u00eanio, Lorenzo de Andrade Reis, Luiz Guilherme da Silva e Alexandre Lai.<\/p>\n<p>Estiveram presentes acompanhando a equipe, a t\u00e9cnica\/sensei Nat\u00e1lia Brozulatto, Hernani Ver\u00edssimo e Diego Spigolon.<\/p>\n<\/p><\/div>\n<p><br \/>\n<br \/><a href=\"https:\/\/www.iracemapolis.sp.gov.br\/portal\/noticias\/0\/3\/2178\/atletas-do-karate-conquistam-medalhas-em-etapa-do-circuito-acak\/\" rel=\"noopener\">Informa\u00e7\u00f5es PMI<\/a><\/p>\n","protected":false},"excerpt":{"rendered":"<p>No \u00faltimo domingo, dia 28, a equipe de karat\u00ea de Iracem\u00e1polis participou da 3\u00aa Etapa do Circuito ACAK, realizado em Monte Mor. O evento contou com 431 atletas de toda regi\u00e3o. Nossos atletas disputaram nas modalidades Shia-Kumite (luta) e Kata (demonstra\u00e7\u00e3o), Destaque para: \u2013 Hiago Oliveira da Silva campe\u00e3o no shiai-kumite;&#13; &#8211; Jo\u00e3o Vitor Vitoriano [&hellip;]<\/p>\n","protected":false},"author":1,"featured_media":3247,"comment_status":"open","ping_status":"open","sticky":false,"template":"","format":"standard","meta":{"_jetpack_newsletter_access":"","_jetpack_dont_email_post_to_subs":false,"_jetpack_newsletter_tier_id":0,"_jetpack_memberships_contains_paywalled_content":false,"_mbp_banners":[],"_jetpack_feature_clip_id":0,"_jetpack_memberships_contains_paid_content":false,"footnotes":"","jetpack_publicize_message":"","jetpack_publicize_feature_enabled":true,"jetpack_social_post_already_shared":true,"jetpack_social_options":{"image_generator_settings":{"template":"highway","default_image_id":0,"font":"","enabled":false},"version":2},"jetpack_post_was_ever_published":false},"categories":[20],"tags":[],"class_list":["post-3246","post","type-post","status-publish","format-standard","has-post-thumbnail","category-regiao"],"jetpack_publicize_connections":[],"jetpack-related-posts":[],"jetpack_shortlink":"https:\/\/wp.me\/p7Eq1F-Qm","jetpack_sharing_enabled":true,"jetpack_featured_media_url":"https:\/\/i0.wp.com\/guialimeira.com.br\/news\/wp-content\/uploads\/2024\/04\/db3320e913002bf1e203dde5eca77edd.jpg?fit=800%2C600&ssl=1","_links":{"self":[{"href":"https:\/\/guialimeira.com.br\/news\/wp-json\/wp\/v2\/posts\/3246","targetHints":{"allow":["GET"]}}],"collection":[{"href":"https:\/\/guialimeira.com.br\/news\/wp-json\/wp\/v2\/posts"}],"about":[{"href":"https:\/\/guialimeira.com.br\/news\/wp-json\/wp\/v2\/types\/post"}],"author":[{"embeddable":true,"href":"https:\/\/guialimeira.com.br\/news\/wp-json\/wp\/v2\/users\/1"}],"replies":[{"embeddable":true,"href":"https:\/\/guialimeira.com.br\/news\/wp-json\/wp\/v2\/comments?post=3246"}],"version-history":[{"count":0,"href":"https:\/\/guialimeira.com.br\/news\/wp-json\/wp\/v2\/posts\/3246\/revisions"}],"wp:featuredmedia":[{"embeddable":true,"href":"https:\/\/guialimeira.com.br\/news\/wp-json\/wp\/v2\/media\/3247"}],"wp:attachment":[{"href":"https:\/\/guialimeira.com.br\/news\/wp-json\/wp\/v2\/media?parent=3246"}],"wp:term":[{"taxonomy":"category","embeddable":true,"href":"https:\/\/guialimeira.com.br\/news\/wp-json\/wp\/v2\/categories?post=3246"},{"taxonomy":"post_tag","embeddable":true,"href":"https:\/\/guialimeira.com.br\/news\/wp-json\/wp\/v2\/tags?post=3246"}],"curies":[{"name":"wp","href":"https:\/\/api.w.org\/{rel}","templated":true}]}}