{"id":32455,"date":"2025-05-07T05:30:14","date_gmt":"2025-05-07T08:30:14","guid":{"rendered":"https:\/\/guialimeira.com.br\/?p=32455"},"modified":"2025-05-07T05:30:17","modified_gmt":"2025-05-07T08:30:17","slug":"prefeitura-de-limeira-abre-sindicancia-para-apurar-sumico-de-bens-em-centro-infantil","status":"publish","type":"post","link":"https:\/\/guialimeira.com.br\/news\/prefeitura-de-limeira-abre-sindicancia-para-apurar-sumico-de-bens-em-centro-infantil\/","title":{"rendered":"Prefeitura de Limeira abre sindic\u00e2ncia para apurar sumi\u00e7o de bens em Centro Infantil"},"content":{"rendered":"\n<p class=\"wp-block-paragraph\">A Prefeitura Municipal de Limeira instaurou, por meio da <strong>Portaria n\u00ba 867\/2025<\/strong>, uma sindic\u00e2ncia para investigar o desaparecimento de diversos bens p\u00fablicos no <strong>Centro Infantil Jo\u00e3o Ari Casou<\/strong>, vinculado \u00e0 Secretaria Municipal de Educa\u00e7\u00e3o. A medida foi publicada no Jornal Oficial do Munic\u00edpio e est\u00e1 baseada no Processo Administrativo n\u00ba 2.562\/2025.<\/p>\n\n\n\n<p class=\"wp-block-paragraph\">Entre os itens listados como furtados est\u00e3o um r\u00e1dio port\u00e1til, uma batedeira, um televisor de 32 polegadas, uma cafeteira, tr\u00eas lixeiras, 30 metros de fio e cabo, al\u00e9m de produtos de higiene e limpeza. A ocorr\u00eancia foi registrada no 2\u00ba Distrito Policial de Limeira, nos boletins AL8750-2\/2025, datados de 10 e 24 de janeiro.<\/p>\n\n\n\n<h3 class=\"wp-block-heading\">Comiss\u00e3o investigativa definida<\/h3>\n\n\n\n<p class=\"wp-block-paragraph\">A comiss\u00e3o respons\u00e1vel pela apura\u00e7\u00e3o \u00e9 composta por tr\u00eas servidores: Marco Antonio Teixeira de Camargo Barhun (presidente), Sandrine Cristina Iba\u00f1es Rossini e Graziele Pedro Bom. Tamb\u00e9m foram designados dois suplentes para atua\u00e7\u00e3o nos impedimentos, al\u00e9m de autoriza\u00e7\u00e3o para dilig\u00eancias em outros \u00f3rg\u00e3os da administra\u00e7\u00e3o p\u00fablica, caso necess\u00e1rio.<\/p>\n\n\n\n<p class=\"wp-block-paragraph\">A sindic\u00e2ncia ser\u00e1 conduzida a partir da sede da Secretaria de Educa\u00e7\u00e3o, localizada na Rua Jo\u00e3o Kuhl Filho, s\/n, Vila S\u00e3o Jo\u00e3o. O prazo inicial para a conclus\u00e3o do processo \u00e9 de 60 dias, podendo ser prorrogado por igual per\u00edodo, mediante justificativa.<\/p>\n\n\n\n<h3 class=\"wp-block-heading\">Transpar\u00eancia e responsabilidade<\/h3>\n\n\n\n<p class=\"wp-block-paragraph\">O objetivo da investiga\u00e7\u00e3o \u00e9 identificar os respons\u00e1veis e apurar se houve <strong>falhas no controle de patrim\u00f4nio<\/strong>, <strong>neglig\u00eancia administrativa<\/strong> ou <strong>eventual responsabilidade de servidores<\/strong>. O caso refor\u00e7a a import\u00e2ncia de medidas preventivas e de fiscaliza\u00e7\u00e3o no uso do patrim\u00f4nio p\u00fablico.<\/p>\n\n\n\n<blockquote class=\"wp-block-quote is-layout-flow wp-block-quote-is-layout-flow\">\n<p class=\"wp-block-paragraph\">\u201cA apura\u00e7\u00e3o rigorosa desses fatos \u00e9 essencial para garantir a transpar\u00eancia e a integridade no servi\u00e7o p\u00fablico\u201d, afirma a gest\u00e3o municipal.<\/p>\n<\/blockquote>\n","protected":false},"excerpt":{"rendered":"<p>Entre os itens listados como furtados est\u00e3o um r\u00e1dio port\u00e1til, uma batedeira, um televisor de 32 polegadas, uma cafeteira, tr\u00eas lixeiras, 30 metros de fio e cabo, al\u00e9m de produtos de higiene e limpeza. A ocorr\u00eancia foi registrada no 2\u00ba Distrito Policial de Limeira, nos boletins AL8750-2\/2025, datados de 10 e 24 de janeiro.<\/p>\n","protected":false},"author":1,"featured_media":32456,"comment_status":"open","ping_status":"open","sticky":false,"template":"","format":"standard","meta":{"_jetpack_newsletter_access":"","_jetpack_dont_email_post_to_subs":false,"_jetpack_newsletter_tier_id":0,"_jetpack_memberships_contains_paywalled_content":false,"_mbp_banners":[],"_jetpack_feature_clip_id":0,"_jetpack_memberships_contains_paid_content":false,"footnotes":"","jetpack_publicize_message":"","jetpack_publicize_feature_enabled":true,"jetpack_social_post_already_shared":true,"jetpack_social_options":{"image_generator_settings":{"template":"highway","default_image_id":0,"font":"","enabled":false},"version":2},"jetpack_post_was_ever_published":false},"categories":[40,16],"tags":[],"class_list":["post-32455","post","type-post","status-publish","format-standard","has-post-thumbnail","category-educacao","category-local"],"jetpack_publicize_connections":[],"jetpack-related-posts":[],"jetpack_shortlink":"https:\/\/wp.me\/p7Eq1F-8rt","jetpack_sharing_enabled":true,"jetpack_featured_media_url":"https:\/\/i0.wp.com\/guialimeira.com.br\/news\/wp-content\/uploads\/2025\/05\/7-de-mai.-de-2025-05_29_18.png?fit=1536%2C1024&ssl=1","_links":{"self":[{"href":"https:\/\/guialimeira.com.br\/news\/wp-json\/wp\/v2\/posts\/32455","targetHints":{"allow":["GET"]}}],"collection":[{"href":"https:\/\/guialimeira.com.br\/news\/wp-json\/wp\/v2\/posts"}],"about":[{"href":"https:\/\/guialimeira.com.br\/news\/wp-json\/wp\/v2\/types\/post"}],"author":[{"embeddable":true,"href":"https:\/\/guialimeira.com.br\/news\/wp-json\/wp\/v2\/users\/1"}],"replies":[{"embeddable":true,"href":"https:\/\/guialimeira.com.br\/news\/wp-json\/wp\/v2\/comments?post=32455"}],"version-history":[{"count":1,"href":"https:\/\/guialimeira.com.br\/news\/wp-json\/wp\/v2\/posts\/32455\/revisions"}],"predecessor-version":[{"id":32457,"href":"https:\/\/guialimeira.com.br\/news\/wp-json\/wp\/v2\/posts\/32455\/revisions\/32457"}],"wp:featuredmedia":[{"embeddable":true,"href":"https:\/\/guialimeira.com.br\/news\/wp-json\/wp\/v2\/media\/32456"}],"wp:attachment":[{"href":"https:\/\/guialimeira.com.br\/news\/wp-json\/wp\/v2\/media?parent=32455"}],"wp:term":[{"taxonomy":"category","embeddable":true,"href":"https:\/\/guialimeira.com.br\/news\/wp-json\/wp\/v2\/categories?post=32455"},{"taxonomy":"post_tag","embeddable":true,"href":"https:\/\/guialimeira.com.br\/news\/wp-json\/wp\/v2\/tags?post=32455"}],"curies":[{"name":"wp","href":"https:\/\/api.w.org\/{rel}","templated":true}]}}