{"id":32449,"date":"2025-05-07T04:55:06","date_gmt":"2025-05-07T07:55:06","guid":{"rendered":"https:\/\/guialimeira.com.br\/?p=32449"},"modified":"2025-05-07T04:55:11","modified_gmt":"2025-05-07T07:55:11","slug":"frente-de-trabalho-e-sancionada-em-limeira-com-foco-no-combate-ao-desemprego-e-inclusao-social","status":"publish","type":"post","link":"https:\/\/guialimeira.com.br\/news\/frente-de-trabalho-e-sancionada-em-limeira-com-foco-no-combate-ao-desemprego-e-inclusao-social\/","title":{"rendered":"Frente de Trabalho \u00e9 sancionada em Limeira com foco no combate ao desemprego e inclus\u00e3o social"},"content":{"rendered":"\n<p class=\"wp-block-paragraph\">A Prefeitura de Limeira sancionou a <strong>Lei n\u00ba 7.119\/2025<\/strong>, que institui oficialmente o <strong>Programa Frente de Trabalho<\/strong>, uma iniciativa emergencial e assistencial voltada \u00e0 gera\u00e7\u00e3o de renda e inclus\u00e3o social para pessoas em situa\u00e7\u00e3o de vulnerabilidade. O projeto, de autoria do prefeito Murilo F\u00e9lix, tem execu\u00e7\u00e3o e fiscaliza\u00e7\u00e3o a cargo do CEPROSOM (Centro de Promo\u00e7\u00e3o Social Municipal).<\/p>\n\n\n\n<h4 class=\"wp-block-heading\"><strong>Aux\u00edlio e benef\u00edcios garantidos<\/strong><\/h4>\n\n\n\n<p class=\"wp-block-paragraph\">O programa garante aos participantes <strong>meio sal\u00e1rio m\u00ednimo mensal<\/strong> por at\u00e9 12 meses, al\u00e9m de <strong>cart\u00e3o alimenta\u00e7\u00e3o, vale transporte, seguro contra acidentes pessoais<\/strong> e os insumos necess\u00e1rios para a execu\u00e7\u00e3o das atividades. O objetivo \u00e9 oferecer uma alternativa tempor\u00e1ria para fam\u00edlias impactadas pelo desemprego.<\/p>\n\n\n\n<h4 class=\"wp-block-heading\"><strong>Quem tem prioridade no programa<\/strong><\/h4>\n\n\n\n<p class=\"wp-block-paragraph\">Ter\u00e3o prioridade no programa:<\/p>\n\n\n\n<ul class=\"wp-block-list\">\n<li>Fam\u00edlias com maior n\u00famero de dependentes;<\/li>\n\n\n\n<li>Pessoas com defici\u00eancia ou com idosos na fam\u00edlia;<\/li>\n\n\n\n<li>Mulheres v\u00edtimas de viol\u00eancia dom\u00e9stica;<\/li>\n\n\n\n<li>Pessoas em situa\u00e7\u00e3o de rua em acompanhamento social;<\/li>\n\n\n\n<li>Desempregados h\u00e1 mais tempo;<\/li>\n\n\n\n<li>Moradores antigos da cidade.<\/li>\n<\/ul>\n\n\n\n<h4 class=\"wp-block-heading\"><strong>Atividades e jornada<\/strong><\/h4>\n\n\n\n<p class=\"wp-block-paragraph\">Os benefici\u00e1rios trabalhar\u00e3o <strong>4 horas por dia, quatro dias por semana<\/strong>, com um dia reservado para <strong>qualifica\u00e7\u00e3o profissional ou ensino formal<\/strong>. As atividades envolvem jardinagem, limpeza urbana, apoio a equipamentos p\u00fablicos e fun\u00e7\u00f5es em \u00e1reas como com\u00e9rcio e servi\u00e7os.<\/p>\n\n\n\n<h4 class=\"wp-block-heading\"><strong>Meta de 150 vagas e acompanhamento social<\/strong><\/h4>\n\n\n\n<p class=\"wp-block-paragraph\">A lei estabelece um limite inicial de at\u00e9 <strong>150 vagas<\/strong>, respeitando a capacidade or\u00e7ament\u00e1ria. Cada caso ser\u00e1 acompanhado por equipe t\u00e9cnica do CEPROSOM, que far\u00e1 um relat\u00f3rio social e avaliar\u00e1 a necessidade de perman\u00eancia no programa a cada seis meses.<\/p>\n\n\n\n<h4 class=\"wp-block-heading\"><strong>Transi\u00e7\u00e3o para o mercado formal<\/strong><\/h4>\n\n\n\n<p class=\"wp-block-paragraph\">Participantes com potencial para o mercado de trabalho ser\u00e3o cadastrados e encaminhados a empresas parceiras para entrevistas de emprego, promovendo a <strong>reinser\u00e7\u00e3o produtiva<\/strong> e o fim do ciclo de depend\u00eancia assistencial.<\/p>\n","protected":false},"excerpt":{"rendered":"<p>O programa garante aos participantes meio sal\u00e1rio m\u00ednimo mensal por at\u00e9 12 meses, al\u00e9m de cart\u00e3o alimenta\u00e7\u00e3o, vale transporte, seguro contra acidentes pessoais e os insumos necess\u00e1rios para a execu\u00e7\u00e3o das atividades. O objetivo \u00e9 oferecer uma alternativa tempor\u00e1ria para fam\u00edlias impactadas pelo desemprego.<\/p>\n","protected":false},"author":1,"featured_media":32450,"comment_status":"open","ping_status":"open","sticky":false,"template":"","format":"standard","meta":{"_jetpack_newsletter_access":"","_jetpack_dont_email_post_to_subs":false,"_jetpack_newsletter_tier_id":0,"_jetpack_memberships_contains_paywalled_content":false,"_mbp_banners":[],"_jetpack_feature_clip_id":0,"_jetpack_memberships_contains_paid_content":false,"footnotes":"","jetpack_publicize_message":"","jetpack_publicize_feature_enabled":true,"jetpack_social_post_already_shared":true,"jetpack_social_options":{"image_generator_settings":{"template":"highway","default_image_id":0,"font":"","enabled":false},"version":2},"jetpack_post_was_ever_published":false},"categories":[17,16],"tags":[],"class_list":["post-32449","post","type-post","status-publish","format-standard","has-post-thumbnail","category-empregos","category-local"],"jetpack_publicize_connections":[],"jetpack-related-posts":[],"jetpack_shortlink":"https:\/\/wp.me\/p7Eq1F-8rn","jetpack_sharing_enabled":true,"jetpack_featured_media_url":"https:\/\/i0.wp.com\/guialimeira.com.br\/news\/wp-content\/uploads\/2025\/05\/img-emprego.png?fit=1024%2C1024&ssl=1","_links":{"self":[{"href":"https:\/\/guialimeira.com.br\/news\/wp-json\/wp\/v2\/posts\/32449","targetHints":{"allow":["GET"]}}],"collection":[{"href":"https:\/\/guialimeira.com.br\/news\/wp-json\/wp\/v2\/posts"}],"about":[{"href":"https:\/\/guialimeira.com.br\/news\/wp-json\/wp\/v2\/types\/post"}],"author":[{"embeddable":true,"href":"https:\/\/guialimeira.com.br\/news\/wp-json\/wp\/v2\/users\/1"}],"replies":[{"embeddable":true,"href":"https:\/\/guialimeira.com.br\/news\/wp-json\/wp\/v2\/comments?post=32449"}],"version-history":[{"count":1,"href":"https:\/\/guialimeira.com.br\/news\/wp-json\/wp\/v2\/posts\/32449\/revisions"}],"predecessor-version":[{"id":32451,"href":"https:\/\/guialimeira.com.br\/news\/wp-json\/wp\/v2\/posts\/32449\/revisions\/32451"}],"wp:featuredmedia":[{"embeddable":true,"href":"https:\/\/guialimeira.com.br\/news\/wp-json\/wp\/v2\/media\/32450"}],"wp:attachment":[{"href":"https:\/\/guialimeira.com.br\/news\/wp-json\/wp\/v2\/media?parent=32449"}],"wp:term":[{"taxonomy":"category","embeddable":true,"href":"https:\/\/guialimeira.com.br\/news\/wp-json\/wp\/v2\/categories?post=32449"},{"taxonomy":"post_tag","embeddable":true,"href":"https:\/\/guialimeira.com.br\/news\/wp-json\/wp\/v2\/tags?post=32449"}],"curies":[{"name":"wp","href":"https:\/\/api.w.org\/{rel}","templated":true}]}}