{"id":32401,"date":"2025-05-06T17:33:59","date_gmt":"2025-05-06T20:33:59","guid":{"rendered":"https:\/\/guialimeira.com.br\/2025\/05\/06\/pesquisador-aponta-falta-de-jornalistas-latino-americanos-na-palestina\/"},"modified":"2025-05-06T17:33:59","modified_gmt":"2025-05-06T20:33:59","slug":"pesquisador-aponta-falta-de-jornalistas-latino-americanos-na-palestina","status":"publish","type":"post","link":"https:\/\/guialimeira.com.br\/news\/pesquisador-aponta-falta-de-jornalistas-latino-americanos-na-palestina\/","title":{"rendered":"Pesquisador aponta falta de jornalistas latino-americanos na Palestina"},"content":{"rendered":"<p> <br \/>\n<\/p>\n<div>\n<p>No contexto do conflito entre Israel e Palestina, em Gaza, que se estende desde outubro de 2023, o lan\u00e7amento de duas obras nesta semana, na capital paulista, lembra a opress\u00e3o na regi\u00e3o e refor\u00e7a a import\u00e2ncia dos registros hist\u00f3ricos e jornal\u00edsticos produzidos pelos pr\u00f3prios palestinos.<img data-recalc-dims=\"1\" decoding=\"async\" src=\"https:\/\/i0.wp.com\/agenciabrasil.ebc.com.br\/ebc.png?w=696&#038;ssl=1\" style=\"width:1px; height:1px; display:inline;\"\/><img data-recalc-dims=\"1\" decoding=\"async\" src=\"https:\/\/i0.wp.com\/agenciabrasil.ebc.com.br\/ebc.gif?w=696&#038;ssl=1\" style=\"width:1px; height:1px; display:inline;\"\/><\/p>\n<p>Autor de <em>Di\u00e1spora Palestina na Am\u00e9rica Latina &#8211; Estudos de M\u00eddia e Identidade<\/em>, uma das obras lan\u00e7adas nesta ter\u00e7a-feira (6), o pesquisador Ahmad Alzoubi disse que a cobertura jornal\u00edstica em grandes jornais de pa\u00edses latino-americanos acompanha uma narrativa imperialista disseminada por ag\u00eancias de not\u00edcias europeias e dos Estados Unidos.<\/p>\n<p>Em entrevista \u00e0 <strong>Ag\u00eancia Brasil<\/strong>, Alzoubi analisou conte\u00fados publicados em jornais de Honduras, da Argentina, do Chile, do Brasil e de El Salvador.<\/p>\n<blockquote>\n<p>\u201cNo territ\u00f3rio da Palestina, n\u00e3o tem correspondente, nem jornalista brasileiro ou jornalista da Am\u00e9rica Latina [sem o controle de Israel] para fazer a cobertura, ou saber o que aconteceu l\u00e1. Todos eles andam atr\u00e1s de ag\u00eancias [alinhadas ao] imperialismo, ag\u00eancias de Estados Unidos, de Londres\u201d, disse Alzoubi, que \u00e9 professor de Jornalismo e Comunica\u00e7\u00e3o na Universidade de Lusail, no Catar, e diretor do Monitor do Oriente M\u00e9dio (Memo).<\/p>\n<\/blockquote>\n<p><strong>Palestino nascido na Jord\u00e2nia, Alzoubi destacou, inclusive, que a popula\u00e7\u00e3o \u00e1rabe imigrante prefere acompanhar a m\u00eddia \u00e1rabe para se informar sobre o conflito na Palestina e buscar not\u00edcias sobre parentes. \u201cEles sempre acompanham a m\u00eddia \u00e1rabe. Eles n\u00e3o confiam na m\u00eddia latino-americana.\u201d<\/strong><\/p>\n<p>Outro lan\u00e7amento previsto para esta semana \u00e9 a obra <em>Palestina Atrav\u00e9s dos Mil\u00eanios &#8211; Uma Hist\u00f3ria das Letras, Aprendizado e Revolu\u00e7\u00f5es Educacionais<\/em>, do historiador Nur Masalha, membro do Centro de Estudos Palestinos da Universidade de Londres. Ele est\u00e1 no Brasil para os tr\u00eas dias de lan\u00e7amento em S\u00e3o Paulo, junto a Ahmad Alzoubi, de hoje at\u00e9 quinta-feira (8). Este \u00e9 o terceiro t\u00edtulo do autor trazido pela Editora Memo, em portugu\u00eas, sobre a hist\u00f3ria palestina.<\/p>\n<p><strong>Para entender a situa\u00e7\u00e3o da Palestina hoje e sua resist\u00eancia, \u00e9 preciso olhar para a hist\u00f3ria e suas marcas, para a cultura e a presen\u00e7a viva de seus legados, diz a Memo. &#8220;\u00c9 preciso tamb\u00e9m enxerg\u00e1-la como alvo da cobi\u00e7a e planos de despovoamento engendrados pelo sionismo desde o final do s\u00e9culo 19.\u201d<\/strong><\/p>\n<h2>Atual conflito<\/h2>\n<p><strong>A atual fase do conflito Israel-Palestina come\u00e7ou ap\u00f3s o Movimento de Resist\u00eancia Isl\u00e2mica (Hamas) promover um ataque contra vilas israelenses no sul do pa\u00eds, matando cerca de 1,2 mil pessoas e fazendo 250 ref\u00e9ns, <a href=\"https:\/\/agenciabrasil.ebc.com.br\/internacional\/noticia\/2024-07\/corte-diz-que-ocupacao-de-territorios-palestinos-por-israel-e-ilegal\" target=\"_blank\" rel=\"noopener\">em resposta ao cerco de mais de 17 anos contra Gaza e \u00e0 ocupa\u00e7\u00e3o dos territ\u00f3rios palestinos, situa\u00e7\u00e3o considerada ilegal pelo direito internacional<\/a>.<\/strong><\/p>\n<p><strong>Em resposta ao ataque do Hamas, Israel iniciou bombardeios contra Gaza e diversas a\u00e7\u00f5es militares na Cisjord\u00e2nia que j\u00e1 mataram mais de 50 mil palestinos. Nesses ataques, cerca de 18 mil v\u00edtimas foram crian\u00e7as. <\/strong><\/p>\n<h2>Lan\u00e7amentos<\/h2>\n<p>&#8211; Ter\u00e7a-feira (6), \u00e0s 18h, no Espa\u00e7o Cultural e Restaurante Al Janiah, Rua Rui Barbosa, 269, Bela Vista.<\/p>\n<p>&#8211; Quarta-feira (7), \u00e0s 19h, no Sindicato dos Jornalistas do Estado de S\u00e3o Paulo, Rua Rego Freitas, 530 &#8211; Rep\u00fablica.<\/p>\n<p>&#8211; Quinta-feira (8), \u00e0s 18h, Centro de Estudos Palestinos, Audit\u00f3rio da Casa de Cultura Japonesa, no Campus Central da Universidade de S\u00e3o Paulo, Avenida Professor Lineu Prestes, 159, Cidade Universit\u00e1ria.<\/p>\n<p>      <!-- Relacionada --><\/p>\n<p>            <!-- Relacionada -->\n    <\/div>\n<p><br \/>\n<br \/><a href=\"https:\/\/agenciabrasil.ebc.com.br\/internacional\/noticia\/2025-05\/pesquisador-aponta-falta-de-jornalistas-latino-americanos-na-palestina\" rel=\"noopener\">Ag\u00eancia Brasil <\/a><\/p>\n","protected":false},"excerpt":{"rendered":"<p>No contexto do conflito entre Israel e Palestina, em Gaza, que se estende desde outubro de 2023, o lan\u00e7amento de duas obras nesta semana, na capital paulista, lembra a opress\u00e3o na regi\u00e3o e refor\u00e7a a import\u00e2ncia dos registros hist\u00f3ricos e jornal\u00edsticos produzidos pelos pr\u00f3prios palestinos. Autor de Di\u00e1spora Palestina na Am\u00e9rica Latina &#8211; Estudos de [&hellip;]<\/p>\n","protected":false},"author":1,"featured_media":269,"comment_status":"open","ping_status":"open","sticky":false,"template":"","format":"standard","meta":{"_jetpack_newsletter_access":"","_jetpack_dont_email_post_to_subs":false,"_jetpack_newsletter_tier_id":0,"_jetpack_memberships_contains_paywalled_content":false,"_mbp_banners":[],"_jetpack_feature_clip_id":0,"_jetpack_memberships_contains_paid_content":false,"footnotes":"","jetpack_publicize_message":"","jetpack_publicize_feature_enabled":true,"jetpack_social_post_already_shared":true,"jetpack_social_options":{"image_generator_settings":{"template":"highway","default_image_id":0,"font":"","enabled":false},"version":2},"jetpack_post_was_ever_published":false},"categories":[25],"tags":[],"class_list":["post-32401","post","type-post","status-publish","format-standard","has-post-thumbnail","category-internacional"],"jetpack_publicize_connections":[],"jetpack-related-posts":[],"jetpack_shortlink":"https:\/\/wp.me\/p7Eq1F-8qB","jetpack_sharing_enabled":true,"jetpack_featured_media_url":"https:\/\/i0.wp.com\/guialimeira.com.br\/news\/wp-content\/uploads\/2024\/03\/thumb_1200x600_agbrasil.png?fit=1200%2C600&ssl=1","_links":{"self":[{"href":"https:\/\/guialimeira.com.br\/news\/wp-json\/wp\/v2\/posts\/32401","targetHints":{"allow":["GET"]}}],"collection":[{"href":"https:\/\/guialimeira.com.br\/news\/wp-json\/wp\/v2\/posts"}],"about":[{"href":"https:\/\/guialimeira.com.br\/news\/wp-json\/wp\/v2\/types\/post"}],"author":[{"embeddable":true,"href":"https:\/\/guialimeira.com.br\/news\/wp-json\/wp\/v2\/users\/1"}],"replies":[{"embeddable":true,"href":"https:\/\/guialimeira.com.br\/news\/wp-json\/wp\/v2\/comments?post=32401"}],"version-history":[{"count":0,"href":"https:\/\/guialimeira.com.br\/news\/wp-json\/wp\/v2\/posts\/32401\/revisions"}],"wp:featuredmedia":[{"embeddable":true,"href":"https:\/\/guialimeira.com.br\/news\/wp-json\/wp\/v2\/media\/269"}],"wp:attachment":[{"href":"https:\/\/guialimeira.com.br\/news\/wp-json\/wp\/v2\/media?parent=32401"}],"wp:term":[{"taxonomy":"category","embeddable":true,"href":"https:\/\/guialimeira.com.br\/news\/wp-json\/wp\/v2\/categories?post=32401"},{"taxonomy":"post_tag","embeddable":true,"href":"https:\/\/guialimeira.com.br\/news\/wp-json\/wp\/v2\/tags?post=32401"}],"curies":[{"name":"wp","href":"https:\/\/api.w.org\/{rel}","templated":true}]}}