{"id":32378,"date":"2025-05-06T12:39:57","date_gmt":"2025-05-06T15:39:57","guid":{"rendered":"https:\/\/guialimeira.com.br\/2025\/05\/06\/radio-nacional-transmite-cordoba-x-flamengo-pela-libertadores\/"},"modified":"2025-05-06T12:39:57","modified_gmt":"2025-05-06T15:39:57","slug":"radio-nacional-transmite-cordoba-x-flamengo-pela-libertadores","status":"publish","type":"post","link":"https:\/\/guialimeira.com.br\/news\/radio-nacional-transmite-cordoba-x-flamengo-pela-libertadores\/","title":{"rendered":"R\u00e1dio Nacional transmite C\u00f3rdoba x Flamengo pela Libertadores"},"content":{"rendered":"<p> <br \/>\n<\/p>\n<div>\n<p>A\u00a0<strong>R\u00e1dio Nacional\u00a0<\/strong>acompanha a partida\u00a0Central C\u00f3rdoba x Flamengo\u00a0pela primeira rodada do retorno da fase de grupos da Copa Libertadores da Am\u00e9rica nesta quarta (7). A emissora p\u00fablica abre a jornada esportiva para a transmiss\u00e3o da faixa <em>Show de Bola Nacional<\/em> \u00e0s 21h15. <strong>O apito inicial do confronto disputado no est\u00e1dio \u00danico Madre de Ciudades, na Argentina, est\u00e1 previsto para as 21h30.<\/strong><img data-recalc-dims=\"1\" decoding=\"async\" src=\"https:\/\/i0.wp.com\/agenciabrasil.ebc.com.br\/ebc.png?w=696&#038;ssl=1\" style=\"width:1px; height:1px; display:inline;\"\/><img data-recalc-dims=\"1\" decoding=\"async\" src=\"https:\/\/i0.wp.com\/agenciabrasil.ebc.com.br\/ebc.gif?w=696&#038;ssl=1\" style=\"width:1px; height:1px; display:inline;\"\/><\/p>\n<p>O duelo que pode levar o rubro-negro carioca \u00e0 lideran\u00e7a do grupo C do torneio, em caso de vit\u00f3ria, tem narra\u00e7\u00e3o de\u00a0Andr\u00e9 Luiz Mendes\u00a0e coment\u00e1rios de\u00a0Rodrigo Ricardo. As reportagens s\u00e3o de\u00a0Bruno Mendes.<\/p>\n<p><strong>A partida entra no ar &#8211; para parte da rede &#8211; em AM e OC, al\u00e9m do FM no Rio de Janeiro e no Alto Solim\u00f5es.<\/strong> A\u00a0Nacional FM, nas demais pra\u00e7as, segue com o conte\u00fado musical. O p\u00fablico pode ouvir suas produ\u00e7\u00f5es preferidas pelo <em>dial<\/em>, no aplicativo R\u00e1dios EBC\u00a0e no\u00a0<a href=\"https:\/\/radios.ebc.com.br\/radionacional\" target=\"_blank\" rel=\"noopener\">site<\/a> da emissora. <strong>Os \u00e1udios ficam dispon\u00edveis em tempo real por <em>streaming<\/em> nas duas plataformas<\/strong>.<\/p>\n<p><strong>Visitante no confronto, o Flamengo est\u00e1 em terceiro lugar no grupo C da Libertadores com quatro pontos.<\/strong> A equipe carioca tem retrospecto de uma vit\u00f3ria, um empate e uma derrota. O time brasileiro perdeu em casa justamente para o pr\u00f3ximo advers\u00e1rio. <strong>Invicto na competi\u00e7\u00e3o, o clube argentino\u00a0Central C\u00f3rdoba\u00a0est\u00e1 na lideran\u00e7a da chave com sete pontos<\/strong>. A equipe equatoriana LDU est\u00e1 na segunda posi\u00e7\u00e3o com cinco pontos, enquanto o venezuelano Deportivo T\u00e1chira, que ocupa a lanterna, ainda n\u00e3o pontuou.<\/p>\n<p><strong>O rubro-negro precisa vencer o rival para ficar em uma situa\u00e7\u00e3o mais favor\u00e1vel ap\u00f3s resultados adversos.<\/strong> O Flamengo faz os \u00faltimos dois jogos da fase de pontos corridos em casa. Apenas os dois primeiros colocados de cada grupo avan\u00e7am para a fase de mata-mata da Libertadores. A partir das oitavas de final, os times se enfrentam em confrontos eliminat\u00f3rias com partidas de ida e volta.<\/p>\n<h2>Sobre a Libertadores 2025<\/h2>\n<p>Organizada pela Confedera\u00e7\u00e3o Sul-Americana de Futebol (Conmebol), a Copa Libertadores da Am\u00e9rica \u00e9 uma das competi\u00e7\u00f5es esportivas mais prestigiadas do mundo. A primeira fase do torneio re\u00fane 32 equipes divididas em oito grupos (de A at\u00e9 H). Os dois melhores clubes de cada grupo se classificam para a fase eliminat\u00f3ria, no sistema de jogos de ida e volta. <strong>A final \u00e9 disputada em jogo \u00fanico e est\u00e1 marcada para 29 de novembro.<\/strong><\/p>\n<h2>Cobertura esportiva da Nacional<\/h2>\n<p>Esporte que \u00e9 paix\u00e3o do povo brasileiro, o futebol \u00e9 um dos destaques da programa\u00e7\u00e3o da\u00a0R\u00e1dio Nacional, emissora p\u00fablica refer\u00eancia em transmiss\u00f5es de partidas no pa\u00eds h\u00e1 d\u00e9cadas. Os jogos das principais competi\u00e7\u00f5es e as not\u00edcias mais importantes t\u00eam espa\u00e7o nas jornadas esportivas di\u00e1rias.<\/p>\n<p><strong>A\u00a0Nacional\u00a0apresenta, ao vivo, v\u00e1rios duelos de diversos campeonatos.<\/strong> Os torcedores podem ficar ligados pelo r\u00e1dio, site ou <em>streaming<\/em> para acompanhar as emo\u00e7\u00f5es das disputas entre os maiores clubes brasileiros. O destaque de janeiro \u00e9 o estadual do Rio de Janeiro em dias e hor\u00e1rios diversos, de acordo com a tabela da competi\u00e7\u00e3o.<\/p>\n<p><strong>Antes e depois dos confrontos, o ouvinte se informa sobre a prepara\u00e7\u00e3o das equipes e a repercuss\u00e3o do placar nas ondas da\u00a0Nacional.<\/strong> A an\u00e1lise sobre os resultados da rodada ainda ganha janela di\u00e1ria para um rico debate em produ\u00e7\u00f5es consagradas no radiojornalismo esportivo. O tradicional programa <em>No Mundo da Bola<\/em> tem edi\u00e7\u00f5es de segunda a sexta, ao vivo, \u00e0s 18h, com 30 minutos.<\/p>\n<p><strong>Durante a programa\u00e7\u00e3o da emissora p\u00fablica, as atra\u00e7\u00f5es tamb\u00e9m trazem a participa\u00e7\u00e3o do time de esportes com informa\u00e7\u00f5es atualizadas.<\/strong> A ideia \u00e9 oferecer ao p\u00fablico notici\u00e1rio preciso, conte\u00fado relevante, coment\u00e1rios embasados e opini\u00e3o fundamentada sobre o que acontece de mais recente no futebol do pa\u00eds e no exterior.<\/p>\n<h2>Talentos do jornalismo esportivo<\/h2>\n<p>A equipe da R\u00e1dio Nacional re\u00fane craques da cr\u00f4nica esportiva. Experientes comentaristas e talentos das novas gera\u00e7\u00f5es da imprensa segmentada brasileira integram o time de esportes da\u00a0<strong>Empresa Brasil de Comunica\u00e7\u00e3o (EBC)<\/strong>. S\u00e3o produtores, jornalistas e apresentadores que buscam o diferencial da not\u00edcia.<\/p>\n<p>Al\u00e9m de informar o p\u00fablico nas ondas do r\u00e1dio, o time tamb\u00e9m faz bonito na telinha da\u00a0<strong>TV Brasil<\/strong>. Os profissionais realizam o programa <em>Stadium<\/em>, de segunda a sexta, em duas edi\u00e7\u00f5es, \u00e0s 12h30 e \u00e0s 18h30, al\u00e9m da mesa redonda dominical <em>No Mundo da Bola<\/em>, \u00e0s 20h30.<\/p>\n<p>Sempre ao vivo, as tradicionais produ\u00e7\u00f5es da emissora p\u00fablica trazem an\u00e1lises e apura\u00e7\u00f5es atualizadas. O esporte tem espa\u00e7o destacado na programa\u00e7\u00e3o do canal. O telejornal di\u00e1rio <em>Rep\u00f3rter Brasil<\/em>, \u00e0s 12h45 e \u00e0s 19h, tamb\u00e9m oferece uma ampla cobertura dos principais resultados do dia.<\/p>\n<p>Os profissionais que entram em campo na equipe de esporte da empresa ainda fazem a cobertura das jornadas de diversas modalidades e noticiam os principais resultados em reportagens no <a href=\"https:\/\/agenciabrasil.ebc.com.br\/\" target=\"_blank\" rel=\"noopener\">site da\u00a0<strong>Ag\u00eancia Brasil<\/strong><\/a>.<\/p>\n<h2>Saiba como sintonizar a R\u00e1dio Nacional<\/h2>\n<p><strong>Bras\u00edlia<\/strong>: FM 96,1 MHz e AM 980 Khz\u00a0<\/p>\n<p><strong>Rio de Janeiro<\/strong>: FM 87,1 MHz e AM 1130 kHz\u00a0<\/p>\n<p><strong>S\u00e3o Paulo<\/strong>: FM 87,1 MHz\u00a0<\/p>\n<p><strong>Recife<\/strong>: FM 87,1 MHz\u00a0<\/p>\n<p><strong>S\u00e3o Lu\u00eds<\/strong>: FM 93,7 MHz\u00a0<\/p>\n<p><strong>Amaz\u00f4nia<\/strong>: 11.780KHz e 6.180KHz OC\u00a0<\/p>\n<p><strong>Alto Solim\u00f5es<\/strong>: FM 96,1 MHz\u00a0<\/p>\n<p><strong>Celular<\/strong> &#8211; App R\u00e1dios EBC para\u00a0Android\u00a0e\u00a0iOS<\/p>\n<p>      <!-- Relacionada --><\/p>\n<p>            <!-- Relacionada -->\n    <\/div>\n<p><br \/>\n<br \/><a href=\"https:\/\/agenciabrasil.ebc.com.br\/esportes\/noticia\/2025-05\/radio-nacional-transmite-cordoba-x-flamengo-pela-libertadores\" rel=\"noopener\">Ag\u00eancia Brasil<\/a><\/p>\n","protected":false},"excerpt":{"rendered":"<p>A\u00a0R\u00e1dio Nacional\u00a0acompanha a partida\u00a0Central C\u00f3rdoba x Flamengo\u00a0pela primeira rodada do retorno da fase de grupos da Copa Libertadores da Am\u00e9rica nesta quarta (7). A emissora p\u00fablica abre a jornada esportiva para a transmiss\u00e3o da faixa Show de Bola Nacional \u00e0s 21h15. O apito inicial do confronto disputado no est\u00e1dio \u00danico Madre de Ciudades, na Argentina, [&hellip;]<\/p>\n","protected":false},"author":1,"featured_media":32379,"comment_status":"open","ping_status":"open","sticky":false,"template":"","format":"standard","meta":{"_jetpack_newsletter_access":"","_jetpack_dont_email_post_to_subs":false,"_jetpack_newsletter_tier_id":0,"_jetpack_memberships_contains_paywalled_content":false,"_mbp_banners":[],"_jetpack_feature_clip_id":0,"_jetpack_memberships_contains_paid_content":false,"footnotes":"","jetpack_publicize_message":"","jetpack_publicize_feature_enabled":true,"jetpack_social_post_already_shared":true,"jetpack_social_options":{"image_generator_settings":{"template":"highway","default_image_id":0,"font":"","enabled":false},"version":2},"jetpack_post_was_ever_published":false},"categories":[23],"tags":[],"class_list":["post-32378","post","type-post","status-publish","format-standard","has-post-thumbnail","category-esportes"],"jetpack_publicize_connections":[],"jetpack-related-posts":[],"jetpack_shortlink":"https:\/\/wp.me\/p7Eq1F-8qe","jetpack_sharing_enabled":true,"jetpack_featured_media_url":"https:\/\/i0.wp.com\/guialimeira.com.br\/news\/wp-content\/uploads\/2025\/05\/trofeu_libertadores_gloria_eterna.jpg?fit=1600%2C800&ssl=1","_links":{"self":[{"href":"https:\/\/guialimeira.com.br\/news\/wp-json\/wp\/v2\/posts\/32378","targetHints":{"allow":["GET"]}}],"collection":[{"href":"https:\/\/guialimeira.com.br\/news\/wp-json\/wp\/v2\/posts"}],"about":[{"href":"https:\/\/guialimeira.com.br\/news\/wp-json\/wp\/v2\/types\/post"}],"author":[{"embeddable":true,"href":"https:\/\/guialimeira.com.br\/news\/wp-json\/wp\/v2\/users\/1"}],"replies":[{"embeddable":true,"href":"https:\/\/guialimeira.com.br\/news\/wp-json\/wp\/v2\/comments?post=32378"}],"version-history":[{"count":0,"href":"https:\/\/guialimeira.com.br\/news\/wp-json\/wp\/v2\/posts\/32378\/revisions"}],"wp:featuredmedia":[{"embeddable":true,"href":"https:\/\/guialimeira.com.br\/news\/wp-json\/wp\/v2\/media\/32379"}],"wp:attachment":[{"href":"https:\/\/guialimeira.com.br\/news\/wp-json\/wp\/v2\/media?parent=32378"}],"wp:term":[{"taxonomy":"category","embeddable":true,"href":"https:\/\/guialimeira.com.br\/news\/wp-json\/wp\/v2\/categories?post=32378"},{"taxonomy":"post_tag","embeddable":true,"href":"https:\/\/guialimeira.com.br\/news\/wp-json\/wp\/v2\/tags?post=32378"}],"curies":[{"name":"wp","href":"https:\/\/api.w.org\/{rel}","templated":true}]}}