{"id":32376,"date":"2025-05-06T12:29:44","date_gmt":"2025-05-06T15:29:44","guid":{"rendered":"https:\/\/guialimeira.com.br\/2025\/05\/06\/portugal-numero-de-brasileiros-irregulares-e-irrisorio-diz-embaixada\/"},"modified":"2025-05-06T12:29:44","modified_gmt":"2025-05-06T15:29:44","slug":"portugal-numero-de-brasileiros-irregulares-e-irrisorio-diz-embaixada","status":"publish","type":"post","link":"https:\/\/guialimeira.com.br\/news\/portugal-numero-de-brasileiros-irregulares-e-irrisorio-diz-embaixada\/","title":{"rendered":"Portugal: n\u00famero de brasileiros irregulares \u00e9 irris\u00f3rio, diz embaixada"},"content":{"rendered":"<p> <br \/>\n<\/p>\n<div>\n<p>A Embaixada do Brasil em Portugal informou, nesta ter\u00e7a-feira (6), que \u00e9 \u201cirris\u00f3rio\u201d o n\u00famero de brasileiros que devem ser notificados para deixar o pa\u00eds europeu, segundo informa\u00e7\u00f5es repassadas pelo governo portugu\u00eas.<img data-recalc-dims=\"1\" decoding=\"async\" src=\"https:\/\/i0.wp.com\/agenciabrasil.ebc.com.br\/ebc.png?w=696&#038;ssl=1\" style=\"width:1px; height:1px; display:inline;\"\/><img data-recalc-dims=\"1\" decoding=\"async\" src=\"https:\/\/i0.wp.com\/agenciabrasil.ebc.com.br\/ebc.gif?w=696&#038;ssl=1\" style=\"width:1px; height:1px; display:inline;\"\/><\/p>\n<p><strong>A representa\u00e7\u00e3o brasileira em Lisboa tem mantido contato com autoridades locais e ter\u00e1 uma reuni\u00e3o para discutir a situa\u00e7\u00e3o dos brasileiros imigrantes em situa\u00e7\u00e3o irregular\u00a0<\/strong><\/p>\n<p>No \u00faltimo s\u00e1bado (3), o governo portugu\u00eas anunciou que 18 mil imigrantes sem autoriza\u00e7\u00e3o seriam notificados para deixar\u00a0Portugal em 20 dias, sendo 4,5 mil\u00a0ainda nesta semana. Caso n\u00e3o abandonem o pa\u00eds, a legisla\u00e7\u00e3o local permite a deten\u00e7\u00e3o dos imigrantes. \u00a0<\/p>\n<p><strong>Portugal tem a segunda maior comunidade de brasileiros fora do pa\u00eds, perdendo apenas para os Estados Unidos.<\/strong> S\u00e3o 513 mil brasileiros vivendo no pequeno pa\u00eds europeu, segundo dados do Itamaraty de 2023. \u00c9\u00a0a maior comunidade estrangeira dentro de Portugal. \u00a0<\/p>\n<p>O ministro da Previd\u00eancia de Portugal, Ant\u00f3nio Leit\u00e3o Amaro, disse que\u00a0\u201cquem n\u00e3o cumprir a ordem\u00a0ter\u00e1 de ser afastado coercivamente\u201d, mas lamentou a dificuldade de\u00a0executar deporta\u00e7\u00f5es, alegando a necessidade de &#8220;aprovar novo regime mais r\u00e1pido e eficaz\u201d para expuls\u00e3o de imigrantes.<\/p>\n<p>O an\u00fancio ocorreu em meio \u00e0\u00a0campanha eleitoral em Portugal, com vota\u00e7\u00e3o prevista para o pr\u00f3ximo dia 18 de maio.<strong> A oposi\u00e7\u00e3o acusa o governo de usar essa medida como c\u00e1lculo eleitoral, apelando para o discurso que culpa os imigrantes pelos problemas do pa\u00eds, pr\u00e1tica disseminada nos pa\u00edses europeus. \u00a0<\/strong><\/p>\n<p>A Casa do Brasil de Lisboa, associa\u00e7\u00e3o que apoia imigrantes brasileiros em Portugal, protestou contra a decis\u00e3o do governo local de acelerar processos de deporta\u00e7\u00e3o em meio \u00e0 campanha eleitoral. \u00a0<\/p>\n<blockquote>\n<p>\u201cFica a pergunta se, mais uma vez, n\u00e3o est\u00e3o a utilizar a imigra\u00e7\u00e3o como bode expiat\u00f3rio e uma cortina de fuma\u00e7a para os problemas reais do nosso pa\u00eds\u201d, comentou a presidente da Casa do Brasil de Lisboa, Ana Paula Costa. \u00a0<\/p>\n<\/blockquote>\n<p><em>*Colaborou Renata Martins\u00a0<\/em><\/p>\n<p>      <!-- Relacionada --><\/p>\n<p>            <!-- Relacionada -->\n    <\/div>\n<p><br \/>\n<br \/><a href=\"https:\/\/agenciabrasil.ebc.com.br\/internacional\/noticia\/2025-05\/portugal-numero-de-brasileiros-irregulares-e-irrisorio-diz-embaixada\" rel=\"noopener\">Ag\u00eancia Brasil <\/a><\/p>\n","protected":false},"excerpt":{"rendered":"<p>A Embaixada do Brasil em Portugal informou, nesta ter\u00e7a-feira (6), que \u00e9 \u201cirris\u00f3rio\u201d o n\u00famero de brasileiros que devem ser notificados para deixar o pa\u00eds europeu, segundo informa\u00e7\u00f5es repassadas pelo governo portugu\u00eas. A representa\u00e7\u00e3o brasileira em Lisboa tem mantido contato com autoridades locais e ter\u00e1 uma reuni\u00e3o para discutir a situa\u00e7\u00e3o dos brasileiros imigrantes em [&hellip;]<\/p>\n","protected":false},"author":1,"featured_media":32377,"comment_status":"open","ping_status":"open","sticky":false,"template":"","format":"standard","meta":{"_jetpack_newsletter_access":"","_jetpack_dont_email_post_to_subs":false,"_jetpack_newsletter_tier_id":0,"_jetpack_memberships_contains_paywalled_content":false,"_mbp_banners":[],"_jetpack_feature_clip_id":0,"_jetpack_memberships_contains_paid_content":false,"footnotes":"","jetpack_publicize_message":"","jetpack_publicize_feature_enabled":true,"jetpack_social_post_already_shared":true,"jetpack_social_options":{"image_generator_settings":{"template":"highway","default_image_id":0,"font":"","enabled":false},"version":2},"jetpack_post_was_ever_published":false},"categories":[25],"tags":[],"class_list":["post-32376","post","type-post","status-publish","format-standard","has-post-thumbnail","category-internacional"],"jetpack_publicize_connections":[],"jetpack-related-posts":[],"jetpack_shortlink":"https:\/\/wp.me\/p7Eq1F-8qc","jetpack_sharing_enabled":true,"jetpack_featured_media_url":"https:\/\/i0.wp.com\/guialimeira.com.br\/news\/wp-content\/uploads\/2025\/05\/2020-06-23t133307z_836091272_rc21fh9iw63b_rtrmadp_3_health-coronavirus-portugal_0.jpg?fit=1600%2C800&ssl=1","_links":{"self":[{"href":"https:\/\/guialimeira.com.br\/news\/wp-json\/wp\/v2\/posts\/32376","targetHints":{"allow":["GET"]}}],"collection":[{"href":"https:\/\/guialimeira.com.br\/news\/wp-json\/wp\/v2\/posts"}],"about":[{"href":"https:\/\/guialimeira.com.br\/news\/wp-json\/wp\/v2\/types\/post"}],"author":[{"embeddable":true,"href":"https:\/\/guialimeira.com.br\/news\/wp-json\/wp\/v2\/users\/1"}],"replies":[{"embeddable":true,"href":"https:\/\/guialimeira.com.br\/news\/wp-json\/wp\/v2\/comments?post=32376"}],"version-history":[{"count":0,"href":"https:\/\/guialimeira.com.br\/news\/wp-json\/wp\/v2\/posts\/32376\/revisions"}],"wp:featuredmedia":[{"embeddable":true,"href":"https:\/\/guialimeira.com.br\/news\/wp-json\/wp\/v2\/media\/32377"}],"wp:attachment":[{"href":"https:\/\/guialimeira.com.br\/news\/wp-json\/wp\/v2\/media?parent=32376"}],"wp:term":[{"taxonomy":"category","embeddable":true,"href":"https:\/\/guialimeira.com.br\/news\/wp-json\/wp\/v2\/categories?post=32376"},{"taxonomy":"post_tag","embeddable":true,"href":"https:\/\/guialimeira.com.br\/news\/wp-json\/wp\/v2\/tags?post=32376"}],"curies":[{"name":"wp","href":"https:\/\/api.w.org\/{rel}","templated":true}]}}