{"id":32352,"date":"2025-05-05T23:25:48","date_gmt":"2025-05-06T02:25:48","guid":{"rendered":"https:\/\/guialimeira.com.br\/2025\/05\/05\/pitta-marca-e-deixa-bragantino-na-vice-lideranca-do-brasileiro\/"},"modified":"2025-05-05T23:25:48","modified_gmt":"2025-05-06T02:25:48","slug":"pitta-marca-e-deixa-bragantino-na-vice-lideranca-do-brasileiro","status":"publish","type":"post","link":"https:\/\/guialimeira.com.br\/news\/pitta-marca-e-deixa-bragantino-na-vice-lideranca-do-brasileiro\/","title":{"rendered":"Pitta marca e deixa Bragantino na vice-lideran\u00e7a do Brasileiro"},"content":{"rendered":"<p> <br \/>\n<\/p>\n<div>\n<p>O atacante paraguaio Isidro Pitta garantiu a vit\u00f3ria de 1 a 0 do Bragantino sobre o Mirassol, na noite desta segunda-feira (5) no est\u00e1dio C\u00edcero de Souza Marques, em Bragan\u00e7a Paulista. Com este resultado o Massa Bruta assumiu a vice-lideran\u00e7a do Campeonato Brasileiro com os mesmos 16 pontos do l\u00edder Palmeiras.<img data-recalc-dims=\"1\" decoding=\"async\" src=\"https:\/\/i0.wp.com\/agenciabrasil.ebc.com.br\/ebc.png?w=696&#038;ssl=1\" style=\"width:1px; height:1px; display:inline;\"\/><img data-recalc-dims=\"1\" decoding=\"async\" src=\"https:\/\/i0.wp.com\/agenciabrasil.ebc.com.br\/ebc.gif?w=696&#038;ssl=1\" style=\"width:1px; height:1px; display:inline;\"\/><\/p>\n<blockquote class=\"twitter-tweet\">\n<p dir=\"ltr\" lang=\"pt\" xml:lang=\"pt\">VIT\u00d3RIA NA ESTREIA! \u2764\ufe0f\u200d\ud83d\udd25<\/p>\n<p>Na estreia no est\u00e1dio C\u00edcero de Souza Marques, o Red Bull Bragantino vence o Mirassol com gol de Isidro Pitta e chega aos mesmos 16 pontos do l\u00edder do <a href=\"https:\/\/twitter.com\/Brasileirao?ref_src=twsrc%5Etfw\" rel=\"noopener\">@Brasileirao<\/a>.<\/p>\n<p>VAMOS, MASSA BRUTA!!!! <a href=\"https:\/\/t.co\/5hbQZJCqBg\">pic.twitter.com\/5hbQZJCqBg<\/a><\/p>\n<p>\u2014 Red Bull Bragantino (@RedBullBraga) <a href=\"https:\/\/twitter.com\/RedBullBraga\/status\/1919545581891883138?ref_src=twsrc%5Etfw\" rel=\"noopener\">May 6, 2025<\/a><\/p><\/blockquote>\n<p>J\u00e1 o Mirassol permanece com 7 pontos, ocupando a 16\u00aa coloca\u00e7\u00e3o da classifica\u00e7\u00e3o. Em um confronto muito parelho, o gol da vit\u00f3ria saiu j\u00e1 aos 46 minutos do segundo tempo, quando o zagueiro Pedro Henrique acertou longo lan\u00e7amento para Isidro Pitta, que, dentro da \u00e1rea, dominou a bola antes de acertar um chute cruzado que superou o goleiro Walter.<\/p>\n<h2>Galo vence<\/h2>\n<p>Na partida que fechou a 7\u00aa rodada da competi\u00e7\u00e3o, o Atl\u00e9tico-MG foi at\u00e9 o est\u00e1dio Est\u00e1dio Alfredo Jaconi e contou com um gol de Gustavo Scarpa, em cobran\u00e7a de falta, para derrotar o Juventude por 1 a 0.<\/p>\n<p>O resultado foi muito importante para o Galo, que deixou a zona do rebaixamento, alcan\u00e7ando os 9 pontos na 10\u00aa coloca\u00e7\u00e3o da competi\u00e7\u00e3o. J\u00e1 a equipe do Rio Grande do Sul agora \u00e9 a 15\u00aa colocada com 7 pontos.<\/p>\n<blockquote class=\"twitter-tweet\">\n<p dir=\"ltr\" lang=\"pt\" xml:lang=\"pt\">\ud83d\udcaa\ud83c\udffe\ud83d\udc14 FIM DE JOGO: COM GOL DE FALTA DE SCARPA NO PRIMEIRO TEMPO, GALO VENCE O JUVENTUDE EM CAXIAS DO SUL E CONQUISTA OS PRIMEIROS TR\u00caS PONTOS COMO VISITANTE NO BRASILEIR\u00c3O! <a href=\"https:\/\/twitter.com\/hashtag\/VamoGalo?src=hash&amp;ref_src=twsrc%5Etfw\" rel=\"noopener\">#VamoGalo<\/a> <a href=\"https:\/\/twitter.com\/hashtag\/JUVxCAM?src=hash&amp;ref_src=twsrc%5Etfw\" rel=\"noopener\">#JUVxCAM<\/a> \ud83c\udff4\ud83c\udff3\ufe0f <a href=\"https:\/\/t.co\/6Tx7VquKTH\">pic.twitter.com\/6Tx7VquKTH<\/a><\/p>\n<p>\u2014 Atl\u00e9tico (@Atletico) <a href=\"https:\/\/twitter.com\/Atletico\/status\/1919558274220794279?ref_src=twsrc%5Etfw\" rel=\"noopener\">May 6, 2025<\/a><\/p><\/blockquote>\n<p>      <!-- Relacionada --><\/p>\n<p>            <!-- Relacionada -->\n    <\/div>\n<p><script async src=\"\/\/platform.twitter.com\/widgets.js\" charset=\"utf-8\"><\/script><br \/>\n<br \/><br \/>\n<br \/><a href=\"https:\/\/agenciabrasil.ebc.com.br\/esportes\/noticia\/2025-05\/pitta-marca-e-deixa-bragantino-na-vice-lideranca-do-brasileiro\" rel=\"noopener\">Ag\u00eancia Brasil<\/a><\/p>\n","protected":false},"excerpt":{"rendered":"<p>O atacante paraguaio Isidro Pitta garantiu a vit\u00f3ria de 1 a 0 do Bragantino sobre o Mirassol, na noite desta segunda-feira (5) no est\u00e1dio C\u00edcero de Souza Marques, em Bragan\u00e7a Paulista. Com este resultado o Massa Bruta assumiu a vice-lideran\u00e7a do Campeonato Brasileiro com os mesmos 16 pontos do l\u00edder Palmeiras. VIT\u00d3RIA NA ESTREIA! \u2764\ufe0f\u200d\ud83d\udd25 [&hellip;]<\/p>\n","protected":false},"author":1,"featured_media":32353,"comment_status":"open","ping_status":"open","sticky":false,"template":"","format":"standard","meta":{"_jetpack_newsletter_access":"","_jetpack_dont_email_post_to_subs":false,"_jetpack_newsletter_tier_id":0,"_jetpack_memberships_contains_paywalled_content":false,"_mbp_banners":[],"_jetpack_feature_clip_id":0,"_jetpack_memberships_contains_paid_content":false,"footnotes":"","jetpack_publicize_message":"","jetpack_publicize_feature_enabled":true,"jetpack_social_post_already_shared":true,"jetpack_social_options":{"image_generator_settings":{"template":"highway","default_image_id":0,"font":"","enabled":false},"version":2},"jetpack_post_was_ever_published":false},"categories":[23],"tags":[],"class_list":["post-32352","post","type-post","status-publish","format-standard","has-post-thumbnail","category-esportes"],"jetpack_publicize_connections":[],"jetpack-related-posts":[],"jetpack_shortlink":"https:\/\/wp.me\/p7Eq1F-8pO","jetpack_sharing_enabled":true,"jetpack_featured_media_url":"https:\/\/i0.wp.com\/guialimeira.com.br\/news\/wp-content\/uploads\/2025\/05\/54500012916_02b54ff196_o.jpg?fit=1600%2C800&ssl=1","_links":{"self":[{"href":"https:\/\/guialimeira.com.br\/news\/wp-json\/wp\/v2\/posts\/32352","targetHints":{"allow":["GET"]}}],"collection":[{"href":"https:\/\/guialimeira.com.br\/news\/wp-json\/wp\/v2\/posts"}],"about":[{"href":"https:\/\/guialimeira.com.br\/news\/wp-json\/wp\/v2\/types\/post"}],"author":[{"embeddable":true,"href":"https:\/\/guialimeira.com.br\/news\/wp-json\/wp\/v2\/users\/1"}],"replies":[{"embeddable":true,"href":"https:\/\/guialimeira.com.br\/news\/wp-json\/wp\/v2\/comments?post=32352"}],"version-history":[{"count":0,"href":"https:\/\/guialimeira.com.br\/news\/wp-json\/wp\/v2\/posts\/32352\/revisions"}],"wp:featuredmedia":[{"embeddable":true,"href":"https:\/\/guialimeira.com.br\/news\/wp-json\/wp\/v2\/media\/32353"}],"wp:attachment":[{"href":"https:\/\/guialimeira.com.br\/news\/wp-json\/wp\/v2\/media?parent=32352"}],"wp:term":[{"taxonomy":"category","embeddable":true,"href":"https:\/\/guialimeira.com.br\/news\/wp-json\/wp\/v2\/categories?post=32352"},{"taxonomy":"post_tag","embeddable":true,"href":"https:\/\/guialimeira.com.br\/news\/wp-json\/wp\/v2\/tags?post=32352"}],"curies":[{"name":"wp","href":"https:\/\/api.w.org\/{rel}","templated":true}]}}