{"id":3231,"date":"2024-04-30T18:28:43","date_gmt":"2024-04-30T21:28:43","guid":{"rendered":"https:\/\/guialimeira.com.br\/2024\/04\/30\/projeto-atleta-do-futuro-realiza\/"},"modified":"2024-04-30T18:28:43","modified_gmt":"2024-04-30T21:28:43","slug":"projeto-atleta-do-futuro-realiza","status":"publish","type":"post","link":"https:\/\/guialimeira.com.br\/news\/projeto-atleta-do-futuro-realiza\/","title":{"rendered":"Projeto \u201cAtleta do Futuro\u201d realiza&#8230;"},"content":{"rendered":"<p> <br \/>\n<\/p>\n<div>\n<p>Os alunos do Projeto Atleta do Futuro, uma parceria entre a Prefeitura de Iracem\u00e1polis e o SESI, participaram da confraterniza\u00e7\u00e3o de encerramento na \u00faltima semana.<\/p>\n<p>O evento aconteceu na unidade do SESI de Limeira, onde os alunos foram acompanhados pelo professor Andr\u00e9 Fagotti para encerramento das atividades aqu\u00e1ticas.<\/p>\n<p>Foram realizadas atividades na piscina, seguidas de um coffee break e entrega de uniformes e medalhas. A Coordenadora de Esportes, Leticia Frasson agradeceu a participa\u00e7\u00e3o de cada crian\u00e7a e do apoio dos pais.<\/p>\n<p>O projeto contou com o apoio do Jo\u00e3o Pedro da Cruz, Orientador de Qualidade de Vida do SESI e da Aline Cristina da Silva, Coordenadora de Qualidade de Vida do SESI.<\/p>\n<\/p><\/div>\n<p><br \/>\n<br \/><a href=\"https:\/\/www.iracemapolis.sp.gov.br\/portal\/noticias\/0\/3\/2176\/projeto-atleta-do-futuro-realiza-confraternizacao-de-encerramento\/\" rel=\"noopener\">Informa\u00e7\u00f5es PMI<\/a><\/p>\n","protected":false},"excerpt":{"rendered":"<p>Os alunos do Projeto Atleta do Futuro, uma parceria entre a Prefeitura de Iracem\u00e1polis e o SESI, participaram da confraterniza\u00e7\u00e3o de encerramento na \u00faltima semana. O evento aconteceu na unidade do SESI de Limeira, onde os alunos foram acompanhados pelo professor Andr\u00e9 Fagotti para encerramento das atividades aqu\u00e1ticas. Foram realizadas atividades na piscina, seguidas de [&hellip;]<\/p>\n","protected":false},"author":1,"featured_media":3232,"comment_status":"open","ping_status":"open","sticky":false,"template":"","format":"standard","meta":{"_jetpack_newsletter_access":"","_jetpack_dont_email_post_to_subs":false,"_jetpack_newsletter_tier_id":0,"_jetpack_memberships_contains_paywalled_content":false,"_mbp_banners":[],"_jetpack_feature_clip_id":0,"_jetpack_memberships_contains_paid_content":false,"footnotes":"","jetpack_publicize_message":"","jetpack_publicize_feature_enabled":true,"jetpack_social_post_already_shared":true,"jetpack_social_options":{"image_generator_settings":{"template":"highway","default_image_id":0,"font":"","enabled":false},"version":2},"jetpack_post_was_ever_published":false},"categories":[20],"tags":[],"class_list":["post-3231","post","type-post","status-publish","format-standard","has-post-thumbnail","category-regiao"],"jetpack_publicize_connections":[],"jetpack-related-posts":[],"jetpack_shortlink":"https:\/\/wp.me\/p7Eq1F-Q7","jetpack_sharing_enabled":true,"jetpack_featured_media_url":"https:\/\/i0.wp.com\/guialimeira.com.br\/news\/wp-content\/uploads\/2024\/04\/14080b08b5328da5601815746ae07374.jpg?fit=800%2C450&ssl=1","_links":{"self":[{"href":"https:\/\/guialimeira.com.br\/news\/wp-json\/wp\/v2\/posts\/3231","targetHints":{"allow":["GET"]}}],"collection":[{"href":"https:\/\/guialimeira.com.br\/news\/wp-json\/wp\/v2\/posts"}],"about":[{"href":"https:\/\/guialimeira.com.br\/news\/wp-json\/wp\/v2\/types\/post"}],"author":[{"embeddable":true,"href":"https:\/\/guialimeira.com.br\/news\/wp-json\/wp\/v2\/users\/1"}],"replies":[{"embeddable":true,"href":"https:\/\/guialimeira.com.br\/news\/wp-json\/wp\/v2\/comments?post=3231"}],"version-history":[{"count":0,"href":"https:\/\/guialimeira.com.br\/news\/wp-json\/wp\/v2\/posts\/3231\/revisions"}],"wp:featuredmedia":[{"embeddable":true,"href":"https:\/\/guialimeira.com.br\/news\/wp-json\/wp\/v2\/media\/3232"}],"wp:attachment":[{"href":"https:\/\/guialimeira.com.br\/news\/wp-json\/wp\/v2\/media?parent=3231"}],"wp:term":[{"taxonomy":"category","embeddable":true,"href":"https:\/\/guialimeira.com.br\/news\/wp-json\/wp\/v2\/categories?post=3231"},{"taxonomy":"post_tag","embeddable":true,"href":"https:\/\/guialimeira.com.br\/news\/wp-json\/wp\/v2\/tags?post=3231"}],"curies":[{"name":"wp","href":"https:\/\/api.w.org\/{rel}","templated":true}]}}