{"id":32245,"date":"2025-05-04T09:38:41","date_gmt":"2025-05-04T12:38:41","guid":{"rendered":"https:\/\/guialimeira.com.br\/2025\/05\/04\/presidente-embarca-essa-semana-para-viagens-a-russia-e-a-china\/"},"modified":"2025-05-04T09:38:41","modified_gmt":"2025-05-04T12:38:41","slug":"presidente-embarca-essa-semana-para-viagens-a-russia-e-a-china","status":"publish","type":"post","link":"https:\/\/guialimeira.com.br\/news\/presidente-embarca-essa-semana-para-viagens-a-russia-e-a-china\/","title":{"rendered":"Presidente embarca essa semana para viagens \u00e0 R\u00fassia e \u00e0 China"},"content":{"rendered":"<p> <br \/>\n<\/p>\n<div>\n<p>O presidente Luiz In\u00e1cio Lula da Silva retoma a agenda de viagens internacional essa semana. O primeiro compromisso ser\u00e1 em Moscou, na R\u00fassia. A <strong>convite do presidente Vladimir Putin, Lula participar\u00e1 das celebra\u00e7\u00f5es dos 80 anos da vit\u00f3ria da Uni\u00e3o Sovi\u00e9tica sobre a Alemanha nazista na segunda guerra mundial.<\/strong> \u00c9 o feriado mais importante da R\u00fassia, que ocorre no dia 9 de maio, com um grandioso desfile c\u00edvico-militar em Moscou. <strong>Ambos os presidentes tamb\u00e9m manter\u00e3o reuni\u00e3o bilateral durante a visita, entre 8 e 10 de maio.<\/strong><img data-recalc-dims=\"1\" decoding=\"async\" src=\"https:\/\/i0.wp.com\/agenciabrasil.ebc.com.br\/ebc.png?w=696&#038;ssl=1\" style=\"width:1px; height:1px; display:inline;\"\/><img data-recalc-dims=\"1\" decoding=\"async\" src=\"https:\/\/i0.wp.com\/agenciabrasil.ebc.com.br\/ebc.gif?w=696&#038;ssl=1\" style=\"width:1px; height:1px; display:inline;\"\/><\/p>\n<p>Na sequ\u00eancia, <strong>Lula segue para China, onde cumprir\u00e1 agendas nos dias 12 e 13 de maio. <\/strong>A <strong>visita de Lula ao pa\u00eds asi\u00e1tico ocorrer\u00e1 no contexto da C\u00fapula entre China e pa\u00edses da Comunidade de Estados Latino-Americanos e Caribenhos (Celac).<\/strong><\/p>\n<p>O<a href=\"https:\/\/agenciabrasil.ebc.com.br\/internacional\/noticia\/2025-04\/china-reage-e-e-eleva-impostos-sobre-produtos-dos-eua-em-125\" target=\"_blank\" rel=\"noopener\"> encontro bilateral previsto entre Lula e Xi Jinping<\/a> ocorrer\u00e1 em meio ao acirramento da guerra comercial entre Estados Unidos e China, as duas maiores economias do planeta. A <strong>imposi\u00e7\u00e3o de tarifas m\u00fatuas, desencadeada por iniciativa do presidente norte-americano Donald Trump,<\/strong> vem causando sucessivas turbul\u00eancias nos mercados de a\u00e7\u00f5es e alimenta o temor de uma recess\u00e3o global.<\/p>\n<p>A viagem \u00e0 <strong><a href=\"https:\/\/agenciabrasil.ebc.com.br\/politica\/noticia\/2024-11\/relacao-entre-brasil-e-china-vive-melhor-momento-diz-xi-jinping\" target=\"_blank\" rel=\"noopener\">China ser\u00e1 a segunda visita oficial de Lula<\/a> neste terceiro mandato<\/strong>. A visita anterior ocorreu em abril de 2023, que foi retribu\u00edda por <a href=\"https:\/\/agenciabrasil.ebc.com.br\/politica\/noticia\/2024-11\/relacao-entre-brasil-e-china-vive-melhor-momento-diz-xi-jinping\" target=\"_blank\" rel=\"noopener\">Xi Jinping em visita de Estado em novembro do ano passado<\/a>, ap\u00f3s a C\u00fapula do G20, sediada pelo Brasil. Al\u00e9m disso, eles haviam se encontrado outra vez em 2023 na C\u00fapula dos Brics, na \u00c1frica do Sul.<\/p>\n<p>      <!-- Relacionada --><\/p>\n<p>            <!-- Relacionada -->\n    <\/div>\n<p><br \/>\n<br \/><a href=\"https:\/\/agenciabrasil.ebc.com.br\/internacional\/noticia\/2025-05\/presidente-embarca-essa-semana-para-viagens-russia-e-china\" rel=\"noopener\">Ag\u00eancia Brasil <\/a><\/p>\n","protected":false},"excerpt":{"rendered":"<p>O presidente Luiz In\u00e1cio Lula da Silva retoma a agenda de viagens internacional essa semana. O primeiro compromisso ser\u00e1 em Moscou, na R\u00fassia. A convite do presidente Vladimir Putin, Lula participar\u00e1 das celebra\u00e7\u00f5es dos 80 anos da vit\u00f3ria da Uni\u00e3o Sovi\u00e9tica sobre a Alemanha nazista na segunda guerra mundial. \u00c9 o feriado mais importante da [&hellip;]<\/p>\n","protected":false},"author":1,"featured_media":31244,"comment_status":"open","ping_status":"open","sticky":false,"template":"","format":"standard","meta":{"_jetpack_newsletter_access":"","_jetpack_dont_email_post_to_subs":false,"_jetpack_newsletter_tier_id":0,"_jetpack_memberships_contains_paywalled_content":false,"_mbp_banners":[],"_jetpack_feature_clip_id":0,"_jetpack_memberships_contains_paid_content":false,"footnotes":"","jetpack_publicize_message":"","jetpack_publicize_feature_enabled":true,"jetpack_social_post_already_shared":true,"jetpack_social_options":{"image_generator_settings":{"template":"highway","default_image_id":0,"font":"","enabled":false},"version":2},"jetpack_post_was_ever_published":false},"categories":[25],"tags":[],"class_list":["post-32245","post","type-post","status-publish","format-standard","has-post-thumbnail","category-internacional"],"jetpack_publicize_connections":[],"jetpack-related-posts":[],"jetpack_shortlink":"https:\/\/wp.me\/p7Eq1F-8o5","jetpack_sharing_enabled":true,"jetpack_featured_media_url":"https:\/\/i0.wp.com\/guialimeira.com.br\/news\/wp-content\/uploads\/2025\/04\/54471391303_d8e40094a4_o_copiar.jpg?fit=1600%2C800&ssl=1","_links":{"self":[{"href":"https:\/\/guialimeira.com.br\/news\/wp-json\/wp\/v2\/posts\/32245","targetHints":{"allow":["GET"]}}],"collection":[{"href":"https:\/\/guialimeira.com.br\/news\/wp-json\/wp\/v2\/posts"}],"about":[{"href":"https:\/\/guialimeira.com.br\/news\/wp-json\/wp\/v2\/types\/post"}],"author":[{"embeddable":true,"href":"https:\/\/guialimeira.com.br\/news\/wp-json\/wp\/v2\/users\/1"}],"replies":[{"embeddable":true,"href":"https:\/\/guialimeira.com.br\/news\/wp-json\/wp\/v2\/comments?post=32245"}],"version-history":[{"count":0,"href":"https:\/\/guialimeira.com.br\/news\/wp-json\/wp\/v2\/posts\/32245\/revisions"}],"wp:featuredmedia":[{"embeddable":true,"href":"https:\/\/guialimeira.com.br\/news\/wp-json\/wp\/v2\/media\/31244"}],"wp:attachment":[{"href":"https:\/\/guialimeira.com.br\/news\/wp-json\/wp\/v2\/media?parent=32245"}],"wp:term":[{"taxonomy":"category","embeddable":true,"href":"https:\/\/guialimeira.com.br\/news\/wp-json\/wp\/v2\/categories?post=32245"},{"taxonomy":"post_tag","embeddable":true,"href":"https:\/\/guialimeira.com.br\/news\/wp-json\/wp\/v2\/tags?post=32245"}],"curies":[{"name":"wp","href":"https:\/\/api.w.org\/{rel}","templated":true}]}}