{"id":3218,"date":"2024-04-30T17:58:43","date_gmt":"2024-04-30T20:58:43","guid":{"rendered":"https:\/\/guialimeira.com.br\/2024\/04\/30\/saude-prepara-plenaria-da-4a-conferencia-nacional-de-gestao-do-trabalho-e-da-educacao-na-saude-portal-do-municipio-de-piracicaba\/"},"modified":"2024-04-30T17:58:43","modified_gmt":"2024-04-30T20:58:43","slug":"saude-prepara-plenaria-da-4a-conferencia-nacional-de-gestao-do-trabalho-e-da-educacao-na-saude-portal-do-municipio-de-piracicaba","status":"publish","type":"post","link":"https:\/\/guialimeira.com.br\/news\/saude-prepara-plenaria-da-4a-conferencia-nacional-de-gestao-do-trabalho-e-da-educacao-na-saude-portal-do-municipio-de-piracicaba\/","title":{"rendered":"Sa\u00fade\u00a0prepara plen\u00e1ria da 4\u00aa Confer\u00eancia Nacional de Gest\u00e3o do Trabalho e da Educa\u00e7\u00e3o na Sa\u00fade \u2013 Portal do Munic\u00edpio de Piracicaba"},"content":{"rendered":"<p> <br \/>\n<\/p>\n<div>\n<figure class=\"text-center\">\n<img data-recalc-dims=\"1\" width=\"696\" height=\"464\" src=\"https:\/\/i0.wp.com\/piracicaba.sp.gov.br\/wp-content\/uploads\/2024\/04\/Piracicaba-tera-Plenaria-Municipal-de-conferencia-nacional-que-abordara-a-gestao-do-trabalho-e-da-educacao-na-Saude-1024x683.jpg?resize=696%2C464&#038;ssl=1\" class=\"img-fluid img-thumbnail border-1 wp-post-image\" alt=\"Piracicaba ter\u00e1 Plen\u00e1ria Municipal de confer\u00eancia nacional que abordar\u00e1 a gest\u00e3o do trabalho e da educa\u00e7\u00e3o na Sa\u00fade\" itemprop=\"image\" decoding=\"async\" fetchpriority=\"high\" srcset=\"https:\/\/piracicaba.sp.gov.br\/wp-content\/uploads\/2024\/04\/Piracicaba-tera-Plenaria-Municipal-de-conferencia-nacional-que-abordara-a-gestao-do-trabalho-e-da-educacao-na-Saude-1024x683.jpg 1024w, https:\/\/piracicaba.sp.gov.br\/wp-content\/uploads\/2024\/04\/Piracicaba-tera-Plenaria-Municipal-de-conferencia-nacional-que-abordara-a-gestao-do-trabalho-e-da-educacao-na-Saude-300x200.jpg 300w, https:\/\/piracicaba.sp.gov.br\/wp-content\/uploads\/2024\/04\/Piracicaba-tera-Plenaria-Municipal-de-conferencia-nacional-que-abordara-a-gestao-do-trabalho-e-da-educacao-na-Saude-768x512.jpg 768w, https:\/\/piracicaba.sp.gov.br\/wp-content\/uploads\/2024\/04\/Piracicaba-tera-Plenaria-Municipal-de-conferencia-nacional-que-abordara-a-gestao-do-trabalho-e-da-educacao-na-Saude-1536x1024.jpg 1536w, https:\/\/piracicaba.sp.gov.br\/wp-content\/uploads\/2024\/04\/Piracicaba-tera-Plenaria-Municipal-de-conferencia-nacional-que-abordara-a-gestao-do-trabalho-e-da-educacao-na-Saude-2048x1365.jpg 2048w\" sizes=\"(max-width: 1024px) 100vw, 1024px\"\/><figcaption class=\"text-center small fw-bold fst-italic mt-1\">Piracicaba ter\u00e1 Plen\u00e1ria Municipal de confer\u00eancia nacional que abordar\u00e1 a gest\u00e3o do trabalho e da educa\u00e7\u00e3o na Sa\u00fade<\/figcaption><\/figure>\n<p>Com o tema Democracia, Trabalho e Educa\u00e7\u00e3o na Sa\u00fade para o Desenvolvimento: Gente que faz o SUS acontecer, a cidade de Piracicaba se prepara para participar da 4\u00aa Confer\u00eancia Nacional de Gest\u00e3o do Trabalho e da Educa\u00e7\u00e3o na Sa\u00fade (4\u00aa CNGTES), organizada pelo Conselho Nacional de Sa\u00fade (CNS), que acontecer\u00e1 em Bras\u00edlia (DF), de 10 a 13 de dezembro de 2024. Por meio da Portaria SMS n\u00b0 35\/2024, publicada nesta ter\u00e7a-feira, 29\/04, no Di\u00e1rio Oficial do Munic\u00edpio, est\u00e1 definida a comiss\u00e3o organizadora da Plen\u00e1ria Municipal prevista para acontecer em 08\/06, das 8h \u00e0s 14h, no anfiteatro da Secretaria Municipal de Educa\u00e7\u00e3o. Todas as atividades da confer\u00eancia t\u00eam apoio do Minist\u00e9rio da Sa\u00fade (MS), por meio da Secretaria de Gest\u00e3o do Trabalho e da Educa\u00e7\u00e3o na Sa\u00fade (SGTES).<\/p>\n<p>Segundo informa\u00e7\u00f5es do CNS, ap\u00f3s 18 anos de sua \u00faltima realiza\u00e7\u00e3o, nessa edi\u00e7\u00e3o, o evento tem entre os objetivos mobilizar todas as regi\u00f5es de sa\u00fade do Brasil com foco na educa\u00e7\u00e3o permanente das equipes de sa\u00fade para o aprimoramento do trabalho e do cuidado, al\u00e9m de revisar os processos de forma\u00e7\u00e3o de profissionais da sa\u00fade.<\/p>\n<p>O secret\u00e1rio de Sa\u00fade, Augusto Muzilli Junior, que tamb\u00e9m ser\u00e1 o presidente da confer\u00eancia local, explica que a 4\u00aa CNGTES \u00e9 realizada sob um contexto hist\u00f3rico no Brasil, ap\u00f3s uma s\u00e9rie de a\u00e7\u00f5es que desrespeitaram os direitos trabalhistas e promoveram o enfraquecimento das a\u00e7\u00f5es de educa\u00e7\u00e3o em sa\u00fade. \u201cA Confer\u00eancia \u00e9 retomada num momento muito importante, pois \u00e9 necess\u00e1rio reavaliar os impactos causados pela pandemia de Covid-19 e sua repercuss\u00e3o direta no mercado de trabalho, com aumento de desemprego e amplia\u00e7\u00e3o das vulnerabilidades dos trabalhadores\u201d, apontou.<\/p>\n<p><strong>EIXOS<\/strong><strong>\u00a0<\/strong><strong>\u2013<\/strong>\u00a0Todas as informa\u00e7\u00f5es e documentos orientadores para a realiza\u00e7\u00e3o da 4\u00aa CNGTES est\u00e3o dispon\u00edveis no site do CNS (<a href=\"https:\/\/conselho.saude.gov.br\/\" target=\"_blank\" rel=\"noreferrer noopener\">https:\/\/conselho.saude.gov.br\/<\/a>). Os documentos apresentam eixos, subeixos e perguntas norteadoras que poder\u00e3o guiar conselheiras e conselheiros de sa\u00fade no planejamento e execu\u00e7\u00e3o das confer\u00eancias nos territ\u00f3rios.<\/p>\n<p>Os tr\u00eas eixos a serem discutidos ser\u00e3o: Democracia, controle social e o desafio da equidade na gest\u00e3o participativa do trabalho e da educa\u00e7\u00e3o em sa\u00fade; Trabalho digno, decente, seguro, humanizado, equ\u00e2nime e democr\u00e1tico no SUS: uma agenda estrat\u00e9gica para o futuro do Brasil; e, Educa\u00e7\u00e3o para o desenvolvimento do trabalho na produ\u00e7\u00e3o da sa\u00fade e do cuidado das pessoas que fazem o SUS acontecer: a sa\u00fade da democracia para a democracia da sa\u00fade.<\/p>\n<p><strong>CEN\u00c1RIO ATUAL \u2013<\/strong>\u00a0Segundo levantamento divulgado recentemente pelo CNS, o Cadastro Nacional de Estabelecimentos de Sa\u00fade (CNES) aponta que h\u00e1 no Brasil mais de 3 milh\u00f5es de pessoas trabalhadoras em exerc\u00edcio no SUS. Desse total, 75% s\u00e3o mulheres, 47% possuem curso superior e a faixa et\u00e1ria m\u00e9dia para ambos os g\u00eaneros \u00e9 de 40 a 44 anos de idade. Em todas as cinco regi\u00f5es, quem lidera o ranking de maior n\u00famero de pessoas empregadas s\u00e3o t\u00e9cnicas(os) em enfermagem, ao todo, 769.203 mil profissionais. \u201cA 4\u00aa CNGTES busca a valoriza\u00e7\u00e3o das pessoas que constroem o sistema p\u00fablico de sa\u00fade, em suas dimens\u00f5es continentais, que englobam mais de 4 milh\u00f5es de trabalhadoras(es) de diversas profiss\u00f5es de sa\u00fade de n\u00edvel t\u00e9cnico, m\u00e9dio e superior\u201d, informa o Conselho.<\/p>\n<p><strong>SERVI\u00c7O \u2013<\/strong><strong>\u00a0<\/strong>Etapa Municipal da 4\u00aa Confer\u00eancia Nacional da Gest\u00e3o do Trabalho e Educa\u00e7\u00e3o em Sa\u00fade. Plen\u00e1ria Municipal ser\u00e1 realizada no anfiteatro da Secretaria Municipal de Educa\u00e7\u00e3o \u00e0 rua Cristiano Cleopath, 1902, bairro dos Alem\u00e3es, no dia 08 de junho de 2024 das 8h \u00e0s 14h. Mais informa\u00e7\u00f5es sobre a participa\u00e7\u00e3o e inscri\u00e7\u00f5es ser\u00e3o divulgadas em breve pela SMS.<\/p>\n<\/div>\n<p><br \/>\n<br \/><a href=\"https:\/\/piracicaba.sp.gov.br\/noticias\/saude-prepara-plenaria-da-4a-conferencia-nacional-de-gestao-do-trabalho-e-da-educacao-na-saude\/\" rel=\"noopener\">Informa\u00e7\u00f5es PMP <\/a><\/p>\n","protected":false},"excerpt":{"rendered":"<p>Piracicaba ter\u00e1 Plen\u00e1ria Municipal de confer\u00eancia nacional que abordar\u00e1 a gest\u00e3o do trabalho e da educa\u00e7\u00e3o na Sa\u00fade Com o tema Democracia, Trabalho e Educa\u00e7\u00e3o na Sa\u00fade para o Desenvolvimento: Gente que faz o SUS acontecer, a cidade de Piracicaba se prepara para participar da 4\u00aa Confer\u00eancia Nacional de Gest\u00e3o do Trabalho e da Educa\u00e7\u00e3o [&hellip;]<\/p>\n","protected":false},"author":1,"featured_media":3219,"comment_status":"open","ping_status":"open","sticky":false,"template":"","format":"standard","meta":{"_jetpack_newsletter_access":"","_jetpack_dont_email_post_to_subs":false,"_jetpack_newsletter_tier_id":0,"_jetpack_memberships_contains_paywalled_content":false,"_mbp_banners":[],"_jetpack_feature_clip_id":0,"_jetpack_memberships_contains_paid_content":false,"footnotes":"","jetpack_publicize_message":"","jetpack_publicize_feature_enabled":true,"jetpack_social_post_already_shared":true,"jetpack_social_options":{"image_generator_settings":{"template":"highway","default_image_id":0,"font":"","enabled":false},"version":2},"jetpack_post_was_ever_published":false},"categories":[20],"tags":[],"class_list":["post-3218","post","type-post","status-publish","format-standard","has-post-thumbnail","category-regiao"],"jetpack_publicize_connections":[],"jetpack-related-posts":[],"jetpack_shortlink":"https:\/\/wp.me\/p7Eq1F-PU","jetpack_sharing_enabled":true,"jetpack_featured_media_url":"https:\/\/i0.wp.com\/guialimeira.com.br\/news\/wp-content\/uploads\/2024\/04\/Piracicaba-tera-Plenaria-Municipal-de-conferencia-nacional-que-abordara-a-gestao-do-trabalho-e-da-educacao-na-Saude-scaled.jpg?fit=2560%2C1706&ssl=1","_links":{"self":[{"href":"https:\/\/guialimeira.com.br\/news\/wp-json\/wp\/v2\/posts\/3218","targetHints":{"allow":["GET"]}}],"collection":[{"href":"https:\/\/guialimeira.com.br\/news\/wp-json\/wp\/v2\/posts"}],"about":[{"href":"https:\/\/guialimeira.com.br\/news\/wp-json\/wp\/v2\/types\/post"}],"author":[{"embeddable":true,"href":"https:\/\/guialimeira.com.br\/news\/wp-json\/wp\/v2\/users\/1"}],"replies":[{"embeddable":true,"href":"https:\/\/guialimeira.com.br\/news\/wp-json\/wp\/v2\/comments?post=3218"}],"version-history":[{"count":0,"href":"https:\/\/guialimeira.com.br\/news\/wp-json\/wp\/v2\/posts\/3218\/revisions"}],"wp:featuredmedia":[{"embeddable":true,"href":"https:\/\/guialimeira.com.br\/news\/wp-json\/wp\/v2\/media\/3219"}],"wp:attachment":[{"href":"https:\/\/guialimeira.com.br\/news\/wp-json\/wp\/v2\/media?parent=3218"}],"wp:term":[{"taxonomy":"category","embeddable":true,"href":"https:\/\/guialimeira.com.br\/news\/wp-json\/wp\/v2\/categories?post=3218"},{"taxonomy":"post_tag","embeddable":true,"href":"https:\/\/guialimeira.com.br\/news\/wp-json\/wp\/v2\/tags?post=3218"}],"curies":[{"name":"wp","href":"https:\/\/api.w.org\/{rel}","templated":true}]}}