{"id":32160,"date":"2025-05-02T11:46:46","date_gmt":"2025-05-02T14:46:46","guid":{"rendered":"https:\/\/guialimeira.com.br\/2025\/05\/02\/oms-alerta-para-surto-de-antraz-na-republica-democratica-do-congo\/"},"modified":"2025-05-02T11:46:46","modified_gmt":"2025-05-02T14:46:46","slug":"oms-alerta-para-surto-de-antraz-na-republica-democratica-do-congo","status":"publish","type":"post","link":"https:\/\/guialimeira.com.br\/news\/oms-alerta-para-surto-de-antraz-na-republica-democratica-do-congo\/","title":{"rendered":"OMS alerta para surto de antraz na Rep\u00fablica Democr\u00e1tica do Congo"},"content":{"rendered":"<p> <br \/>\n<\/p>\n<div>\n<p>A <strong>Organiza\u00e7\u00e3o Mundial da Sa\u00fade<\/strong> (OMS) emitiu alerta para um <strong>surto de antraz na Rep\u00fablica Democr\u00e1tica do Congo<\/strong>. Pelo menos <strong>16 casos suspeitos da doen\u00e7a foram notificados e uma pessoa morreu<\/strong>, segundo informa\u00e7\u00f5es da Organiza\u00e7\u00e3o das Na\u00e7\u00f5es Unidas (ONU).<img data-recalc-dims=\"1\" decoding=\"async\" src=\"https:\/\/i0.wp.com\/agenciabrasil.ebc.com.br\/ebc.png?w=696&#038;ssl=1\" style=\"width:1px; height:1px; display:inline;\"\/><img data-recalc-dims=\"1\" decoding=\"async\" src=\"https:\/\/i0.wp.com\/agenciabrasil.ebc.com.br\/ebc.gif?w=696&#038;ssl=1\" style=\"width:1px; height:1px; display:inline;\"\/><\/p>\n<p>Autoridades locais informaram que o<strong> surto foi registrado na prov\u00edncia de Kivu do Norte<\/strong>, no leste do pa\u00eds, que j\u00e1 <strong>\u00e9 alvo de conflitos violentos entre tropas do governo e rebeldes.<\/strong> Os casos est\u00e3o concentrados em quatro \u00e1reas do Lago Eduardo, na fronteira com Uganda.<\/p>\n<p>Do lado ugandense da fronteira, sete casos suspeitos foram notificados no oeste do distrito de Kabale.<\/p>\n<h2>A doen\u00e7a<\/h2>\n<p>A <strong>infec\u00e7\u00e3o bacteriana,<\/strong> que afeta principalmente animais, pode ser transmitida a seres humanos direta ou indiretamente por animais ou produtos de origem animal contaminados.<\/p>\n<p><strong>Em seres humanos, o antraz geralmente n\u00e3o \u00e9 considerado contagioso,<\/strong> embora haja notifica\u00e7\u00f5es raras de contamina\u00e7\u00e3o entre pessoas.<\/p>\n<p>A <strong>bact\u00e9ria <em>Bacillus anthracis<\/em> produz toxinas extremamente potentes, causando alta taxa de letalidade<\/strong>.<\/p>\n<h2>Vacina\u00e7\u00e3o de rebanhos<\/h2>\n<p>Para conter o <strong>surto<\/strong>, a <strong>OMS autorizou nova campanha de vacina\u00e7\u00e3o em rebanhos<\/strong>, j\u00e1 que a doen\u00e7a afeta tipicamente ruminantes como vacas, ovelhas e cabras.<\/p>\n<p><strong>Agentes de sa\u00fade<\/strong> buscam entender a fonte do surto no pa\u00eds e como t\u00eam funcionado as cadeias de transmiss\u00e3o, al\u00e9m de fornecer <strong>medicamentos e tratamentos a pessoas infectadas e seus contatos pr\u00f3ximos.<\/strong><\/p>\n<p>Atualmente, <strong>existem vacinas contra o antraz para animais e tamb\u00e9m para humanos<\/strong>. Doses veterin\u00e1rias s\u00e3o usadas para o controle da doen\u00e7a em animais, enquanto o estoque de vacinas humanas \u00e9 limitado e utilizado em indiv\u00edduos selecionados com poss\u00edvel exposi\u00e7\u00e3o.<\/p>\n<h2>Dissemina\u00e7\u00e3o<\/h2>\n<p>De acordo com a OMS, quando os <strong>esporos de antraz s\u00e3o ingeridos, inalados ou entram no corpo por meio de abras\u00f5es ou cortes na pele, eles podem germinar, multiplicar-se e produzir toxinas.<\/strong><\/p>\n<p><strong>Insetos podem transmitir a bact\u00e9ria entre animais<\/strong>. J\u00e1 a ra\u00e7\u00e3o animal pode ser contaminada por antraz se contiver farinha de ossos de animais infectados.<\/p>\n<p><strong>Humanos, por sua vez, podem ser infectados se manusearem ou estiverem envolvidos no abate de um animal doente<\/strong>, ou se estiverem em contato com produtos de origem animal contaminados (como carne, sangue, l\u00e3, couro, ossos).<\/p>\n<h2>Sintomas<\/h2>\n<p>Existem tr\u00eas formas de <strong>manifesta\u00e7\u00e3o cl\u00ednica do antraz em humanos, sendo que o cut\u00e2neo \u00e9 a forma mais comum.<\/strong><\/p>\n<p>Geralmente, a bact\u00e9ria \u00e9 contra\u00edda quando uma pessoa com uma les\u00e3o na pele, como um corte ou uma abras\u00e3o, entra em contato direto com esporos de antraz. A <strong>protuber\u00e2ncia resultante, que co\u00e7a, rapidamente se transforma em uma ferida preta.<\/strong><\/p>\n<p>Algumas <strong>pessoas ent\u00e3o desenvolvem dores de cabe\u00e7a, dores musculares, febre e v\u00f4mitos.<\/strong><\/p>\n<p>O <strong>antraz gastrointestinal \u00e9 resultado da ingest\u00e3o de carne de um animal infectado e causa sintomas iniciais semelhantes aos de uma intoxica\u00e7\u00e3o alimentar<\/strong>, que podem piorar e causar dor abdominal intensa, v\u00f4mito com sangue e diarreia intensa.<\/p>\n<p>A <strong>forma mais grave e rara de antraz em humanos \u00e9 o chamada antraz por inala\u00e7\u00e3o ou antraz pulmonar,<\/strong> causada quando uma pessoa \u00e9 exposta diretamente a um grande n\u00famero de esporos de antraz suspensos no ar e os inala.<\/p>\n<p>Os <strong>primeiros sintomas s\u00e3o semelhantes aos de um resfriado comum, mas podem progredir rapidamente para dificuldades respirat\u00f3rias graves e choque.<\/strong><\/p>\n<p>\u00a0<\/p>\n<p>      <!-- Relacionada --><\/p>\n<p>            <!-- Relacionada -->\n    <\/div>\n<p><br \/>\n<br \/><a href=\"https:\/\/agenciabrasil.ebc.com.br\/saude\/noticia\/2025-05\/oms-alerta-para-surto-de-antraz-na-republica-democratica-do-congo\" rel=\"noopener\">Ag\u00eancia Brasil <\/a><\/p>\n","protected":false},"excerpt":{"rendered":"<p>A Organiza\u00e7\u00e3o Mundial da Sa\u00fade (OMS) emitiu alerta para um surto de antraz na Rep\u00fablica Democr\u00e1tica do Congo. Pelo menos 16 casos suspeitos da doen\u00e7a foram notificados e uma pessoa morreu, segundo informa\u00e7\u00f5es da Organiza\u00e7\u00e3o das Na\u00e7\u00f5es Unidas (ONU). Autoridades locais informaram que o surto foi registrado na prov\u00edncia de Kivu do Norte, no leste [&hellip;]<\/p>\n","protected":false},"author":1,"featured_media":1270,"comment_status":"open","ping_status":"open","sticky":false,"template":"","format":"standard","meta":{"_jetpack_newsletter_access":"","_jetpack_dont_email_post_to_subs":false,"_jetpack_newsletter_tier_id":0,"_jetpack_memberships_contains_paywalled_content":false,"_mbp_banners":[],"_jetpack_feature_clip_id":0,"_jetpack_memberships_contains_paid_content":false,"footnotes":"","jetpack_publicize_message":"","jetpack_publicize_feature_enabled":true,"jetpack_social_post_already_shared":true,"jetpack_social_options":{"image_generator_settings":{"template":"highway","default_image_id":0,"font":"","enabled":false},"version":2},"jetpack_post_was_ever_published":false},"categories":[15],"tags":[],"class_list":["post-32160","post","type-post","status-publish","format-standard","has-post-thumbnail","category-saude"],"jetpack_publicize_connections":[],"jetpack-related-posts":[],"jetpack_shortlink":"https:\/\/wp.me\/p7Eq1F-8mI","jetpack_sharing_enabled":true,"jetpack_featured_media_url":"https:\/\/i0.wp.com\/guialimeira.com.br\/news\/wp-content\/uploads\/2024\/04\/2024-02-16t105128z_1_lynxnpek1f0au_rtroptp_4_health-obesity-who.jpg?fit=1600%2C800&ssl=1","_links":{"self":[{"href":"https:\/\/guialimeira.com.br\/news\/wp-json\/wp\/v2\/posts\/32160","targetHints":{"allow":["GET"]}}],"collection":[{"href":"https:\/\/guialimeira.com.br\/news\/wp-json\/wp\/v2\/posts"}],"about":[{"href":"https:\/\/guialimeira.com.br\/news\/wp-json\/wp\/v2\/types\/post"}],"author":[{"embeddable":true,"href":"https:\/\/guialimeira.com.br\/news\/wp-json\/wp\/v2\/users\/1"}],"replies":[{"embeddable":true,"href":"https:\/\/guialimeira.com.br\/news\/wp-json\/wp\/v2\/comments?post=32160"}],"version-history":[{"count":0,"href":"https:\/\/guialimeira.com.br\/news\/wp-json\/wp\/v2\/posts\/32160\/revisions"}],"wp:featuredmedia":[{"embeddable":true,"href":"https:\/\/guialimeira.com.br\/news\/wp-json\/wp\/v2\/media\/1270"}],"wp:attachment":[{"href":"https:\/\/guialimeira.com.br\/news\/wp-json\/wp\/v2\/media?parent=32160"}],"wp:term":[{"taxonomy":"category","embeddable":true,"href":"https:\/\/guialimeira.com.br\/news\/wp-json\/wp\/v2\/categories?post=32160"},{"taxonomy":"post_tag","embeddable":true,"href":"https:\/\/guialimeira.com.br\/news\/wp-json\/wp\/v2\/tags?post=32160"}],"curies":[{"name":"wp","href":"https:\/\/api.w.org\/{rel}","templated":true}]}}