{"id":32150,"date":"2025-05-02T09:50:45","date_gmt":"2025-05-02T12:50:45","guid":{"rendered":"https:\/\/guialimeira.com.br\/2025\/05\/02\/instalada-na-capela-sistina-chamine-que-anunciara-o-novo-papa\/"},"modified":"2025-05-02T09:50:45","modified_gmt":"2025-05-02T12:50:45","slug":"instalada-na-capela-sistina-chamine-que-anunciara-o-novo-papa","status":"publish","type":"post","link":"https:\/\/guialimeira.com.br\/news\/instalada-na-capela-sistina-chamine-que-anunciara-o-novo-papa\/","title":{"rendered":"Instalada na Capela Sistina chamin\u00e9 que anunciar\u00e1 o novo papa"},"content":{"rendered":"<p> <br \/>\n<\/p>\n<div>\n<p>Os sinais de fuma\u00e7a papais est\u00e3o prontos. Funcion\u00e1rios do Vaticano i\u00e7aram, nesta sexta-feira (2) uma chamin\u00e9 no telhado da Capela Sistina que ser\u00e1 usada para queimar as c\u00e9dulas do conclave que eleger\u00e1 o sucessor do papa Francisco.<img data-recalc-dims=\"1\" decoding=\"async\" src=\"https:\/\/i0.wp.com\/agenciabrasil.ebc.com.br\/ebc.png?w=696&#038;ssl=1\" style=\"width:1px; height:1px; display:inline;\"\/><img data-recalc-dims=\"1\" decoding=\"async\" src=\"https:\/\/i0.wp.com\/agenciabrasil.ebc.com.br\/ebc.gif?w=696&#038;ssl=1\" style=\"width:1px; height:1px; display:inline;\"\/><\/p>\n<p>A reuni\u00e3o secreta come\u00e7a em 7 de maio, e os cardeais v\u00e3o usar a chamin\u00e9 para comunicar ao mundo exterior se eles elegeram um novo l\u00edder para a Igreja Cat\u00f3lica, que congrega 1,4 bilh\u00e3o de pessoas.<\/p>\n<p>A fuma\u00e7a preta significar\u00e1 que n\u00e3o houve decis\u00e3o. J\u00e1 a fuma\u00e7a branca anunciar\u00e1 que o 267\u00ba papa foi eleito.<\/p>\n<p>Os trabalhadores fixaram um cano cor de ferrugem acima das telhas da Capela Sistina, do s\u00e9culo 15, conhecida por seus afrescos de Michelangelo.<\/p>\n<p>A chamin\u00e9 \u00e9 claramente vis\u00edvel da vizinha Pra\u00e7a de S\u00e3o Pedro, onde se espera que milhares de pessoas se re\u00fanam durante o conclave para ver como a vota\u00e7\u00e3o secreta est\u00e1 progredindo.<\/p>\n<p>Francisco, que morreu em 21 de abril, era papa desde 2013 e foi o primeiro pont\u00edfice das Am\u00e9ricas. Espera-se que cerca de 133 cardeais, cerca de 80% deles nomeados por Francisco, votem em seu sucessor.<\/p>\n<p>Os dois \u00faltimos conclaves, realizados em 2005 e 2013, foram encerrados no final do segundo dia de vota\u00e7\u00e3o.<\/p>\n<p>      <!-- Relacionada --><\/p>\n<p>            <!-- Relacionada -->\n    <\/div>\n<p><br \/>\n<br \/><a href=\"https:\/\/agenciabrasil.ebc.com.br\/internacional\/noticia\/2025-05\/instalada-na-capela-sistina-chamine-que-anunciara-o-novo-papa\" rel=\"noopener\">Ag\u00eancia Brasil <\/a><\/p>\n","protected":false},"excerpt":{"rendered":"<p>Os sinais de fuma\u00e7a papais est\u00e3o prontos. Funcion\u00e1rios do Vaticano i\u00e7aram, nesta sexta-feira (2) uma chamin\u00e9 no telhado da Capela Sistina que ser\u00e1 usada para queimar as c\u00e9dulas do conclave que eleger\u00e1 o sucessor do papa Francisco. A reuni\u00e3o secreta come\u00e7a em 7 de maio, e os cardeais v\u00e3o usar a chamin\u00e9 para comunicar ao [&hellip;]<\/p>\n","protected":false},"author":1,"featured_media":32151,"comment_status":"open","ping_status":"open","sticky":false,"template":"","format":"standard","meta":{"_jetpack_newsletter_access":"","_jetpack_dont_email_post_to_subs":false,"_jetpack_newsletter_tier_id":0,"_jetpack_memberships_contains_paywalled_content":false,"_mbp_banners":[],"_jetpack_feature_clip_id":0,"_jetpack_memberships_contains_paid_content":false,"footnotes":"","jetpack_publicize_message":"","jetpack_publicize_feature_enabled":true,"jetpack_social_post_already_shared":true,"jetpack_social_options":{"image_generator_settings":{"template":"highway","default_image_id":0,"font":"","enabled":false},"version":2},"jetpack_post_was_ever_published":false},"categories":[25],"tags":[],"class_list":["post-32150","post","type-post","status-publish","format-standard","has-post-thumbnail","category-internacional"],"jetpack_publicize_connections":[],"jetpack-related-posts":[],"jetpack_shortlink":"https:\/\/wp.me\/p7Eq1F-8my","jetpack_sharing_enabled":true,"jetpack_featured_media_url":"https:\/\/i0.wp.com\/guialimeira.com.br\/news\/wp-content\/uploads\/2025\/05\/2025-05-02t110456z_1_lynxmpel410gw_rtroptp_4_pope-succession-chimney.jpg?fit=1600%2C800&ssl=1","_links":{"self":[{"href":"https:\/\/guialimeira.com.br\/news\/wp-json\/wp\/v2\/posts\/32150","targetHints":{"allow":["GET"]}}],"collection":[{"href":"https:\/\/guialimeira.com.br\/news\/wp-json\/wp\/v2\/posts"}],"about":[{"href":"https:\/\/guialimeira.com.br\/news\/wp-json\/wp\/v2\/types\/post"}],"author":[{"embeddable":true,"href":"https:\/\/guialimeira.com.br\/news\/wp-json\/wp\/v2\/users\/1"}],"replies":[{"embeddable":true,"href":"https:\/\/guialimeira.com.br\/news\/wp-json\/wp\/v2\/comments?post=32150"}],"version-history":[{"count":0,"href":"https:\/\/guialimeira.com.br\/news\/wp-json\/wp\/v2\/posts\/32150\/revisions"}],"wp:featuredmedia":[{"embeddable":true,"href":"https:\/\/guialimeira.com.br\/news\/wp-json\/wp\/v2\/media\/32151"}],"wp:attachment":[{"href":"https:\/\/guialimeira.com.br\/news\/wp-json\/wp\/v2\/media?parent=32150"}],"wp:term":[{"taxonomy":"category","embeddable":true,"href":"https:\/\/guialimeira.com.br\/news\/wp-json\/wp\/v2\/categories?post=32150"},{"taxonomy":"post_tag","embeddable":true,"href":"https:\/\/guialimeira.com.br\/news\/wp-json\/wp\/v2\/tags?post=32150"}],"curies":[{"name":"wp","href":"https:\/\/api.w.org\/{rel}","templated":true}]}}