{"id":32148,"date":"2025-05-02T09:44:40","date_gmt":"2025-05-02T12:44:40","guid":{"rendered":"https:\/\/guialimeira.com.br\/2025\/05\/02\/florianopolis-decreta-situacao-de-emergencia-publica-por-casos-de-srag\/"},"modified":"2025-05-02T09:44:40","modified_gmt":"2025-05-02T12:44:40","slug":"florianopolis-decreta-situacao-de-emergencia-publica-por-casos-de-srag","status":"publish","type":"post","link":"https:\/\/guialimeira.com.br\/news\/florianopolis-decreta-situacao-de-emergencia-publica-por-casos-de-srag\/","title":{"rendered":"Florian\u00f3polis decreta situa\u00e7\u00e3o de emerg\u00eancia p\u00fablica por casos de SRAG"},"content":{"rendered":"<p> <br \/>\n<\/p>\n<div>\n<p><strong>O prefeito de Florian\u00f3polis, Top\u00e1zio Silveira Neto, decretou situa\u00e7\u00e3o de emerg\u00eancia em sa\u00fade p\u00fablica, devido ao aumento dos casos de s\u00edndrome respirat\u00f3ria aguda grave (SRAG) no munic\u00edpio<\/strong>.\u00a0<img data-recalc-dims=\"1\" decoding=\"async\" src=\"https:\/\/i0.wp.com\/agenciabrasil.ebc.com.br\/ebc.png?w=696&#038;ssl=1\" style=\"width:1px; height:1px; display:inline;\"\/><img data-recalc-dims=\"1\" decoding=\"async\" src=\"https:\/\/i0.wp.com\/agenciabrasil.ebc.com.br\/ebc.gif?w=696&#038;ssl=1\" style=\"width:1px; height:1px; display:inline;\"\/><\/p>\n<p>O decreto foi publicado em edi\u00e7\u00e3o extra do Di\u00e1rio Oficial do Munic\u00edpio nesta quinta-feira (1\u00ba) e tem prazo de 180 dias, podendo ser prorrogado.<\/p>\n<p>Segundo a prefeitura da capital catarinense, <strong>indicadores epidemiol\u00f3gicos revelam aumento expressivo nos \u00edndices de interna\u00e7\u00f5es em leitos de unidades de terapia intensiva (UTIs) neonatal, pedi\u00e1trica e de adultos.<\/strong><\/p>\n<p>Ainda de acordo com o munic\u00edpio, h\u00e1 uma <strong>ocupa\u00e7\u00e3o de 100% dos leitos de retaguarda hospitalares<\/strong> na capital e nos munic\u00edpios do entorno.\u00a0<\/p>\n<p>Isso levou, segundo a prefeitura, \u00e0 superlota\u00e7\u00e3o dos centros de atendimentos, o que representa um \u201celevado risco sanit\u00e1rio para a popula\u00e7\u00e3o\u201d.<\/p>\n<p>O <strong>decreto autoriza a contrata\u00e7\u00e3o tempor\u00e1ria de profissionais para a rede municipal de sa\u00fade<\/strong>, a amplia\u00e7\u00e3o da carga hor\u00e1ria dos contratos administrativos j\u00e1 existentes e a dispensa de licita\u00e7\u00e3o para aquisi\u00e7\u00e3o de bens e servi\u00e7os voltados para o enfrentamento da emerg\u00eancia sanit\u00e1ria.<\/p>\n<p>      <!-- Relacionada --><br \/>\n            <!-- Relacionada -->\n    <\/div>\n<p><br \/>\n<br \/><a href=\"https:\/\/agenciabrasil.ebc.com.br\/saude\/noticia\/2025-05\/florianopolis-decreta-situacao-de-emergencia-publica-por-casos-de-srag\" rel=\"noopener\">Ag\u00eancia Brasil <\/a><\/p>\n","protected":false},"excerpt":{"rendered":"<p>O prefeito de Florian\u00f3polis, Top\u00e1zio Silveira Neto, decretou situa\u00e7\u00e3o de emerg\u00eancia em sa\u00fade p\u00fablica, devido ao aumento dos casos de s\u00edndrome respirat\u00f3ria aguda grave (SRAG) no munic\u00edpio.\u00a0 O decreto foi publicado em edi\u00e7\u00e3o extra do Di\u00e1rio Oficial do Munic\u00edpio nesta quinta-feira (1\u00ba) e tem prazo de 180 dias, podendo ser prorrogado. Segundo a prefeitura da [&hellip;]<\/p>\n","protected":false},"author":1,"featured_media":32149,"comment_status":"open","ping_status":"open","sticky":false,"template":"","format":"standard","meta":{"_jetpack_newsletter_access":"","_jetpack_dont_email_post_to_subs":false,"_jetpack_newsletter_tier_id":0,"_jetpack_memberships_contains_paywalled_content":false,"_mbp_banners":[],"_jetpack_feature_clip_id":0,"_jetpack_memberships_contains_paid_content":false,"footnotes":"","jetpack_publicize_message":"","jetpack_publicize_feature_enabled":true,"jetpack_social_post_already_shared":true,"jetpack_social_options":{"image_generator_settings":{"template":"highway","default_image_id":0,"font":"","enabled":false},"version":2},"jetpack_post_was_ever_published":false},"categories":[15],"tags":[],"class_list":["post-32148","post","type-post","status-publish","format-standard","has-post-thumbnail","category-saude"],"jetpack_publicize_connections":[],"jetpack-related-posts":[],"jetpack_shortlink":"https:\/\/wp.me\/p7Eq1F-8mw","jetpack_sharing_enabled":true,"jetpack_featured_media_url":"https:\/\/i0.wp.com\/guialimeira.com.br\/news\/wp-content\/uploads\/2025\/05\/santa-catarina-1548845_1280_1.jpg?fit=1600%2C800&ssl=1","_links":{"self":[{"href":"https:\/\/guialimeira.com.br\/news\/wp-json\/wp\/v2\/posts\/32148","targetHints":{"allow":["GET"]}}],"collection":[{"href":"https:\/\/guialimeira.com.br\/news\/wp-json\/wp\/v2\/posts"}],"about":[{"href":"https:\/\/guialimeira.com.br\/news\/wp-json\/wp\/v2\/types\/post"}],"author":[{"embeddable":true,"href":"https:\/\/guialimeira.com.br\/news\/wp-json\/wp\/v2\/users\/1"}],"replies":[{"embeddable":true,"href":"https:\/\/guialimeira.com.br\/news\/wp-json\/wp\/v2\/comments?post=32148"}],"version-history":[{"count":0,"href":"https:\/\/guialimeira.com.br\/news\/wp-json\/wp\/v2\/posts\/32148\/revisions"}],"wp:featuredmedia":[{"embeddable":true,"href":"https:\/\/guialimeira.com.br\/news\/wp-json\/wp\/v2\/media\/32149"}],"wp:attachment":[{"href":"https:\/\/guialimeira.com.br\/news\/wp-json\/wp\/v2\/media?parent=32148"}],"wp:term":[{"taxonomy":"category","embeddable":true,"href":"https:\/\/guialimeira.com.br\/news\/wp-json\/wp\/v2\/categories?post=32148"},{"taxonomy":"post_tag","embeddable":true,"href":"https:\/\/guialimeira.com.br\/news\/wp-json\/wp\/v2\/tags?post=32148"}],"curies":[{"name":"wp","href":"https:\/\/api.w.org\/{rel}","templated":true}]}}