{"id":32107,"date":"2025-05-01T18:43:39","date_gmt":"2025-05-01T21:43:39","guid":{"rendered":"https:\/\/guialimeira.com.br\/2025\/05\/01\/carioca-de-14-anos-conquista-mundial-sub-17-de-levantamento-de-peso\/"},"modified":"2025-05-01T18:43:39","modified_gmt":"2025-05-01T21:43:39","slug":"carioca-de-14-anos-conquista-mundial-sub-17-de-levantamento-de-peso","status":"publish","type":"post","link":"https:\/\/guialimeira.com.br\/news\/carioca-de-14-anos-conquista-mundial-sub-17-de-levantamento-de-peso\/","title":{"rendered":"Carioca de 14 anos conquista Mundial sub-17 de levantamento de peso"},"content":{"rendered":"<p> <br \/>\n<\/p>\n<div>\n<p>A carioca Isanelly Cristina deu prova de que \u00e9 um dos nomes mais promissores do levantamento de peso brasileiro ao conquistar, com apenas 14 anos de idade, o t\u00edtulo no Mundial sub-17 de Levantamento de Pesos, oportunidade na qual estabeleceu um novo recorde mundial no arremesso.<img data-recalc-dims=\"1\" decoding=\"async\" src=\"https:\/\/i0.wp.com\/agenciabrasil.ebc.com.br\/ebc.png?w=696&#038;ssl=1\" style=\"width:1px; height:1px; display:inline;\"\/><img data-recalc-dims=\"1\" decoding=\"async\" src=\"https:\/\/i0.wp.com\/agenciabrasil.ebc.com.br\/ebc.gif?w=696&#038;ssl=1\" style=\"width:1px; height:1px; display:inline;\"\/><\/p>\n<blockquote class=\"instagram-media\" data-instgrm-captioned=\"\" data-instgrm-permalink=\"https:\/\/www.instagram.com\/p\/DJFv7FLtb5C\/?utm_source=ig_embed&amp;utm_campaign=loading\" data-instgrm-version=\"14\" style=\" background:#FFF; border:0; border-radius:3px; box-shadow:0 0 1px 0 rgba(0,0,0,0.5),0 1px 10px 0 rgba(0,0,0,0.15); margin: 1px; max-width:540px; min-width:326px; padding:0; width:99.375%; width:-webkit-calc(100% - 2px); width:calc(100% - 2px);\">\n<\/blockquote>\n<p>O feito foi alcan\u00e7ado na \u00faltima quarta-feira (30) em Lima (Peru), quando a brasileira levantou 77 quilos no arremesso, estabelecendo o recorde, e conseguiu 57 quilos no arranco, somando o total de 134 quilos.<\/p>\n<p>Os 77 quilos no arremesso n\u00e3o s\u00e3o novidade para Isanelly, marca que ela j\u00e1 alcan\u00e7ou no dia 18 de outubro do ano passado no Campeonato Brasileiro Sub-17, no Centro de Refer\u00eancia Esportiva da Mangueira, no Rio de Janeiro. Por\u00e9m, a competi\u00e7\u00e3o n\u00e3o era homologada pela Federa\u00e7\u00e3o Internacional de Levantamento de Pesos para recordes mundiais. Desta vez, n\u00e3o teve jeito. O mundo conheceu Isanelly definitivamente.<\/p>\n<blockquote class=\"instagram-media\" data-instgrm-captioned=\"\" data-instgrm-permalink=\"https:\/\/www.instagram.com\/reel\/DJFsKzAy6Ct\/?utm_source=ig_embed&amp;utm_campaign=loading\" data-instgrm-version=\"14\" style=\" background:#FFF; border:0; border-radius:3px; box-shadow:0 0 1px 0 rgba(0,0,0,0.5),0 1px 10px 0 rgba(0,0,0,0.15); margin: 1px; max-width:540px; min-width:326px; padding:0; width:99.375%; width:-webkit-calc(100% - 2px); width:calc(100% - 2px);\">\n<\/blockquote>\n<p>\u201cEstou muito feliz, pois n\u00e3o imaginava que seria uma experi\u00eancia t\u00e3o boa. Adorei a estrutura do lugar, \u00e9 tudo muito bonito. Eu tenho que agradecer a Deus, primeiramente, porque estou aqui. E s\u00f3 comemorando, estou muito feliz com esse recorde mundial. Eu tinha em pensamentos, somente. Mas esperar, esperar, n\u00e3o esperava\u201d, declarou a jovem atleta.<\/p>\n<p>      <!-- Relacionada --><\/p>\n<p>            <!-- Relacionada -->\n    <\/div>\n<p><script async src=\"\/\/www.instagram.com\/embed.js\"><\/script><br \/>\n<br \/><br \/>\n<br \/><a href=\"https:\/\/agenciabrasil.ebc.com.br\/esportes\/noticia\/2025-05\/carioca-de-14-anos-conquista-mundial-sub-17-de-levantamento-de-peso\" rel=\"noopener\">Ag\u00eancia Brasil<\/a><\/p>\n","protected":false},"excerpt":{"rendered":"<p>A carioca Isanelly Cristina deu prova de que \u00e9 um dos nomes mais promissores do levantamento de peso brasileiro ao conquistar, com apenas 14 anos de idade, o t\u00edtulo no Mundial sub-17 de Levantamento de Pesos, oportunidade na qual estabeleceu um novo recorde mundial no arremesso. O feito foi alcan\u00e7ado na \u00faltima quarta-feira (30) em [&hellip;]<\/p>\n","protected":false},"author":1,"featured_media":32108,"comment_status":"open","ping_status":"open","sticky":false,"template":"","format":"standard","meta":{"_jetpack_newsletter_access":"","_jetpack_dont_email_post_to_subs":false,"_jetpack_newsletter_tier_id":0,"_jetpack_memberships_contains_paywalled_content":false,"_mbp_banners":[],"_jetpack_feature_clip_id":0,"_jetpack_memberships_contains_paid_content":false,"footnotes":"","jetpack_publicize_message":"","jetpack_publicize_feature_enabled":true,"jetpack_social_post_already_shared":true,"jetpack_social_options":{"image_generator_settings":{"template":"highway","default_image_id":0,"font":"","enabled":false},"version":2},"jetpack_post_was_ever_published":false},"categories":[23],"tags":[],"class_list":["post-32107","post","type-post","status-publish","format-standard","has-post-thumbnail","category-esportes"],"jetpack_publicize_connections":[],"jetpack-related-posts":[],"jetpack_shortlink":"https:\/\/wp.me\/p7Eq1F-8lR","jetpack_sharing_enabled":true,"jetpack_featured_media_url":"https:\/\/i0.wp.com\/guialimeira.com.br\/news\/wp-content\/uploads\/2025\/05\/isanelly-cristina-30abr2025.jpeg?fit=1600%2C800&ssl=1","_links":{"self":[{"href":"https:\/\/guialimeira.com.br\/news\/wp-json\/wp\/v2\/posts\/32107","targetHints":{"allow":["GET"]}}],"collection":[{"href":"https:\/\/guialimeira.com.br\/news\/wp-json\/wp\/v2\/posts"}],"about":[{"href":"https:\/\/guialimeira.com.br\/news\/wp-json\/wp\/v2\/types\/post"}],"author":[{"embeddable":true,"href":"https:\/\/guialimeira.com.br\/news\/wp-json\/wp\/v2\/users\/1"}],"replies":[{"embeddable":true,"href":"https:\/\/guialimeira.com.br\/news\/wp-json\/wp\/v2\/comments?post=32107"}],"version-history":[{"count":0,"href":"https:\/\/guialimeira.com.br\/news\/wp-json\/wp\/v2\/posts\/32107\/revisions"}],"wp:featuredmedia":[{"embeddable":true,"href":"https:\/\/guialimeira.com.br\/news\/wp-json\/wp\/v2\/media\/32108"}],"wp:attachment":[{"href":"https:\/\/guialimeira.com.br\/news\/wp-json\/wp\/v2\/media?parent=32107"}],"wp:term":[{"taxonomy":"category","embeddable":true,"href":"https:\/\/guialimeira.com.br\/news\/wp-json\/wp\/v2\/categories?post=32107"},{"taxonomy":"post_tag","embeddable":true,"href":"https:\/\/guialimeira.com.br\/news\/wp-json\/wp\/v2\/tags?post=32107"}],"curies":[{"name":"wp","href":"https:\/\/api.w.org\/{rel}","templated":true}]}}