{"id":3210,"date":"2024-04-30T16:57:43","date_gmt":"2024-04-30T19:57:43","guid":{"rendered":"https:\/\/guialimeira.com.br\/2024\/04\/30\/acao-cultural-vai-ouvir-propostas-de-artistas-para-elaboracao-de-editais-portal-do-municipio-de-piracicaba\/"},"modified":"2024-04-30T16:57:43","modified_gmt":"2024-04-30T19:57:43","slug":"acao-cultural-vai-ouvir-propostas-de-artistas-para-elaboracao-de-editais-portal-do-municipio-de-piracicaba","status":"publish","type":"post","link":"https:\/\/guialimeira.com.br\/news\/acao-cultural-vai-ouvir-propostas-de-artistas-para-elaboracao-de-editais-portal-do-municipio-de-piracicaba\/","title":{"rendered":"A\u00e7\u00e3o Cultural vai ouvir propostas de artistas para elabora\u00e7\u00e3o de editais \u2013 Portal do Munic\u00edpio de Piracicaba"},"content":{"rendered":"<p> <br \/>\n<\/p>\n<div>\n<figure class=\"text-center\">\n<img data-recalc-dims=\"1\" width=\"696\" height=\"522\" src=\"https:\/\/i0.wp.com\/piracicaba.sp.gov.br\/wp-content\/uploads\/2024\/04\/Reunioes-para-debater-diretrizes-da-Lei-Aldir-Blanc-2-acontecem-no-Armazem-14-1024x768.jpeg?resize=696%2C522&#038;ssl=1\" class=\"img-fluid img-thumbnail border-1 wp-post-image\" alt=\"Reuni\u00f5es para debater diretrizes da Lei Aldir Blanc 2 acontecem no Armaz\u00e9m 14\" itemprop=\"image\" decoding=\"async\" fetchpriority=\"high\" srcset=\"https:\/\/piracicaba.sp.gov.br\/wp-content\/uploads\/2024\/04\/Reunioes-para-debater-diretrizes-da-Lei-Aldir-Blanc-2-acontecem-no-Armazem-14-1024x768.jpeg 1024w, https:\/\/piracicaba.sp.gov.br\/wp-content\/uploads\/2024\/04\/Reunioes-para-debater-diretrizes-da-Lei-Aldir-Blanc-2-acontecem-no-Armazem-14-300x225.jpeg 300w, https:\/\/piracicaba.sp.gov.br\/wp-content\/uploads\/2024\/04\/Reunioes-para-debater-diretrizes-da-Lei-Aldir-Blanc-2-acontecem-no-Armazem-14-768x576.jpeg 768w, https:\/\/piracicaba.sp.gov.br\/wp-content\/uploads\/2024\/04\/Reunioes-para-debater-diretrizes-da-Lei-Aldir-Blanc-2-acontecem-no-Armazem-14-1536x1152.jpeg 1536w, https:\/\/piracicaba.sp.gov.br\/wp-content\/uploads\/2024\/04\/Reunioes-para-debater-diretrizes-da-Lei-Aldir-Blanc-2-acontecem-no-Armazem-14.jpeg 2048w\" sizes=\"(max-width: 1024px) 100vw, 1024px\"\/><figcaption class=\"text-center small fw-bold fst-italic mt-1\">Reuni\u00f5es para debater diretrizes da Lei Aldir Blanc 2 acontecem no Armaz\u00e9m 14<\/figcaption><\/figure>\n<p>A Prefeitura, por meio da Semac (Secretaria Municipal da A\u00e7\u00e3o Cultural), realizar\u00e1 na pr\u00f3xima quinta-feira, 2\/05, \u00e0s 19h, no Armaz\u00e9m 14 do Engenho Central, a segunda reuni\u00e3o aberta \u00e0 popula\u00e7\u00e3o para tra\u00e7ar as diretrizes da Lei Aldir Blanc II, lei emergencial de fomento \u00e0 cultura que ser\u00e1 aplicada em todo o Brasil. Piracicaba recebeu recursos no valor de R$ 2.695.934,03, que ser\u00e3o divididos em diferentes editais.<\/p>\n<p>Neste novo encontro, a equipe t\u00e9cnica da Semac vai ouvir propostas e ideias de artistas, produtores e fazedores de cultura do munic\u00edpio sobre a formula\u00e7\u00e3o dos editais da Lei Aldir Blanc II. Na primeira reuni\u00e3o, realizada neste mesmo local em 25\/04 e com a participa\u00e7\u00e3o de cerca de 90 pessoas, a pasta apresentou detalhadamente o Plano de A\u00e7\u00e3o da Lei n\u00ba 14.399 de julho de 2022, conhecida como Pol\u00edtica Nacional Aldir Blanc de Fomento \u00e0 Cultura, que tem vig\u00eancia de cinco anos.<\/p>\n<p>A Uni\u00e3o vai remeter aos estados e munic\u00edpios o valor global de R$ 3 bilh\u00f5es anuais at\u00e9 2027. O dinheiro dever\u00e1 ser usado para o financiamento de projetos culturais, montagem de cursos, pesquisas e estudos no setor e preserva\u00e7\u00e3o de patrim\u00f4nio cultural, entre outras finalidades.<\/p>\n<p>A Semac tem at\u00e9 o dia 31\/05 para incluir\u00a0no sistema do Governo Federal\u00a0o\u00a0Paar\u00a0(Plano Anual de Aplica\u00e7\u00e3o dos Recursos), com os dados referentes a esta lei emergencial.<\/p>\n<p>Na Lei Aldir\u00a0Blanc\u00a0I, Piracicaba executou, entre 2020 e 2021, aproximadamente R$ 2,5 milh\u00f5es em editais de fomento \u00e0 cultura e manuten\u00e7\u00e3o de espa\u00e7os culturais.<\/p>\n<p><strong>SERVI\u00c7O \u2013\u00a0<\/strong>Segundo encontro da Secretaria da Municipal A\u00e7\u00e3o Cultural com artistas, produtores e fazedores de cultura para debater diretrizes da Lei Aldir Blanc 2. Quinta-feira,\u00a002\/05,\u00a0\u00e0s 19h, no Armaz\u00e9m 14 do Engenho Central. Avenida Dr. Maurice Allain, 454. Entrada gratuita. Informa\u00e7\u00f5es: 3403-2600.<\/p>\n<\/div>\n<p><br \/>\n<br \/><a href=\"https:\/\/piracicaba.sp.gov.br\/noticias\/lei-aldir-blanc-2-acao-cultural-vai-ouvir-propostas-de-artistas-para-elaboracao-de-editais\/\" rel=\"noopener\">Informa\u00e7\u00f5es PMP <\/a><\/p>\n","protected":false},"excerpt":{"rendered":"<p>Reuni\u00f5es para debater diretrizes da Lei Aldir Blanc 2 acontecem no Armaz\u00e9m 14 A Prefeitura, por meio da Semac (Secretaria Municipal da A\u00e7\u00e3o Cultural), realizar\u00e1 na pr\u00f3xima quinta-feira, 2\/05, \u00e0s 19h, no Armaz\u00e9m 14 do Engenho Central, a segunda reuni\u00e3o aberta \u00e0 popula\u00e7\u00e3o para tra\u00e7ar as diretrizes da Lei Aldir Blanc II, lei emergencial de [&hellip;]<\/p>\n","protected":false},"author":1,"featured_media":3211,"comment_status":"open","ping_status":"open","sticky":false,"template":"","format":"standard","meta":{"_jetpack_newsletter_access":"","_jetpack_dont_email_post_to_subs":false,"_jetpack_newsletter_tier_id":0,"_jetpack_memberships_contains_paywalled_content":false,"_mbp_banners":[],"_jetpack_feature_clip_id":0,"_jetpack_memberships_contains_paid_content":false,"footnotes":"","jetpack_publicize_message":"","jetpack_publicize_feature_enabled":true,"jetpack_social_post_already_shared":true,"jetpack_social_options":{"image_generator_settings":{"template":"highway","default_image_id":0,"font":"","enabled":false},"version":2},"jetpack_post_was_ever_published":false},"categories":[20],"tags":[],"class_list":["post-3210","post","type-post","status-publish","format-standard","has-post-thumbnail","category-regiao"],"jetpack_publicize_connections":[],"jetpack-related-posts":[],"jetpack_shortlink":"https:\/\/wp.me\/p7Eq1F-PM","jetpack_sharing_enabled":true,"jetpack_featured_media_url":"https:\/\/i0.wp.com\/guialimeira.com.br\/news\/wp-content\/uploads\/2024\/04\/Reunioes-para-debater-diretrizes-da-Lei-Aldir-Blanc-2-acontecem-no-Armazem-14.jpeg?fit=2048%2C1536&ssl=1","_links":{"self":[{"href":"https:\/\/guialimeira.com.br\/news\/wp-json\/wp\/v2\/posts\/3210","targetHints":{"allow":["GET"]}}],"collection":[{"href":"https:\/\/guialimeira.com.br\/news\/wp-json\/wp\/v2\/posts"}],"about":[{"href":"https:\/\/guialimeira.com.br\/news\/wp-json\/wp\/v2\/types\/post"}],"author":[{"embeddable":true,"href":"https:\/\/guialimeira.com.br\/news\/wp-json\/wp\/v2\/users\/1"}],"replies":[{"embeddable":true,"href":"https:\/\/guialimeira.com.br\/news\/wp-json\/wp\/v2\/comments?post=3210"}],"version-history":[{"count":0,"href":"https:\/\/guialimeira.com.br\/news\/wp-json\/wp\/v2\/posts\/3210\/revisions"}],"wp:featuredmedia":[{"embeddable":true,"href":"https:\/\/guialimeira.com.br\/news\/wp-json\/wp\/v2\/media\/3211"}],"wp:attachment":[{"href":"https:\/\/guialimeira.com.br\/news\/wp-json\/wp\/v2\/media?parent=3210"}],"wp:term":[{"taxonomy":"category","embeddable":true,"href":"https:\/\/guialimeira.com.br\/news\/wp-json\/wp\/v2\/categories?post=3210"},{"taxonomy":"post_tag","embeddable":true,"href":"https:\/\/guialimeira.com.br\/news\/wp-json\/wp\/v2\/tags?post=3210"}],"curies":[{"name":"wp","href":"https:\/\/api.w.org\/{rel}","templated":true}]}}