{"id":3205,"date":"2024-04-30T16:18:57","date_gmt":"2024-04-30T19:18:57","guid":{"rendered":"https:\/\/guialimeira.com.br\/2024\/04\/30\/ex-tecnico-da-selecao-espanhola-e-nomeado-para-supervisionar-federacao\/"},"modified":"2024-04-30T16:18:57","modified_gmt":"2024-04-30T19:18:57","slug":"ex-tecnico-da-selecao-espanhola-e-nomeado-para-supervisionar-federacao","status":"publish","type":"post","link":"https:\/\/guialimeira.com.br\/news\/ex-tecnico-da-selecao-espanhola-e-nomeado-para-supervisionar-federacao\/","title":{"rendered":"Ex-t\u00e9cnico da sele\u00e7\u00e3o espanhola \u00e9 nomeado para supervisionar federa\u00e7\u00e3o"},"content":{"rendered":"<p> <br \/>\n<\/p>\n<div>\n<p>O governo da Espanha nomeou na ter\u00e7a-feira (30) o ex-t\u00e9cnico da sele\u00e7\u00e3o nacional Vicente del Bosque como chefe de um comit\u00ea especial para supervisionar a federa\u00e7\u00e3o de futebol (RFEF) at\u00e9 que sejam realizadas novas elei\u00e7\u00f5es, informou a ministra dos Esportes, Pilar Alegria.<img data-recalc-dims=\"1\" decoding=\"async\" src=\"https:\/\/i0.wp.com\/agenciabrasil.ebc.com.br\/ebc.png?w=696&#038;ssl=1\" style=\"width:1px; height:1px; display:inline;\"\/><img data-recalc-dims=\"1\" decoding=\"async\" src=\"https:\/\/i0.wp.com\/agenciabrasil.ebc.com.br\/ebc.gif?w=696&#038;ssl=1\" style=\"width:1px; height:1px; display:inline;\"\/><\/p>\n<p>Del Bosque, de 73 anos, que levou a Espanha aos t\u00edtulos da Copa do Mundo de 2010 e da Eurocopa de 2012 e o Real Madrid ao triunfo da Liga dos Campe\u00f5es em 2000 e 2002, foi escolhido para chefiar o comit\u00ea criado na semana passada pelo governo por &#8220;seu compromisso com o esporte e com seu pa\u00eds&#8221;.<\/p>\n<blockquote class=\"twitter-tweet\">\n<p dir=\"ltr\" lang=\"es\" xml:lang=\"es\">Un orgullo poder contar con Vicente del Bosque para presidir la Comisi\u00f3n de Supervisi\u00f3n, Normalizaci\u00f3n y Representaci\u00f3n creada por <a href=\"https:\/\/twitter.com\/deportegob?ref_src=twsrc%5Etfw\" rel=\"noopener\">@deportegob<\/a><\/p>\n<p>Este organismo tutelar\u00e1 durante los pr\u00f3ximos meses el funcionamiento de la Real Federaci\u00f3n Espa\u00f1ola de F\u00fatbol<\/p>\n<p>\u2139\ufe0f<a href=\"https:\/\/t.co\/MeEHnLMCPj\">https:\/\/t.co\/MeEHnLMCPj<\/a> <a href=\"https:\/\/t.co\/VFhzEIP3oe\">pic.twitter.com\/VFhzEIP3oe<\/a><\/p>\n<p>\u2014 Ministerio de Educaci\u00f3n, FP y Deportes (@educaciongob) <a href=\"https:\/\/twitter.com\/educaciongob\/status\/1785306373183439344?ref_src=twsrc%5Etfw\" rel=\"noopener\">April 30, 2024<\/a><\/p><\/blockquote>\n<p>A RFEF esteve envolvida em esc\u00e2ndalos recentemente, incluindo uma investiga\u00e7\u00e3o de corrup\u00e7\u00e3o e as consequ\u00eancias generalizadas do beijo que o ex-presidente da entidade Luis Rubiales deu na jogadora Jenni Hermoso na cerim\u00f4nia de premia\u00e7\u00e3o quando a Espanha venceu a Copa do Mundo feminina em Sydney no ano passado.<\/p>\n<p>O governo, que busca superar os problemas dentro da RFEF enquanto a Espanha se prepara para sediar a Copa do Mundo de 2030, espera que a nomea\u00e7\u00e3o de Del Bosque d\u00ea ao comit\u00ea especial alguma influ\u00eancia &#8211; e algum espa\u00e7o para respirar.<\/p>\n<p>O governo disse que &#8220;espera que a RFEF, a Fifa e a Uefa colaborem com o comit\u00ea&#8221; que supervisiona a federa\u00e7\u00e3o nacional.<\/p>\n<blockquote>\n<p>&#8220;Del Bosque representa o melhor que o futebol do nosso pa\u00eds tem a oferecer, n\u00e3o apenas por causa de seus sucessos esportivos&#8221;, disse Alegria aos rep\u00f3rteres.\u00a0&#8220;Ele \u00e9 a representa\u00e7\u00e3o mais clara de uma boa pessoa, de grande qualidade humana e um exemplo de honestidade. Del Bosque ser\u00e1 o rosto e a representa\u00e7\u00e3o do futebol espanhol.&#8221;<\/p>\n<\/blockquote>\n<p>A Fifa e a Uefa haviam dito na semana passada que estavam monitorando a situa\u00e7\u00e3o na Espanha com &#8220;grande preocupa\u00e7\u00e3o&#8221; depois que o governo assumiu a RFEF. Os regulamentos da Fifa determinam que os membros devem administrar seus neg\u00f3cios de forma independente e sem influ\u00eancia externa.<\/p>\n<p>O Conselho Nacional de Esportes &#8211; \u00f3rg\u00e3o governamental respons\u00e1vel pelo esporte &#8211; disse que o comit\u00ea especial foi criado como &#8220;uma resposta construtiva \u00e0 crise de reputa\u00e7\u00e3o que a RFEF vem enfrentando h\u00e1 algum tempo&#8221;.<\/p>\n<p>Del Bosque supervisionar\u00e1 a RFEF at\u00e9 que novas elei\u00e7\u00f5es sejam convocadas ap\u00f3s o t\u00e9rmino das Olimp\u00edadas de Paris de 2024 em agosto.<\/p>\n<p>* \u00c9 <em><strong>proibida a reprodu\u00e7\u00e3o deste conte\u00fado.<\/strong><\/em><\/p>\n<\/p><\/div>\n<p><script async src=\"\/\/platform.twitter.com\/widgets.js\" charset=\"utf-8\"><\/script><br \/>\n<br \/><br \/>\n<br \/><a href=\"https:\/\/agenciabrasil.ebc.com.br\/esportes\/noticia\/2024-04\/ex-tecnico-da-selecao-espanhola-e-nomeado-para-supervisionar-federacao\" rel=\"noopener\">Ag\u00eancia Brasil<\/a><\/p>\n","protected":false},"excerpt":{"rendered":"<p>O governo da Espanha nomeou na ter\u00e7a-feira (30) o ex-t\u00e9cnico da sele\u00e7\u00e3o nacional Vicente del Bosque como chefe de um comit\u00ea especial para supervisionar a federa\u00e7\u00e3o de futebol (RFEF) at\u00e9 que sejam realizadas novas elei\u00e7\u00f5es, informou a ministra dos Esportes, Pilar Alegria. Del Bosque, de 73 anos, que levou a Espanha aos t\u00edtulos da Copa [&hellip;]<\/p>\n","protected":false},"author":1,"featured_media":3206,"comment_status":"open","ping_status":"open","sticky":false,"template":"","format":"standard","meta":{"_jetpack_newsletter_access":"","_jetpack_dont_email_post_to_subs":false,"_jetpack_newsletter_tier_id":0,"_jetpack_memberships_contains_paywalled_content":false,"_mbp_banners":[],"_jetpack_feature_clip_id":0,"_jetpack_memberships_contains_paid_content":false,"footnotes":"","jetpack_publicize_message":"","jetpack_publicize_feature_enabled":true,"jetpack_social_post_already_shared":true,"jetpack_social_options":{"image_generator_settings":{"template":"highway","default_image_id":0,"font":"","enabled":false},"version":2},"jetpack_post_was_ever_published":false},"categories":[23],"tags":[],"class_list":["post-3205","post","type-post","status-publish","format-standard","has-post-thumbnail","category-esportes"],"jetpack_publicize_connections":[],"jetpack-related-posts":[],"jetpack_shortlink":"https:\/\/wp.me\/p7Eq1F-PH","jetpack_sharing_enabled":true,"jetpack_featured_media_url":"https:\/\/i0.wp.com\/guialimeira.com.br\/news\/wp-content\/uploads\/2024\/04\/vicente_del_bosque_tecnico_selecao_espanha_supervisor_rfef.jpg?fit=1600%2C800&ssl=1","_links":{"self":[{"href":"https:\/\/guialimeira.com.br\/news\/wp-json\/wp\/v2\/posts\/3205","targetHints":{"allow":["GET"]}}],"collection":[{"href":"https:\/\/guialimeira.com.br\/news\/wp-json\/wp\/v2\/posts"}],"about":[{"href":"https:\/\/guialimeira.com.br\/news\/wp-json\/wp\/v2\/types\/post"}],"author":[{"embeddable":true,"href":"https:\/\/guialimeira.com.br\/news\/wp-json\/wp\/v2\/users\/1"}],"replies":[{"embeddable":true,"href":"https:\/\/guialimeira.com.br\/news\/wp-json\/wp\/v2\/comments?post=3205"}],"version-history":[{"count":0,"href":"https:\/\/guialimeira.com.br\/news\/wp-json\/wp\/v2\/posts\/3205\/revisions"}],"wp:featuredmedia":[{"embeddable":true,"href":"https:\/\/guialimeira.com.br\/news\/wp-json\/wp\/v2\/media\/3206"}],"wp:attachment":[{"href":"https:\/\/guialimeira.com.br\/news\/wp-json\/wp\/v2\/media?parent=3205"}],"wp:term":[{"taxonomy":"category","embeddable":true,"href":"https:\/\/guialimeira.com.br\/news\/wp-json\/wp\/v2\/categories?post=3205"},{"taxonomy":"post_tag","embeddable":true,"href":"https:\/\/guialimeira.com.br\/news\/wp-json\/wp\/v2\/tags?post=3205"}],"curies":[{"name":"wp","href":"https:\/\/api.w.org\/{rel}","templated":true}]}}