{"id":32026,"date":"2025-05-01T00:26:08","date_gmt":"2025-05-01T03:26:08","guid":{"rendered":"https:\/\/guialimeira.com.br\/2025\/05\/01\/copa-do-brasil-botafogo-goleia-e-encaminha-classificacao-para-oitavas\/"},"modified":"2025-05-01T00:26:08","modified_gmt":"2025-05-01T03:26:08","slug":"copa-do-brasil-botafogo-goleia-e-encaminha-classificacao-para-oitavas","status":"publish","type":"post","link":"https:\/\/guialimeira.com.br\/news\/copa-do-brasil-botafogo-goleia-e-encaminha-classificacao-para-oitavas\/","title":{"rendered":"Copa do Brasil: Botafogo goleia e encaminha classifica\u00e7\u00e3o para oitavas"},"content":{"rendered":"<p> <br \/>\n<\/p>\n<div>\n<p>O Botafogo goleou o Capital por 4 a 0, na noite desta quarta-feira (30) no est\u00e1dio Nilton Santos, e encaminhou a classifica\u00e7\u00e3o para as oitavas de final da Copa do Brasil. Gra\u00e7as a este resultado, o Alvinegro conquista a vaga na pr\u00f3xima fase da competi\u00e7\u00e3o mesmo com um rev\u00e9s por tr\u00eas gols de diferen\u00e7a na volta, que ser\u00e1 disputada no dia 22 de maio.<img data-recalc-dims=\"1\" decoding=\"async\" src=\"https:\/\/i0.wp.com\/agenciabrasil.ebc.com.br\/ebc.png?w=696&#038;ssl=1\" style=\"width:1px; height:1px; display:inline;\"\/><img data-recalc-dims=\"1\" decoding=\"async\" src=\"https:\/\/i0.wp.com\/agenciabrasil.ebc.com.br\/ebc.gif?w=696&#038;ssl=1\" style=\"width:1px; height:1px; display:inline;\"\/><\/p>\n<blockquote class=\"twitter-tweet\">\n<p dir=\"ltr\" lang=\"pt\" xml:lang=\"pt\">FIIIIIIIIIIM DE JOGO! \ud83d\udd25\ud83d\ude80<\/p>\n<p>Botafogo estreia na Copa do Brasil com vit\u00f3ria por 4 a 0 sobre o Capital-DF. Gols foram marcados por Alex Telles, Igor Jesus, Artur e Rwan. VAAAAAAAAMOS! <a href=\"https:\/\/twitter.com\/hashtag\/VamosBOTAFOGO?src=hash&amp;ref_src=twsrc%5Etfw\" rel=\"noopener\">#VamosBOTAFOGO<\/a> <a href=\"https:\/\/t.co\/r1Apvik9QZ\">pic.twitter.com\/r1Apvik9QZ<\/a><\/p>\n<p>\u2014 Botafogo F.R. (@Botafogo) <a href=\"https:\/\/twitter.com\/Botafogo\/status\/1917730992103596264?ref_src=twsrc%5Etfw\" rel=\"noopener\">May 1, 2025<\/a><\/p><\/blockquote>\n<p>A equipe comandada pelo t\u00e9cnico Renato Paiva n\u00e3o encontrou dificuldades diante de um advers\u00e1rio inferior tecnicamente. Assim, abriu o marcador ainda antes do intervalo, logo aos 11 minutos do primeiro tempo com o lateral Alex Telles em cobran\u00e7a de p\u00eanalti.<\/p>\n<p>Ap\u00f3s o intervalo o Botafogo continuou soberano na partida e ampliou aos 28 minutos em nova cobran\u00e7a da marca penal, mas desta vez do atacante Igor Jesus. O terceiro saiu dois minutos depois, gra\u00e7as a cabe\u00e7ada do atacante Arthur. Aos 44 minutos Rwan Cruz aproveitou bola que sobrou ap\u00f3s bate e bate na \u00e1rea para dar n\u00fameros finais ao marcador.<\/p>\n<h2>Vit\u00f3ria simples<\/h2>\n<p>Outra equipe a entrar em a\u00e7\u00e3o nesta quarta-feira pela Copa do Brasil foi o Palmeiras. Jogando no Castel\u00e3o, o Verd\u00e3o contou com um gol do zagueiro paraguaio Gustavo G\u00f3mez para superar o Cear\u00e1 pelo placar de 1 a 0.<\/p>\n<blockquote class=\"twitter-tweet\">\n<p dir=\"ltr\" lang=\"pt\" xml:lang=\"pt\">VANTAGEM ALVIVERDE NA COPA DO BRASIL!<\/p>\n<p>Vit\u00f3ria important\u00edssima na busca pela classifica\u00e7\u00e3o! AGORA \u00c9 NA NOSSA CASA, FAM\u00cdLIA! \ud83e\udef6\ud83c\udfff<\/p>\n<p>\ud83c\udfc6 Cear\u00e1 0x1 Palmeiras<br \/>\u26bd Gustavo G\u00f3mez <a href=\"https:\/\/t.co\/nCTapVo8Li\">pic.twitter.com\/nCTapVo8Li<\/a><\/p>\n<p>\u2014 SE Palmeiras (@Palmeiras) <a href=\"https:\/\/twitter.com\/Palmeiras\/status\/1917738742741094843?ref_src=twsrc%5Etfw\" rel=\"noopener\">May 1, 2025<\/a><\/p><\/blockquote>\n<h2>Outros resultados:<\/h2>\n<p>Paysandu 0 x 1 Bahia<br \/>Novorizontino 0 x 1 Corinthians<br \/>CSA 3 x 2 Gr\u00eamio<\/p>\n<p>      <!-- Relacionada --><\/p>\n<p>            <!-- Relacionada -->\n    <\/div>\n<p><script async src=\"\/\/platform.twitter.com\/widgets.js\" charset=\"utf-8\"><\/script><br \/>\n<br \/><br \/>\n<br \/><a href=\"https:\/\/agenciabrasil.ebc.com.br\/esportes\/noticia\/2025-04\/copa-do-brasil-botafogo-goleia-e-encaminha-classificacao-para-oitavas\" rel=\"noopener\">Ag\u00eancia Brasil<\/a><\/p>\n","protected":false},"excerpt":{"rendered":"<p>O Botafogo goleou o Capital por 4 a 0, na noite desta quarta-feira (30) no est\u00e1dio Nilton Santos, e encaminhou a classifica\u00e7\u00e3o para as oitavas de final da Copa do Brasil. Gra\u00e7as a este resultado, o Alvinegro conquista a vaga na pr\u00f3xima fase da competi\u00e7\u00e3o mesmo com um rev\u00e9s por tr\u00eas gols de diferen\u00e7a na [&hellip;]<\/p>\n","protected":false},"author":1,"featured_media":32027,"comment_status":"open","ping_status":"open","sticky":false,"template":"","format":"standard","meta":{"_jetpack_newsletter_access":"","_jetpack_dont_email_post_to_subs":false,"_jetpack_newsletter_tier_id":0,"_jetpack_memberships_contains_paywalled_content":false,"_mbp_banners":[],"_jetpack_feature_clip_id":0,"_jetpack_memberships_contains_paid_content":false,"footnotes":"","jetpack_publicize_message":"","jetpack_publicize_feature_enabled":true,"jetpack_social_post_already_shared":true,"jetpack_social_options":{"image_generator_settings":{"template":"highway","default_image_id":0,"font":"","enabled":false},"version":2},"jetpack_post_was_ever_published":false},"categories":[23],"tags":[],"class_list":["post-32026","post","type-post","status-publish","format-standard","has-post-thumbnail","category-esportes"],"jetpack_publicize_connections":[],"jetpack-related-posts":[],"jetpack_shortlink":"https:\/\/wp.me\/p7Eq1F-8ky","jetpack_sharing_enabled":true,"jetpack_featured_media_url":"https:\/\/i0.wp.com\/guialimeira.com.br\/news\/wp-content\/uploads\/2025\/05\/54488407530_aeeaa4dd63_o.jpg?fit=1600%2C800&ssl=1","_links":{"self":[{"href":"https:\/\/guialimeira.com.br\/news\/wp-json\/wp\/v2\/posts\/32026","targetHints":{"allow":["GET"]}}],"collection":[{"href":"https:\/\/guialimeira.com.br\/news\/wp-json\/wp\/v2\/posts"}],"about":[{"href":"https:\/\/guialimeira.com.br\/news\/wp-json\/wp\/v2\/types\/post"}],"author":[{"embeddable":true,"href":"https:\/\/guialimeira.com.br\/news\/wp-json\/wp\/v2\/users\/1"}],"replies":[{"embeddable":true,"href":"https:\/\/guialimeira.com.br\/news\/wp-json\/wp\/v2\/comments?post=32026"}],"version-history":[{"count":0,"href":"https:\/\/guialimeira.com.br\/news\/wp-json\/wp\/v2\/posts\/32026\/revisions"}],"wp:featuredmedia":[{"embeddable":true,"href":"https:\/\/guialimeira.com.br\/news\/wp-json\/wp\/v2\/media\/32027"}],"wp:attachment":[{"href":"https:\/\/guialimeira.com.br\/news\/wp-json\/wp\/v2\/media?parent=32026"}],"wp:term":[{"taxonomy":"category","embeddable":true,"href":"https:\/\/guialimeira.com.br\/news\/wp-json\/wp\/v2\/categories?post=32026"},{"taxonomy":"post_tag","embeddable":true,"href":"https:\/\/guialimeira.com.br\/news\/wp-json\/wp\/v2\/tags?post=32026"}],"curies":[{"name":"wp","href":"https:\/\/api.w.org\/{rel}","templated":true}]}}