{"id":3199,"date":"2024-04-30T15:23:53","date_gmt":"2024-04-30T18:23:53","guid":{"rendered":"https:\/\/guialimeira.com.br\/2024\/04\/30\/prefeitura-publica-decreto-de\/"},"modified":"2024-04-30T15:23:53","modified_gmt":"2024-04-30T18:23:53","slug":"prefeitura-publica-decreto-de","status":"publish","type":"post","link":"https:\/\/guialimeira.com.br\/news\/prefeitura-publica-decreto-de\/","title":{"rendered":"Prefeitura publica decreto de&#8230;"},"content":{"rendered":"<p> <br \/>\n<\/p>\n<div>\n<p>A Prefeitura de Iracem\u00e1polis decretou situa\u00e7\u00e3o de emerg\u00eancia no \u00e2mbito da sa\u00fade p\u00fablica no Munic\u00edpio, em raz\u00e3o da crescente prolifera\u00e7\u00e3o do mosquito Aedes aegypti e do aumento dos casos de dengue. O Decreto n.\u00ba 4234 de 29 de abril de 2024, est\u00e1 publicado no Di\u00e1rio Oficial desta segunda-feira, dia 29.<\/p>\n<p>A decis\u00e3o de decretar emerg\u00eancia foi tomada em conjunto pelo comit\u00ea de combate e enfrentamento das arboviroses em virtude do n\u00famero de casos ter ultrapassado os 500. Atualmente s\u00e3o 531 casos confirmados, 515 aut\u00f3ctones e 16 importados. As equipes de sa\u00fade n\u00e3o tem medido esfor\u00e7os para o enfrentamento da dengue em nosso munic\u00edpio, e \u00e9 importante ressaltar que n\u00e3o houve nenhum \u00f3bito por dengue neste ano de 2024, embora os casos notificados ultrapassem 1 mil casos.<\/p>\n<p>A situa\u00e7\u00e3o de emerg\u00eancia permite ao Munic\u00edpio a ado\u00e7\u00e3o de medidas administrativas necess\u00e1rias \u00e0 conten\u00e7\u00e3o do aumento de casos, com maior flexibilidade. Entre elas: a aquisi\u00e7\u00e3o de insumos e materiais; a contrata\u00e7\u00e3o de servi\u00e7os estritamente necess\u00e1rios ao atendimento da situa\u00e7\u00e3o emerg\u00eancia; a prorroga\u00e7\u00e3o, na forma da lei, de contratos e conv\u00eanios administrativos que favore\u00e7am o combate ao mosquito transmissor dos v\u00edrus da dengue e de outras arboviroses; e a contrata\u00e7\u00e3o de servidores, por tempo determinado, para atender a necessidade tempor\u00e1ria de excepcional interesse p\u00fablico.<\/p>\n<\/p><\/div>\n<p><br \/>\n<br \/><a href=\"https:\/\/www.iracemapolis.sp.gov.br\/portal\/noticias\/0\/3\/2173\/prefeitura-publica-decreto-de-emergencia-em-razao-da-epidemia-de-dengue\/\" rel=\"noopener\">Informa\u00e7\u00f5es PMI<\/a><\/p>\n","protected":false},"excerpt":{"rendered":"<p>A Prefeitura de Iracem\u00e1polis decretou situa\u00e7\u00e3o de emerg\u00eancia no \u00e2mbito da sa\u00fade p\u00fablica no Munic\u00edpio, em raz\u00e3o da crescente prolifera\u00e7\u00e3o do mosquito Aedes aegypti e do aumento dos casos de dengue. O Decreto n.\u00ba 4234 de 29 de abril de 2024, est\u00e1 publicado no Di\u00e1rio Oficial desta segunda-feira, dia 29. A decis\u00e3o de decretar emerg\u00eancia [&hellip;]<\/p>\n","protected":false},"author":1,"featured_media":3200,"comment_status":"open","ping_status":"open","sticky":false,"template":"","format":"standard","meta":{"_jetpack_newsletter_access":"","_jetpack_dont_email_post_to_subs":false,"_jetpack_newsletter_tier_id":0,"_jetpack_memberships_contains_paywalled_content":false,"_mbp_banners":[],"_jetpack_feature_clip_id":0,"_jetpack_memberships_contains_paid_content":false,"footnotes":"","jetpack_publicize_message":"","jetpack_publicize_feature_enabled":true,"jetpack_social_post_already_shared":true,"jetpack_social_options":{"image_generator_settings":{"template":"highway","default_image_id":0,"font":"","enabled":false},"version":2},"jetpack_post_was_ever_published":false},"categories":[20],"tags":[],"class_list":["post-3199","post","type-post","status-publish","format-standard","has-post-thumbnail","category-regiao"],"jetpack_publicize_connections":[],"jetpack-related-posts":[],"jetpack_shortlink":"https:\/\/wp.me\/p7Eq1F-PB","jetpack_sharing_enabled":true,"jetpack_featured_media_url":"https:\/\/i0.wp.com\/guialimeira.com.br\/news\/wp-content\/uploads\/2024\/04\/57b9351ffa303ad1c3fa8f2598c78530.jpg?fit=800%2C556&ssl=1","_links":{"self":[{"href":"https:\/\/guialimeira.com.br\/news\/wp-json\/wp\/v2\/posts\/3199","targetHints":{"allow":["GET"]}}],"collection":[{"href":"https:\/\/guialimeira.com.br\/news\/wp-json\/wp\/v2\/posts"}],"about":[{"href":"https:\/\/guialimeira.com.br\/news\/wp-json\/wp\/v2\/types\/post"}],"author":[{"embeddable":true,"href":"https:\/\/guialimeira.com.br\/news\/wp-json\/wp\/v2\/users\/1"}],"replies":[{"embeddable":true,"href":"https:\/\/guialimeira.com.br\/news\/wp-json\/wp\/v2\/comments?post=3199"}],"version-history":[{"count":0,"href":"https:\/\/guialimeira.com.br\/news\/wp-json\/wp\/v2\/posts\/3199\/revisions"}],"wp:featuredmedia":[{"embeddable":true,"href":"https:\/\/guialimeira.com.br\/news\/wp-json\/wp\/v2\/media\/3200"}],"wp:attachment":[{"href":"https:\/\/guialimeira.com.br\/news\/wp-json\/wp\/v2\/media?parent=3199"}],"wp:term":[{"taxonomy":"category","embeddable":true,"href":"https:\/\/guialimeira.com.br\/news\/wp-json\/wp\/v2\/categories?post=3199"},{"taxonomy":"post_tag","embeddable":true,"href":"https:\/\/guialimeira.com.br\/news\/wp-json\/wp\/v2\/tags?post=3199"}],"curies":[{"name":"wp","href":"https:\/\/api.w.org\/{rel}","templated":true}]}}