{"id":31905,"date":"2025-04-30T00:01:14","date_gmt":"2025-04-30T03:01:14","guid":{"rendered":"https:\/\/guialimeira.com.br\/2025\/04\/30\/copa-do-brasil-internacional-sai-na-frente-do-maracana\/"},"modified":"2025-04-30T00:01:14","modified_gmt":"2025-04-30T03:01:14","slug":"copa-do-brasil-internacional-sai-na-frente-do-maracana","status":"publish","type":"post","link":"https:\/\/guialimeira.com.br\/news\/copa-do-brasil-internacional-sai-na-frente-do-maracana\/","title":{"rendered":"Copa do Brasil: Internacional sai na frente do Maracan\u00e3"},"content":{"rendered":"<p> <br \/>\n<\/p>\n<div>\n<p>Fazendo valer o fator casa, o Internacional derrotou o Maracan\u00e3, por 1 a 0 na noite desta ter\u00e7a-feira (29) no Beira-Rio, em Porto Alegre, pela ida da terceira fase da Copa do Brasil.<img data-recalc-dims=\"1\" decoding=\"async\" src=\"https:\/\/i0.wp.com\/agenciabrasil.ebc.com.br\/ebc.png?w=696&#038;ssl=1\" style=\"width:1px; height:1px; display:inline;\"\/><img data-recalc-dims=\"1\" decoding=\"async\" src=\"https:\/\/i0.wp.com\/agenciabrasil.ebc.com.br\/ebc.gif?w=696&#038;ssl=1\" style=\"width:1px; height:1px; display:inline;\"\/><\/p>\n<blockquote class=\"twitter-tweet\">\n<p dir=\"ltr\" lang=\"pt\" xml:lang=\"pt\">\ud835\udde9\ud835\uddd4\ud835\udde1\ud835\udde7\ud835\uddd4\ud835\uddda\ud835\uddd8\ud835\udde0 \ud835\uddd6\ud835\udde2\ud835\udddf\ud835\udde2\ud835\udde5\ud835\uddd4\ud835\uddd7\ud835\uddd4! \ud83d\udcaa\ud83c\udde6\ud83c\uddf9 <a href=\"https:\/\/twitter.com\/hashtag\/TeApoiaremosDeCora%C3%A7%C3%A3o?src=hash&amp;ref_src=twsrc%5Etfw\" rel=\"noopener\">#TeApoiaremosDeCora\u00e7\u00e3o<\/a><\/p>\n<p>VAR anula dois gols colorados, mas Gustavo Prado marca nos acr\u00e9scimos e o Clube do Povo abre a terceira fase da Copa do Brasil com vit\u00f3ria de 1 a 0 no Beira-Rio! \u26bd\ufe0f\ud83d\udd25 <a href=\"https:\/\/twitter.com\/hashtag\/OInterVenceu?src=hash&amp;ref_src=twsrc%5Etfw\" rel=\"noopener\">#OInterVenceu<\/a> <a href=\"https:\/\/t.co\/dYLza2Bosj\">pic.twitter.com\/dYLza2Bosj<\/a><\/p>\n<p>\u2014 Sport Club Internacional (@SCInternacional) <a href=\"https:\/\/twitter.com\/SCInternacional\/status\/1917372069328601560?ref_src=twsrc%5Etfw\" rel=\"noopener\">April 30, 2025<\/a><\/p><\/blockquote>\n<p>Ap\u00f3s triunfar em casa, o Colorado pode at\u00e9 mesmo empatar no confronto de volta, no dia 22 de maio, no est\u00e1dio Presidente Vargas, em Fortaleza, que garante a classifica\u00e7\u00e3o. J\u00e1 a equipe cearense s\u00f3 garante a vaga na pr\u00f3xima fase casa triunfe por ao menos dois gols de diferen\u00e7a. Em caso de vit\u00f3ria simples do Maracan\u00e3, a vaga ser\u00e1 definida nas penalidades m\u00e1ximas.<\/p>\n<p>Em uma partida na qual desperdi\u00e7ou uma cobran\u00e7a de p\u00eanalti, com Alan Patrick, e teve gols anulados de Wesley e de Raykkonen, o Internacional s\u00f3 conseguiu confirmar a vit\u00f3ria aos 47 minutos da etapa final, com Gustavo Prado, que aproveitou bola que sobrou ap\u00f3s finaliza\u00e7\u00e3o de Wesley.<\/p>\n<h2>Vit\u00f3ria apertada<\/h2>\n<p>Quem tamb\u00e9m triunfou em casa pelo placar m\u00ednimo foi o Fluminense, que, no est\u00e1dio do Maracan\u00e3, bateu a Aparecidense. Em uma partida na qual n\u00e3o apresentou um bom futebol, o Tricolor das Laranjeiras venceu gra\u00e7as a um gol de Keno aos 35 minutos do segundo tempo.<\/p>\n<blockquote class=\"twitter-tweet\">\n<p dir=\"ltr\" lang=\"pt\" xml:lang=\"pt\">VEENCE O FLUMINENSE! KENO MARCA E O FLU SAI EM VANTAGEM NA TERCEIRA FASE DA <a href=\"https:\/\/twitter.com\/CopaDoBrasilCBF?ref_src=twsrc%5Etfw\" rel=\"noopener\">@CopaDoBrasilCBF<\/a>! VAMOS, TRICOLOR! <a href=\"https:\/\/t.co\/PeNR2NF2RZ\">pic.twitter.com\/PeNR2NF2RZ<\/a><\/p>\n<p>\u2014 Fluminense F.C. (@FluminenseFC) <a href=\"https:\/\/twitter.com\/FluminenseFC\/status\/1917405314283958449?ref_src=twsrc%5Etfw\" rel=\"noopener\">April 30, 2025<\/a><\/p><\/blockquote>\n<h2>Outros resultados:<\/h2>\n<p>Retr\u00f4 1 x 1 Fortaleza<br \/>Maring\u00e1 2 x 2 Atl\u00e9tico-MG<br \/>S\u00e3o Paulo 2 x 1 N\u00e1utico<\/p>\n<p>      <!-- Relacionada --><\/p>\n<p>            <!-- Relacionada -->\n    <\/div>\n<p><script async src=\"\/\/platform.twitter.com\/widgets.js\" charset=\"utf-8\"><\/script><br \/>\n<br \/><br \/>\n<br \/><a href=\"https:\/\/agenciabrasil.ebc.com.br\/esportes\/noticia\/2025-04\/copa-do-brasil-internacional-sai-na-frente-do-maracana\" rel=\"noopener\">Ag\u00eancia Brasil<\/a><\/p>\n","protected":false},"excerpt":{"rendered":"<p>Fazendo valer o fator casa, o Internacional derrotou o Maracan\u00e3, por 1 a 0 na noite desta ter\u00e7a-feira (29) no Beira-Rio, em Porto Alegre, pela ida da terceira fase da Copa do Brasil. \ud835\udde9\ud835\uddd4\ud835\udde1\ud835\udde7\ud835\uddd4\ud835\uddda\ud835\uddd8\ud835\udde0 \ud835\uddd6\ud835\udde2\ud835\udddf\ud835\udde2\ud835\udde5\ud835\uddd4\ud835\uddd7\ud835\uddd4! \ud83d\udcaa\ud83c\udde6\ud83c\uddf9 #TeApoiaremosDeCora\u00e7\u00e3o VAR anula dois gols colorados, mas Gustavo Prado marca nos acr\u00e9scimos e o Clube do Povo abre a [&hellip;]<\/p>\n","protected":false},"author":1,"featured_media":269,"comment_status":"open","ping_status":"open","sticky":false,"template":"","format":"standard","meta":{"_jetpack_newsletter_access":"","_jetpack_dont_email_post_to_subs":false,"_jetpack_newsletter_tier_id":0,"_jetpack_memberships_contains_paywalled_content":false,"_mbp_banners":[],"_jetpack_feature_clip_id":0,"_jetpack_memberships_contains_paid_content":false,"footnotes":"","jetpack_publicize_message":"","jetpack_publicize_feature_enabled":true,"jetpack_social_post_already_shared":true,"jetpack_social_options":{"image_generator_settings":{"template":"highway","default_image_id":0,"font":"","enabled":false},"version":2},"jetpack_post_was_ever_published":false},"categories":[23],"tags":[],"class_list":["post-31905","post","type-post","status-publish","format-standard","has-post-thumbnail","category-esportes"],"jetpack_publicize_connections":[],"jetpack-related-posts":[],"jetpack_shortlink":"https:\/\/wp.me\/p7Eq1F-8iB","jetpack_sharing_enabled":true,"jetpack_featured_media_url":"https:\/\/i0.wp.com\/guialimeira.com.br\/news\/wp-content\/uploads\/2024\/03\/thumb_1200x600_agbrasil.png?fit=1200%2C600&ssl=1","_links":{"self":[{"href":"https:\/\/guialimeira.com.br\/news\/wp-json\/wp\/v2\/posts\/31905","targetHints":{"allow":["GET"]}}],"collection":[{"href":"https:\/\/guialimeira.com.br\/news\/wp-json\/wp\/v2\/posts"}],"about":[{"href":"https:\/\/guialimeira.com.br\/news\/wp-json\/wp\/v2\/types\/post"}],"author":[{"embeddable":true,"href":"https:\/\/guialimeira.com.br\/news\/wp-json\/wp\/v2\/users\/1"}],"replies":[{"embeddable":true,"href":"https:\/\/guialimeira.com.br\/news\/wp-json\/wp\/v2\/comments?post=31905"}],"version-history":[{"count":0,"href":"https:\/\/guialimeira.com.br\/news\/wp-json\/wp\/v2\/posts\/31905\/revisions"}],"wp:featuredmedia":[{"embeddable":true,"href":"https:\/\/guialimeira.com.br\/news\/wp-json\/wp\/v2\/media\/269"}],"wp:attachment":[{"href":"https:\/\/guialimeira.com.br\/news\/wp-json\/wp\/v2\/media?parent=31905"}],"wp:term":[{"taxonomy":"category","embeddable":true,"href":"https:\/\/guialimeira.com.br\/news\/wp-json\/wp\/v2\/categories?post=31905"},{"taxonomy":"post_tag","embeddable":true,"href":"https:\/\/guialimeira.com.br\/news\/wp-json\/wp\/v2\/tags?post=31905"}],"curies":[{"name":"wp","href":"https:\/\/api.w.org\/{rel}","templated":true}]}}