{"id":3186,"date":"2024-04-30T14:15:45","date_gmt":"2024-04-30T17:15:45","guid":{"rendered":"https:\/\/guialimeira.com.br\/2024\/04\/30\/votacao-do-projeto-que-recria-dpvat-fica-para-7-de-maio\/"},"modified":"2024-04-30T14:15:45","modified_gmt":"2024-04-30T17:15:45","slug":"votacao-do-projeto-que-recria-dpvat-fica-para-7-de-maio","status":"publish","type":"post","link":"https:\/\/guialimeira.com.br\/news\/votacao-do-projeto-que-recria-dpvat-fica-para-7-de-maio\/","title":{"rendered":"Vota\u00e7\u00e3o do projeto que recria Dpvat fica para 7 de maio"},"content":{"rendered":"<p> <br \/>\n<\/p>\n<div>\n<p>Um pedido de vista coletivo na Comiss\u00e3o de Constitui\u00e7\u00e3o e Justi\u00e7a (CCJ) do Senado adiou para a pr\u00f3xima ter\u00e7a-feira (7) a vota\u00e7\u00e3o do projeto que cria o Seguro Obrigat\u00f3rio para Prote\u00e7\u00e3o de V\u00edtimas de Acidentes de Tr\u00e2nsito (Spvat), em substitui\u00e7\u00e3o ao antigo Dpvat, que era pago pelos\u00a0propriet\u00e1rios de ve\u00edculos automotores e foi extinto em 2021.<img data-recalc-dims=\"1\" decoding=\"async\" src=\"https:\/\/i0.wp.com\/agenciabrasil.ebc.com.br\/ebc.png?w=696&#038;ssl=1\" style=\"width:1px; height:1px; display:inline;\"\/><img data-recalc-dims=\"1\" decoding=\"async\" src=\"https:\/\/i0.wp.com\/agenciabrasil.ebc.com.br\/ebc.gif?w=696&#038;ssl=1\" style=\"width:1px; height:1px; display:inline;\"\/><\/p>\n<p>Enviado pelo governo federal em car\u00e1ter de urg\u00eancia, o texto j\u00e1 foi aprovado pela C\u00e2mara dos Deputados e tem sido usado como moeda de negocia\u00e7\u00e3o entre Executivo e Legislativo para compensar o veto presidencial que <a href=\"https:\/\/agenciabrasil.ebc.com.br\/politica\/noticia\/2024-01\/lula-sanciona-orcamento-e-veta-r-56-bilhoes-em-emendas-parlamentares#:~:text=De%20acordo%20com%20o%20senador,das%20emendas%20parlamentares%20de%20comiss%C3%A3o\" target=\"_blank\" rel=\"noopener\">retirou RS 5,6 bilh\u00f5es<\/a> em emendas parlamentares do or\u00e7amento deste ano.<\/p>\n<p>A negocia\u00e7\u00e3o prev\u00ea que R$ 3,6 bilh\u00f5es da arrecada\u00e7\u00e3o do seguro obrigat\u00f3rio sejam usados para o pagamento de emendas para deputados (R$2,4 bi) e senadores (1,2 bi). O <a href=\"https:\/\/agenciabrasil.ebc.com.br\/economia\/noticia\/2024-04\/votacao-de-projeto-com-novas-regras-para-dpvat-deve-ser-semana-que-vem\" target=\"_blank\" rel=\"noopener\">projeto<\/a> recebeu uma emenda na C\u00e2mara que permite aumentar as despesas da Uni\u00e3o em R$ 15,7 bilh\u00f5es neste ano.<\/p>\n<p>O senador Jaques Wagner (PT-BA), relator do texto no Senado, disse que a antecipa\u00e7\u00e3o dos recursos \u00e9 necess\u00e1ria para atender \u00e0\u00a0demanda do Congresso por emendas parlamentares.<\/p>\n<p>\u201cN\u00f3s, parlamentares, n\u00e3o abrimos m\u00e3o dos R$ 11 bi e, achando pouco, botamos mais R$ 5,6 bi, que teve que raspar de mais lugar ainda porque a Lei de Responsabilidade Fiscal (LRF) diz que voc\u00ea tem que mostrar da onde sai o dinheiro\u201d, explicou. Por meio das emendas, os parlamentares indicam onde os recursos do or\u00e7amento p\u00fablico dever\u00e3o ser investidos.<\/p>\n<p>O projeto recebeu cr\u00edticas da oposi\u00e7\u00e3o, que argumentou que a medida recria impostos e sobrecarrega a popula\u00e7\u00e3o com o seguro obrigat\u00f3rio. O l\u00edder da oposi\u00e7\u00e3o, senador Rog\u00e9rio Marinho (PL-RN), disse a medida \u00e9 injusta.<\/p>\n<p>\u201cMais uma vez, o governo recorre a aumentar impostos, a taxar a popula\u00e7\u00e3o e de forma regressiva, perversa, contra as pessoas mais pobres, na contram\u00e3o do discurso de um governo que se diz socialmente justo\u201d, afirmou.<\/p>\n<p>O senador Oriovisto Guimar\u00e3es (Podemos-PR), tamb\u00e9m lamentou a recria\u00e7\u00e3o do seguro. \u201c\u00c9 uma tristeza, porque recria um imposto desnecess\u00e1rio, in\u00fatil, mais uma maneira de tirar dinheiro da popula\u00e7\u00e3o\u201d.<\/p>\n<p>Coube \u00e0 senadora Zenaide Maia (PSD-RN) fazer a defesa do seguro obrigat\u00f3rio. Para ela, a medida beneficia a popula\u00e7\u00e3o mais pobre que, v\u00edtima de um acidente de tr\u00e2nsito, n\u00e3o tem recursos para despesas m\u00e9dicas ou de reabilita\u00e7\u00e3o.<\/p>\n<p>\u201cAs pessoas precisam [do seguro]. Como sou m\u00e9dica e trabalhei muito tempo no servi\u00e7o p\u00fablico, posso dizer que eles sentem falta disso! As pessoas que s\u00e3o atropeladas, que morrem em tr\u00e2nsito\u201d, destacou.<\/p>\n<p>O relator Jacques Wagner tamb\u00e9m defendeu a necessidade do seguro obrigat\u00f3rio para as v\u00edtimas de acidentes de tr\u00e2nsito. Segundo ele, quem mais usa o servi\u00e7o s\u00e3o os motociclistas acidentados.<\/p>\n<p>\u201cO Dpvat\u00a0\u00e9 uma pol\u00edtica social. N\u00e3o tem nada a ver com o imposto. Uma parte vai para o SUS [Sistema \u00danico de Sa\u00fade] porque \u00e9 o SUS que \u00e9 sobrecarregado com os acidentes de moto ou de autom\u00f3vel\u201d, argumentou, lembrando que o SUS \u00e9 beneficiado pela pol\u00edtica.<\/p>\n<h2>Seguro obrigat\u00f3rio<\/h2>\n<p>Criado em 1974, o Dpvat\u00a0\u00e9 um seguro obrigat\u00f3rio destinado a indenizar v\u00edtimas de acidentes de tr\u00e2nsito ocorridos em todo o territ\u00f3rio nacional. A indeniza\u00e7\u00e3o \u00e9 paga em casos de morte, invalidez permanente total ou parcial e para o reembolso de despesas m\u00e9dicas e hospitalares da rede privada por danos f\u00edsicos causados por acidentes com ve\u00edculos automotores de via terrestre ou por suas cargas.<\/p>\n<p>A cobran\u00e7a foi extinta em 2021, quando a Caixa Econ\u00f4mica Federal assumiu a gest\u00e3o dos recursos e pagamentos do Dpvat\u00a0no lugar da Seguradora L\u00edder, que era um cons\u00f3rcio de empresas privadas. Na ocasi\u00e3o, havia um excedente em torno de R$ 4,3 bilh\u00f5es, que permitiu a manuten\u00e7\u00e3o dos pagamentos do seguro \u00e0s v\u00edtimas de acidentes de tr\u00e2nsito, mesmo sem a cobran\u00e7a aos motoristas.<\/p>\n<p>Entretanto, o pagamento das indeniza\u00e7\u00f5es foi suspenso em novembro do ano passado, por falta de saldo no fundo do Dpvat\u00a0Com a aprova\u00e7\u00e3o do projeto, o seguro anual obrigat\u00f3rio voltar\u00e1 a ser cobrado de propriet\u00e1rios de ve\u00edculos e continuar\u00e1 a ser operado pela Caixa Econ\u00f4mica Federal.<\/p>\n<\/p><\/div>\n<p><br \/>\n<br \/><a href=\"https:\/\/agenciabrasil.ebc.com.br\/economia\/noticia\/2024-04\/votacao-do-projeto-que-recria-dpvat-fica-para-7-de-maio\" rel=\"noopener\">Ag\u00eancia Brasil<\/a><\/p>\n","protected":false},"excerpt":{"rendered":"<p>Um pedido de vista coletivo na Comiss\u00e3o de Constitui\u00e7\u00e3o e Justi\u00e7a (CCJ) do Senado adiou para a pr\u00f3xima ter\u00e7a-feira (7) a vota\u00e7\u00e3o do projeto que cria o Seguro Obrigat\u00f3rio para Prote\u00e7\u00e3o de V\u00edtimas de Acidentes de Tr\u00e2nsito (Spvat), em substitui\u00e7\u00e3o ao antigo Dpvat, que era pago pelos\u00a0propriet\u00e1rios de ve\u00edculos automotores e foi extinto em 2021. [&hellip;]<\/p>\n","protected":false},"author":1,"featured_media":3187,"comment_status":"open","ping_status":"open","sticky":false,"template":"","format":"standard","meta":{"_jetpack_newsletter_access":"","_jetpack_dont_email_post_to_subs":false,"_jetpack_newsletter_tier_id":0,"_jetpack_memberships_contains_paywalled_content":false,"_mbp_banners":[],"_jetpack_feature_clip_id":0,"_jetpack_memberships_contains_paid_content":false,"footnotes":"","jetpack_publicize_message":"","jetpack_publicize_feature_enabled":true,"jetpack_social_post_already_shared":true,"jetpack_social_options":{"image_generator_settings":{"template":"highway","default_image_id":0,"font":"","enabled":false},"version":2},"jetpack_post_was_ever_published":false},"categories":[24],"tags":[],"class_list":["post-3186","post","type-post","status-publish","format-standard","has-post-thumbnail","category-economia"],"jetpack_publicize_connections":[],"jetpack-related-posts":[],"jetpack_shortlink":"https:\/\/wp.me\/p7Eq1F-Po","jetpack_sharing_enabled":true,"jetpack_featured_media_url":"https:\/\/i0.wp.com\/guialimeira.com.br\/news\/wp-content\/uploads\/2024\/04\/dpvat_3012203642.jpg?fit=1600%2C800&ssl=1","_links":{"self":[{"href":"https:\/\/guialimeira.com.br\/news\/wp-json\/wp\/v2\/posts\/3186","targetHints":{"allow":["GET"]}}],"collection":[{"href":"https:\/\/guialimeira.com.br\/news\/wp-json\/wp\/v2\/posts"}],"about":[{"href":"https:\/\/guialimeira.com.br\/news\/wp-json\/wp\/v2\/types\/post"}],"author":[{"embeddable":true,"href":"https:\/\/guialimeira.com.br\/news\/wp-json\/wp\/v2\/users\/1"}],"replies":[{"embeddable":true,"href":"https:\/\/guialimeira.com.br\/news\/wp-json\/wp\/v2\/comments?post=3186"}],"version-history":[{"count":0,"href":"https:\/\/guialimeira.com.br\/news\/wp-json\/wp\/v2\/posts\/3186\/revisions"}],"wp:featuredmedia":[{"embeddable":true,"href":"https:\/\/guialimeira.com.br\/news\/wp-json\/wp\/v2\/media\/3187"}],"wp:attachment":[{"href":"https:\/\/guialimeira.com.br\/news\/wp-json\/wp\/v2\/media?parent=3186"}],"wp:term":[{"taxonomy":"category","embeddable":true,"href":"https:\/\/guialimeira.com.br\/news\/wp-json\/wp\/v2\/categories?post=3186"},{"taxonomy":"post_tag","embeddable":true,"href":"https:\/\/guialimeira.com.br\/news\/wp-json\/wp\/v2\/tags?post=3186"}],"curies":[{"name":"wp","href":"https:\/\/api.w.org\/{rel}","templated":true}]}}