{"id":31848,"date":"2025-04-29T14:36:36","date_gmt":"2025-04-29T17:36:36","guid":{"rendered":"https:\/\/guialimeira.com.br\/2025\/04\/29\/parceria-com-setor-privado-quer-reduzir-tempo-de-espera-no-sus\/"},"modified":"2025-04-29T14:36:36","modified_gmt":"2025-04-29T17:36:36","slug":"parceria-com-setor-privado-quer-reduzir-tempo-de-espera-no-sus","status":"publish","type":"post","link":"https:\/\/guialimeira.com.br\/news\/parceria-com-setor-privado-quer-reduzir-tempo-de-espera-no-sus\/","title":{"rendered":"Parceria com setor privado quer reduzir tempo de espera no SUS"},"content":{"rendered":"<p> <br \/>\n<\/p>\n<div>\n<p>O <a href=\"https:\/\/agenciabrasil.ebc.com.br\/politica\/noticia\/2025-03\/padilha-diz-que-prioridade-e-reduzir-tempo-de-espera-no-sus\" target=\"_blank\" rel=\"noopener\">Minist\u00e9rio da Sa\u00fade<\/a> vai estabelecer parcerias com a rede privada de sa\u00fade para garantir o atendimento especializado no tempo certo. Padilha diz que principal meta \u00e9 reduzir tempo de espera no SUS.\u00a0<img data-recalc-dims=\"1\" decoding=\"async\" src=\"https:\/\/i0.wp.com\/agenciabrasil.ebc.com.br\/ebc.png?w=696&#038;ssl=1\" style=\"width:1px; height:1px; display:inline;\"\/><img data-recalc-dims=\"1\" decoding=\"async\" src=\"https:\/\/i0.wp.com\/agenciabrasil.ebc.com.br\/ebc.gif?w=696&#038;ssl=1\" style=\"width:1px; height:1px; display:inline;\"\/><\/p>\n<p>O <strong>novo ministro da Sa\u00fade, Alexandre Padilha<\/strong>, disse que <strong>sua prioridade ser\u00e1 reduzir o tempo de espera para atendimento especializado no Sistema \u00danico de Sa\u00fade (SUS),<\/strong>\u00a0 especialmente <strong>para o diagn\u00f3stico e tratamento de c\u00e2ncer.<\/strong> Ap\u00f3s <strong>reuni\u00e3o com o presidente Luiz In\u00e1cio Lula da Silva, nesta ter\u00e7a-feira (29), o ministro da Sa\u00fade,<\/strong> Alexandre Padilha<strong>, afirmou que o objetivo \u00e9 \u201cfazer as coisas acontecerem\u201d ainda este ano.<\/strong><\/p>\n<blockquote>\n<p>\u201cPara a gente dar conta de garantir o tempo adequado ao atendimento, por exemplo, da situa\u00e7\u00e3o do c\u00e2ncer, que n\u00f3s temos 30 dias para garantir o diagn\u00f3stico e 60 dias para iniciar o tratamento, s\u00f3 ser\u00e1 poss\u00edvel fazermos isso se ampliarmos as parcerias com o setor privado\u201d, disse, em conversa com a imprensa no Pal\u00e1cio do Planalto.<\/p>\n<\/blockquote>\n<p>Segundo Padilha, muitos dos servi\u00e7os privados tem uma capacidade ociosa que pode ser compartilhada. Al\u00e9m disso, <strong>amanh\u00e3 (30), o Minist\u00e9rio da Sa\u00fade deve divulgar estudo feito com a Faculdade de Medicina da Universidade de S\u00e3o Paulo (USP) que mostra uma grande concentra\u00e7\u00e3o de m\u00e9dicos especialistas atuando nas estruturas privadas de sa\u00fade.<\/strong><\/p>\n<blockquote>\n<p>\u201c\u00c9 uma verdadeira obsess\u00e3o do presidente, desde o come\u00e7o do seu governo, de garantir o atendimento m\u00e9dico especializado no tempo certo, no tempo adequado, reduzindo o tempo de espera que existe hoje no pa\u00eds, que \u00e9 fruto de um represamento do atendimento durante a pandemia [de covid-19] e da desorganiza\u00e7\u00e3o da rede nos governos anteriores\u201d, disse o ministro.<\/p>\n<\/blockquote>\n<p>Com a autoriza\u00e7\u00e3o do presidente Lula, <strong>as pastas da Sa\u00fade e Casa Civil v\u00e3o discutir com os demais minist\u00e9rios envolvidos e trabalhar com o setor privado para impulsionar essa rede de atendimento de m\u00e9dia e alta complexidade.<\/strong><\/p>\n<p>Segundo ele,<strong> \u201ctudo que j\u00e1 vinha sendo programado, n\u00f3s estamos acelerando\u201d, como a entrega de equipamentos de radioterapia nos servi\u00e7os em todo o pa\u00eds.<\/strong> Al\u00e9m disso, o <strong>governo est\u00e1 em tratativa com o hospital A.C.Camargo, refer\u00eancia em oncologia a cidade de S\u00e3o Paulo, para ajudar no diagn\u00f3stico de c\u00e2ncer para pacientes do SUS.<\/strong><\/p>\n<p>No ano passado, o Minist\u00e9rio da Sa\u00fade tamb\u00e9m lan\u00e7ou o <a href=\"https:\/\/agenciabrasil.ebc.com.br\/saude\/noticia\/2024-04\/saude-anuncia-politica-para-ampliar-acesso-especialistas-no-sus\" target=\"_blank\" rel=\"noopener\">Programa Mais Acesso a Especialistas<\/a>. Baseada na l\u00f3gica do <strong>cuidado integral do paciente, a proposta era reduzir o tempo de espera por cirurgias, exames e tratamentos no \u00e2mbito do SUS por meio do fortalecimento do SUS Digital<\/strong>, facilitando o acesso a informa\u00e7\u00f5es e ampliando o potencial de atendimentos remotos.<\/p>\n<p>\u00a0<\/p>\n<p>      <!-- Relacionada --><\/p>\n<p>            <!-- Relacionada -->\n    <\/div>\n<p><br \/>\n<br \/><a href=\"https:\/\/agenciabrasil.ebc.com.br\/saude\/noticia\/2025-04\/parceria-com-setor-privado-quer-reduzir-tempo-de-espera-no-sus\" rel=\"noopener\">Ag\u00eancia Brasil <\/a><\/p>\n","protected":false},"excerpt":{"rendered":"<p>O Minist\u00e9rio da Sa\u00fade vai estabelecer parcerias com a rede privada de sa\u00fade para garantir o atendimento especializado no tempo certo. Padilha diz que principal meta \u00e9 reduzir tempo de espera no SUS.\u00a0 O novo ministro da Sa\u00fade, Alexandre Padilha, disse que sua prioridade ser\u00e1 reduzir o tempo de espera para atendimento especializado no Sistema [&hellip;]<\/p>\n","protected":false},"author":1,"featured_media":31849,"comment_status":"open","ping_status":"open","sticky":false,"template":"","format":"standard","meta":{"_jetpack_newsletter_access":"","_jetpack_dont_email_post_to_subs":false,"_jetpack_newsletter_tier_id":0,"_jetpack_memberships_contains_paywalled_content":false,"_mbp_banners":[],"_jetpack_feature_clip_id":0,"_jetpack_memberships_contains_paid_content":false,"footnotes":"","jetpack_publicize_message":"","jetpack_publicize_feature_enabled":true,"jetpack_social_post_already_shared":true,"jetpack_social_options":{"image_generator_settings":{"template":"highway","default_image_id":0,"font":"","enabled":false},"version":2},"jetpack_post_was_ever_published":false},"categories":[15],"tags":[],"class_list":["post-31848","post","type-post","status-publish","format-standard","has-post-thumbnail","category-saude"],"jetpack_publicize_connections":[],"jetpack-related-posts":[],"jetpack_shortlink":"https:\/\/wp.me\/p7Eq1F-8hG","jetpack_sharing_enabled":true,"jetpack_featured_media_url":"https:\/\/i0.wp.com\/guialimeira.com.br\/news\/wp-content\/uploads\/2025\/04\/54485294633_7cac169d1c_o.jpg?fit=1600%2C800&ssl=1","_links":{"self":[{"href":"https:\/\/guialimeira.com.br\/news\/wp-json\/wp\/v2\/posts\/31848","targetHints":{"allow":["GET"]}}],"collection":[{"href":"https:\/\/guialimeira.com.br\/news\/wp-json\/wp\/v2\/posts"}],"about":[{"href":"https:\/\/guialimeira.com.br\/news\/wp-json\/wp\/v2\/types\/post"}],"author":[{"embeddable":true,"href":"https:\/\/guialimeira.com.br\/news\/wp-json\/wp\/v2\/users\/1"}],"replies":[{"embeddable":true,"href":"https:\/\/guialimeira.com.br\/news\/wp-json\/wp\/v2\/comments?post=31848"}],"version-history":[{"count":0,"href":"https:\/\/guialimeira.com.br\/news\/wp-json\/wp\/v2\/posts\/31848\/revisions"}],"wp:featuredmedia":[{"embeddable":true,"href":"https:\/\/guialimeira.com.br\/news\/wp-json\/wp\/v2\/media\/31849"}],"wp:attachment":[{"href":"https:\/\/guialimeira.com.br\/news\/wp-json\/wp\/v2\/media?parent=31848"}],"wp:term":[{"taxonomy":"category","embeddable":true,"href":"https:\/\/guialimeira.com.br\/news\/wp-json\/wp\/v2\/categories?post=31848"},{"taxonomy":"post_tag","embeddable":true,"href":"https:\/\/guialimeira.com.br\/news\/wp-json\/wp\/v2\/tags?post=31848"}],"curies":[{"name":"wp","href":"https:\/\/api.w.org\/{rel}","templated":true}]}}