{"id":318,"date":"2024-03-29T16:58:04","date_gmt":"2024-03-29T19:58:04","guid":{"rendered":"https:\/\/guialimeira.com.br\/2024\/03\/29\/incendio-atinge-predio-em-construcao-em-recife\/"},"modified":"2024-03-29T16:58:04","modified_gmt":"2024-03-29T19:58:04","slug":"incendio-atinge-predio-em-construcao-em-recife","status":"publish","type":"post","link":"https:\/\/guialimeira.com.br\/news\/incendio-atinge-predio-em-construcao-em-recife\/","title":{"rendered":"Inc\u00eandio atinge pr\u00e9dio em constru\u00e7\u00e3o em Recife\u00a0"},"content":{"rendered":"<p> <br \/>\n<\/p>\n<div>\n<p>Um inc\u00eandio atingiu um pr\u00e9dio em constru\u00e7\u00e3o no bairro da Torre, zona oeste do Recife, na noite desta quinta-feira (28). Segundo o Corpo de Bombeiros Militar de Pernambuco, ainda n\u00e3o h\u00e1 informa\u00e7\u00f5es sobre v\u00edtimas.\u00a0<img data-recalc-dims=\"1\" decoding=\"async\" src=\"https:\/\/i0.wp.com\/agenciabrasil.ebc.com.br\/ebc.png?w=696&#038;ssl=1\" style=\"width:1px; height:1px; display:inline;\"\/><img data-recalc-dims=\"1\" decoding=\"async\" src=\"https:\/\/i0.wp.com\/agenciabrasil.ebc.com.br\/ebc.gif?w=696&#038;ssl=1\" style=\"width:1px; height:1px; display:inline;\"\/><\/p>\n<p>V\u00eddeos divulgados nas redes sociais mostram o inc\u00eandio de grandes propor\u00e7\u00f5es. O Corpo de Bombeiros foi acionado por volta das 20h05min da noite de hoje. Inicialmente, foram enviadas quatro viaturas ao local: duas de combate a inc\u00eandio,\u00a0 uma plataforma e uma de comando operacional.\u00a0<\/p>\n<p>Por quest\u00e3o de seguran\u00e7a, a Neoenergia, concession\u00e1ria de energia que atende a regi\u00e3o, informou que desligou preventivamente a rede el\u00e9trica nas imedia\u00e7\u00f5es do edif\u00edcio. \u201cEquipes da distribuidora permanecem na localidade auxiliando os trabalhos do Corpo de Bombeiros. O servi\u00e7o na \u00e1rea ser\u00e1 imediatamente restabelecido assim que houver condi\u00e7\u00f5es segura para a popula\u00e7\u00e3o\u201d, informou a empresa.\u00a0<\/p>\n<p>O prefeito do Recife, Jo\u00e3o Campos, disse que acionou o Centro de Opera\u00e7\u00f5es do Recife (COP) para monitorar os efeitos causados pelo inc\u00eandio. \u201cNossas equipes, incluindo a Defesa Civil, atuam dando suporte aos Bombeiros para bloquear o acesso \u00e0s ruas e \u00e1reas pr\u00f3ximas do local. Seguirei acompanhando essa situa\u00e7\u00e3o daqui da Prefeitura do Recife, junto com os coordenadores das equipes que est\u00e3o atuando\u201d, disse o prefeito nas redes sociais.\u00a0<\/p>\n<p>A vice-governadora de Pernambuco, Priscila Krause, tamb\u00e9m se manifestou dizendo que todas as for\u00e7as operativas do estado, atrav\u00e9s do Corpo de Bombeiro, Pol\u00edcia Militar e Defesa Civil, est\u00e3o atuando no combate ao inc\u00eandio, para garantir a vida da popula\u00e7\u00e3o da localidade. \u201cSigo acompanhando todos os desdobramentos junto com a equipe do Governo de Pernambuco para assegurar a seguran\u00e7a de todos\u201d, informou.\u00a0<\/p>\n<\/p><\/div>\n<p><br \/>\n<br \/><a href=\"https:\/\/agenciabrasil.ebc.com.br\/geral\/noticia\/2024-03\/incendio-atinge-predio-em-construcao-em-recife\" rel=\"noopener\">Ag\u00eancia Brasil<\/a><\/p>\n","protected":false},"excerpt":{"rendered":"<p>Um inc\u00eandio atingiu um pr\u00e9dio em constru\u00e7\u00e3o no bairro da Torre, zona oeste do Recife, na noite desta quinta-feira (28). Segundo o Corpo de Bombeiros Militar de Pernambuco, ainda n\u00e3o h\u00e1 informa\u00e7\u00f5es sobre v\u00edtimas.\u00a0 V\u00eddeos divulgados nas redes sociais mostram o inc\u00eandio de grandes propor\u00e7\u00f5es. O Corpo de Bombeiros foi acionado por volta das 20h05min [&hellip;]<\/p>\n","protected":false},"author":1,"featured_media":319,"comment_status":"open","ping_status":"open","sticky":false,"template":"","format":"standard","meta":{"_jetpack_newsletter_access":"","_jetpack_dont_email_post_to_subs":false,"_jetpack_newsletter_tier_id":0,"_jetpack_memberships_contains_paywalled_content":false,"_mbp_banners":[],"_jetpack_feature_clip_id":0,"_jetpack_memberships_contains_paid_content":false,"footnotes":"","jetpack_publicize_message":"","jetpack_publicize_feature_enabled":true,"jetpack_social_post_already_shared":false,"jetpack_social_options":{"image_generator_settings":{"template":"highway","default_image_id":0,"font":"","enabled":false},"version":2},"jetpack_post_was_ever_published":false},"categories":[22],"tags":[],"class_list":["post-318","post","type-post","status-publish","format-standard","has-post-thumbnail","category-nacional"],"jetpack_publicize_connections":[],"jetpack-related-posts":[],"jetpack_shortlink":"https:\/\/wp.me\/p7Eq1F-58","jetpack_sharing_enabled":true,"jetpack_featured_media_url":"https:\/\/i0.wp.com\/guialimeira.com.br\/news\/wp-content\/uploads\/2024\/03\/captura_de_tela_29-03-2024_09.22.23_copy.jpg?fit=1600%2C800&ssl=1","_links":{"self":[{"href":"https:\/\/guialimeira.com.br\/news\/wp-json\/wp\/v2\/posts\/318","targetHints":{"allow":["GET"]}}],"collection":[{"href":"https:\/\/guialimeira.com.br\/news\/wp-json\/wp\/v2\/posts"}],"about":[{"href":"https:\/\/guialimeira.com.br\/news\/wp-json\/wp\/v2\/types\/post"}],"author":[{"embeddable":true,"href":"https:\/\/guialimeira.com.br\/news\/wp-json\/wp\/v2\/users\/1"}],"replies":[{"embeddable":true,"href":"https:\/\/guialimeira.com.br\/news\/wp-json\/wp\/v2\/comments?post=318"}],"version-history":[{"count":0,"href":"https:\/\/guialimeira.com.br\/news\/wp-json\/wp\/v2\/posts\/318\/revisions"}],"wp:featuredmedia":[{"embeddable":true,"href":"https:\/\/guialimeira.com.br\/news\/wp-json\/wp\/v2\/media\/319"}],"wp:attachment":[{"href":"https:\/\/guialimeira.com.br\/news\/wp-json\/wp\/v2\/media?parent=318"}],"wp:term":[{"taxonomy":"category","embeddable":true,"href":"https:\/\/guialimeira.com.br\/news\/wp-json\/wp\/v2\/categories?post=318"},{"taxonomy":"post_tag","embeddable":true,"href":"https:\/\/guialimeira.com.br\/news\/wp-json\/wp\/v2\/tags?post=318"}],"curies":[{"name":"wp","href":"https:\/\/api.w.org\/{rel}","templated":true}]}}