{"id":31796,"date":"2025-04-28T22:19:38","date_gmt":"2025-04-29T01:19:38","guid":{"rendered":"https:\/\/guialimeira.com.br\/2025\/04\/28\/morre-marco-krieger-vice-presidente-da-fiocruz-e-defensor-de-vacinas\/"},"modified":"2025-04-28T22:19:38","modified_gmt":"2025-04-29T01:19:38","slug":"morre-marco-krieger-vice-presidente-da-fiocruz-e-defensor-de-vacinas","status":"publish","type":"post","link":"https:\/\/guialimeira.com.br\/news\/morre-marco-krieger-vice-presidente-da-fiocruz-e-defensor-de-vacinas\/","title":{"rendered":"Morre Marco Krieger, vice-presidente da Fiocruz e defensor de vacinas"},"content":{"rendered":"<p> <br \/>\n<\/p>\n<div>\n<p>Morreu nesta segunda-feira (28)\u00a0<strong>Marco Aur\u00e9lio Krieger,\u00a0vice-presidente de Produ\u00e7\u00e3o e Inova\u00e7\u00e3o em Sa\u00fade da Funda\u00e7\u00e3o Oswaldo Cruz (Fiocruz)<\/strong>. Ele <strong>estava no cargo desde 2017<\/strong>. <strong>Tinha 61 anos e lutava contra um c\u00e2ncer<\/strong>.<img data-recalc-dims=\"1\" decoding=\"async\" src=\"https:\/\/i0.wp.com\/agenciabrasil.ebc.com.br\/ebc.png?w=696&#038;ssl=1\" style=\"width:1px; height:1px; display:inline;\"\/><img data-recalc-dims=\"1\" decoding=\"async\" src=\"https:\/\/i0.wp.com\/agenciabrasil.ebc.com.br\/ebc.gif?w=696&#038;ssl=1\" style=\"width:1px; height:1px; display:inline;\"\/><\/p>\n<p>Refer\u00eancia em temas como imuniza\u00e7\u00e3o e vacinas,<strong> Krieger foi um dos cientistas que lutaram pela\u00a0libera\u00e7\u00e3o do uso emergencial das duas vacinas \u2013 a da Fiocruz e a do Instituto Butantan \u2013 contra a covid-19<\/strong>.<\/p>\n<p>Ao defender a efic\u00e1cia das vacinas contra a doen\u00e7a, Krieger <strong>desempenhou\u00a0um papel importante no combate ao negacionismo cient\u00edfico e ao movimento antivacinas<\/strong>, destaca nota da Fiocruz, em que lamenta a morte do vice-presidente.<\/p>\n<p>&#8220;O cientista era um entusiasta da inova\u00e7\u00e3o tecnol\u00f3gica e estava sempre empenhado em incorporar novas vacinas, f\u00e1rmacos e produtos ao SUS. Como ele sempre costumava destacar, &#8216;\u00e9 importante criarmos um ambiente que favore\u00e7a o desenvolvimento de projetos de inova\u00e7\u00e3o tecnol\u00f3gica e incentivar o car\u00e1ter empreendedor dos pesquisadores&#8217;\u201d, diz a nota, destacando a dedica\u00e7\u00e3o do vice-presidente\u00a0\u201ca projetos que pudessem ampliar o acesso da popula\u00e7\u00e3o a melhores vacinas e tratamentos pelo SUS&#8221;.<\/p>\n<p>Bacharel em Ci\u00eancias Biol\u00f3gicas pela Universidade Federal do Paran\u00e1 (UFPR), em 1987, tendo mestrado (1989) e doutorado (1997) em Ci\u00eancias Biol\u00f3gicas (Biof\u00edsica) pela Universidade Federal do Rio de Janeiro (UFRJ), Krieger foi diretor-adjunto de Desenvolvimento Tecnol\u00f3gico, Prototipagem e Produ\u00e7\u00e3o do Instituto Carlos Chagas (ICC\/Fiocruz Paran\u00e1), coordenador do Instituto de Biologia Molecular do Paran\u00e1 (IBMP) e coordenador-t\u00e9cnico da Unidade de Produ\u00e7\u00e3o da Fiocruz para Diagn\u00f3stico de \u00c1cido Nucleico.\u00a0<\/p>\n<p><strong>Ainda n\u00e3o h\u00e1 informa\u00e7\u00f5es sobre vel\u00f3rio e enterro<\/strong>.<\/p>\n<p>      <!-- Relacionada --><\/p>\n<p>            <!-- Relacionada -->\n    <\/div>\n<p><br \/>\n<br \/><a href=\"https:\/\/agenciabrasil.ebc.com.br\/saude\/noticia\/2025-04\/morre-marco-krieger-vice-presidente-da-fiocruz-e-defensor-de-vacinas\" rel=\"noopener\">Ag\u00eancia Brasil <\/a><\/p>\n","protected":false},"excerpt":{"rendered":"<p>Morreu nesta segunda-feira (28)\u00a0Marco Aur\u00e9lio Krieger,\u00a0vice-presidente de Produ\u00e7\u00e3o e Inova\u00e7\u00e3o em Sa\u00fade da Funda\u00e7\u00e3o Oswaldo Cruz (Fiocruz). Ele estava no cargo desde 2017. Tinha 61 anos e lutava contra um c\u00e2ncer. Refer\u00eancia em temas como imuniza\u00e7\u00e3o e vacinas, Krieger foi um dos cientistas que lutaram pela\u00a0libera\u00e7\u00e3o do uso emergencial das duas vacinas \u2013 a da [&hellip;]<\/p>\n","protected":false},"author":1,"featured_media":269,"comment_status":"open","ping_status":"open","sticky":false,"template":"","format":"standard","meta":{"_jetpack_newsletter_access":"","_jetpack_dont_email_post_to_subs":false,"_jetpack_newsletter_tier_id":0,"_jetpack_memberships_contains_paywalled_content":false,"_mbp_banners":[],"_jetpack_feature_clip_id":0,"_jetpack_memberships_contains_paid_content":false,"footnotes":"","jetpack_publicize_message":"","jetpack_publicize_feature_enabled":true,"jetpack_social_post_already_shared":true,"jetpack_social_options":{"image_generator_settings":{"template":"highway","default_image_id":0,"font":"","enabled":false},"version":2},"jetpack_post_was_ever_published":false},"categories":[15],"tags":[],"class_list":["post-31796","post","type-post","status-publish","format-standard","has-post-thumbnail","category-saude"],"jetpack_publicize_connections":[],"jetpack-related-posts":[],"jetpack_shortlink":"https:\/\/wp.me\/p7Eq1F-8gQ","jetpack_sharing_enabled":true,"jetpack_featured_media_url":"https:\/\/i0.wp.com\/guialimeira.com.br\/news\/wp-content\/uploads\/2024\/03\/thumb_1200x600_agbrasil.png?fit=1200%2C600&ssl=1","_links":{"self":[{"href":"https:\/\/guialimeira.com.br\/news\/wp-json\/wp\/v2\/posts\/31796","targetHints":{"allow":["GET"]}}],"collection":[{"href":"https:\/\/guialimeira.com.br\/news\/wp-json\/wp\/v2\/posts"}],"about":[{"href":"https:\/\/guialimeira.com.br\/news\/wp-json\/wp\/v2\/types\/post"}],"author":[{"embeddable":true,"href":"https:\/\/guialimeira.com.br\/news\/wp-json\/wp\/v2\/users\/1"}],"replies":[{"embeddable":true,"href":"https:\/\/guialimeira.com.br\/news\/wp-json\/wp\/v2\/comments?post=31796"}],"version-history":[{"count":0,"href":"https:\/\/guialimeira.com.br\/news\/wp-json\/wp\/v2\/posts\/31796\/revisions"}],"wp:featuredmedia":[{"embeddable":true,"href":"https:\/\/guialimeira.com.br\/news\/wp-json\/wp\/v2\/media\/269"}],"wp:attachment":[{"href":"https:\/\/guialimeira.com.br\/news\/wp-json\/wp\/v2\/media?parent=31796"}],"wp:term":[{"taxonomy":"category","embeddable":true,"href":"https:\/\/guialimeira.com.br\/news\/wp-json\/wp\/v2\/categories?post=31796"},{"taxonomy":"post_tag","embeddable":true,"href":"https:\/\/guialimeira.com.br\/news\/wp-json\/wp\/v2\/tags?post=31796"}],"curies":[{"name":"wp","href":"https:\/\/api.w.org\/{rel}","templated":true}]}}