{"id":31745,"date":"2025-04-28T16:13:45","date_gmt":"2025-04-28T19:13:45","guid":{"rendered":"https:\/\/guialimeira.com.br\/2025\/04\/28\/alta-de-casos-de-covid-19-cidade-do-am-retomar-uso-de-mascara\/"},"modified":"2025-04-28T16:13:45","modified_gmt":"2025-04-28T19:13:45","slug":"alta-de-casos-de-covid-19-cidade-do-am-retomar-uso-de-mascara","status":"publish","type":"post","link":"https:\/\/guialimeira.com.br\/news\/alta-de-casos-de-covid-19-cidade-do-am-retomar-uso-de-mascara\/","title":{"rendered":"Alta de casos de covid-19 cidade do AM retomar uso de m\u00e1scara"},"content":{"rendered":"<p> <br \/>\n<\/p>\n<div>\n<p>A prefeitura de S\u00e3o Gabriel da Cachoeira, na regi\u00e3o da cabe\u00e7a do cachorro, no Amazonas, decretou o <strong>retorno do uso obrigat\u00f3rio de m\u00e1scaras em ambientes fechados, como reparti\u00e7\u00f5es p\u00fablicas, estabelecimentos comerciais, escolas, igrejas e transportes coletivos. <\/strong>A medida, anunciada na \u00faltima sexta-feira (25), foi tomada em raz\u00e3o do <strong>aumento nos casos de covid-19 no munic\u00edpio.<\/strong><img data-recalc-dims=\"1\" decoding=\"async\" src=\"https:\/\/i0.wp.com\/agenciabrasil.ebc.com.br\/ebc.png?w=696&#038;ssl=1\" style=\"width:1px; height:1px; display:inline;\"\/><img data-recalc-dims=\"1\" decoding=\"async\" src=\"https:\/\/i0.wp.com\/agenciabrasil.ebc.com.br\/ebc.gif?w=696&#038;ssl=1\" style=\"width:1px; height:1px; display:inline;\"\/><\/p>\n<p>A a\u00e7\u00e3o atende uma recomenda\u00e7\u00e3o da Defensoria P\u00fablica do Amazonas. De acordo com o \u00f3rg\u00e3o, somente <strong>em abril, o munic\u00edpio, distante a 852 km de Manaus,\u00a0havia registrado quase 400 casos positivos de covid-19 de 897 suspeitos. Em mar\u00e7o, de 197 casos suspeitos, foram registrados 87 casos positivos. Em dezembro do ano passado, o n\u00famero de casos registrados foi 14<\/strong>.<\/p>\n<blockquote>\n<p>\u201cA alta procura pelos testes revelam outra informa\u00e7\u00e3o: mesmo os casos negativos para covid-19 indicam que outras viroses respirat\u00f3rias est\u00e3o circulando na cidade, colocando em risco a sa\u00fade da popula\u00e7\u00e3o\u201d, diz of\u00edcio encaminhado pelo defensor p\u00fablico Marcelo Barbosa \u00e0 Secretaria Municipal de Sa\u00fade, na quarta-feira (23), recomendando a medida.<\/p>\n<\/blockquote>\n<p>Al\u00e9m da obrigatoriedade do uso de m\u00e1scaras, a <strong>prefeitura tamb\u00e9m restringiu o acesso \u00e0s \u00e1reas ind\u00edgenas para pessoas que n\u00e3o apresentem caderneta de vacina\u00e7\u00e3o contra a covid-19 atualizada ou teste negativo realizado nas \u00faltimas 48 horas. O decreto permanecer\u00e1 vigente enquanto houver recomenda\u00e7\u00f5es das autoridades sobre o uso de m\u00e1scaras.\u00a0<\/strong><\/p>\n<p>Segundo a prefeitura, a <strong>medida visa proteger a popula\u00e7\u00e3o local, especialmente as comunidades ind\u00edgenas, que representam cerca de 90% dos habitantes do munic\u00edpio.<\/strong><\/p>\n<blockquote>\n<p>Em nota, a prefeitura anunciou o adiamento do evento de lan\u00e7amento do Festival Cultural dos Povos Ind\u00edgenas do Alto Rio Negro (Festribal), que ocorreria no s\u00e1bado. \u201cInformamos que nova data ser\u00e1 divulgada em tempo oportuno\u201d, <a href=\"https:\/\/www.instagram.com\/p\/DI4pI_GSMPa\/\" target=\"_blank\" rel=\"noopener\">diz aviso da prefeitura.<\/a><\/p>\n<\/blockquote>\n<p>A Secretaria Municipal de Sa\u00fade informou que est\u00e1 realizando testes r\u00e1pidos de covid-19 nas unidades b\u00e1sicas de sa\u00fade (UBS), para pessoas que apresentarem sintomas gripais.<\/p>\n<p>A<strong> <\/strong>fiscaliza\u00e7\u00e3o para o cumprimento das determina\u00e7\u00f5es do decreto ficar\u00e1 a cargo de \u00f3rg\u00e3os e do Distrito Sanit\u00e1rio Especial Ind\u00edgena (DSEI), que poder\u00e3o solicitar documenta\u00e7\u00e3o comprobat\u00f3ria, no caso da entrada em \u00e1reas ind\u00edgenas.\u00a0<\/p>\n<p>O <strong>descumprimento das medidas determinadas poder\u00e1 resultar em san\u00e7\u00f5es administrativas, al\u00e9m de outras medidas cab\u00edveis conforme a legisla\u00e7\u00e3o vigente.\u00a0<\/strong><\/p>\n<p>\u00a0<\/p>\n<p>      <!-- Relacionada --><\/p>\n<p>            <!-- Relacionada -->\n    <\/div>\n<p><script async src=\"\/\/www.instagram.com\/embed.js\"><\/script><br \/>\n<br \/><br \/>\n<br \/><a href=\"https:\/\/agenciabrasil.ebc.com.br\/saude\/noticia\/2025-04\/alta-de-casos-de-covid-19-faz-cidade-do-am-retomar-uso-de-mascara\" rel=\"noopener\">Ag\u00eancia Brasil <\/a><\/p>\n","protected":false},"excerpt":{"rendered":"<p>A prefeitura de S\u00e3o Gabriel da Cachoeira, na regi\u00e3o da cabe\u00e7a do cachorro, no Amazonas, decretou o retorno do uso obrigat\u00f3rio de m\u00e1scaras em ambientes fechados, como reparti\u00e7\u00f5es p\u00fablicas, estabelecimentos comerciais, escolas, igrejas e transportes coletivos. A medida, anunciada na \u00faltima sexta-feira (25), foi tomada em raz\u00e3o do aumento nos casos de covid-19 no munic\u00edpio. [&hellip;]<\/p>\n","protected":false},"author":1,"featured_media":5102,"comment_status":"open","ping_status":"open","sticky":false,"template":"","format":"standard","meta":{"_jetpack_newsletter_access":"","_jetpack_dont_email_post_to_subs":false,"_jetpack_newsletter_tier_id":0,"_jetpack_memberships_contains_paywalled_content":false,"_mbp_banners":[],"_jetpack_feature_clip_id":0,"_jetpack_memberships_contains_paid_content":false,"footnotes":"","jetpack_publicize_message":"","jetpack_publicize_feature_enabled":true,"jetpack_social_post_already_shared":true,"jetpack_social_options":{"image_generator_settings":{"template":"highway","default_image_id":0,"font":"","enabled":false},"version":2},"jetpack_post_was_ever_published":false},"categories":[15],"tags":[],"class_list":["post-31745","post","type-post","status-publish","format-standard","has-post-thumbnail","category-saude"],"jetpack_publicize_connections":[],"jetpack-related-posts":[],"jetpack_shortlink":"https:\/\/wp.me\/p7Eq1F-8g1","jetpack_sharing_enabled":true,"jetpack_featured_media_url":"https:\/\/i0.wp.com\/guialimeira.com.br\/news\/wp-content\/uploads\/2024\/05\/img_3307.jpg?fit=1600%2C800&ssl=1","_links":{"self":[{"href":"https:\/\/guialimeira.com.br\/news\/wp-json\/wp\/v2\/posts\/31745","targetHints":{"allow":["GET"]}}],"collection":[{"href":"https:\/\/guialimeira.com.br\/news\/wp-json\/wp\/v2\/posts"}],"about":[{"href":"https:\/\/guialimeira.com.br\/news\/wp-json\/wp\/v2\/types\/post"}],"author":[{"embeddable":true,"href":"https:\/\/guialimeira.com.br\/news\/wp-json\/wp\/v2\/users\/1"}],"replies":[{"embeddable":true,"href":"https:\/\/guialimeira.com.br\/news\/wp-json\/wp\/v2\/comments?post=31745"}],"version-history":[{"count":0,"href":"https:\/\/guialimeira.com.br\/news\/wp-json\/wp\/v2\/posts\/31745\/revisions"}],"wp:featuredmedia":[{"embeddable":true,"href":"https:\/\/guialimeira.com.br\/news\/wp-json\/wp\/v2\/media\/5102"}],"wp:attachment":[{"href":"https:\/\/guialimeira.com.br\/news\/wp-json\/wp\/v2\/media?parent=31745"}],"wp:term":[{"taxonomy":"category","embeddable":true,"href":"https:\/\/guialimeira.com.br\/news\/wp-json\/wp\/v2\/categories?post=31745"},{"taxonomy":"post_tag","embeddable":true,"href":"https:\/\/guialimeira.com.br\/news\/wp-json\/wp\/v2\/tags?post=31745"}],"curies":[{"name":"wp","href":"https:\/\/api.w.org\/{rel}","templated":true}]}}