{"id":31721,"date":"2025-04-28T12:14:53","date_gmt":"2025-04-28T15:14:53","guid":{"rendered":"https:\/\/guialimeira.com.br\/2025\/04\/28\/russia-declara-cessar-fogo-unilateral-de-tres-dias-na-ucrania\/"},"modified":"2025-04-28T12:14:53","modified_gmt":"2025-04-28T15:14:53","slug":"russia-declara-cessar-fogo-unilateral-de-tres-dias-na-ucrania","status":"publish","type":"post","link":"https:\/\/guialimeira.com.br\/news\/russia-declara-cessar-fogo-unilateral-de-tres-dias-na-ucrania\/","title":{"rendered":"R\u00fassia declara cessar-fogo unilateral de tr\u00eas dias na Ucr\u00e2nia"},"content":{"rendered":"<p> <br \/>\n<\/p>\n<div>\n<p><strong>O governo da R\u00fassia informou, nesta segunda-feira (28), que o presidente Vladimir Putin decidiu por um cessar-fogo na guerra na Ucr\u00e2nia durante tr\u00eas dias \u2013 entre 8 e 10 de maio \u2013 devido \u00e0s comemora\u00e7\u00f5es do 80\u00ba anivers\u00e1rio da vit\u00f3ria contra a Alemanha nazista na 2\u00aa Guerra Mundial<\/strong>.<img data-recalc-dims=\"1\" decoding=\"async\" src=\"https:\/\/i0.wp.com\/agenciabrasil.ebc.com.br\/ebc.png?w=696&#038;ssl=1\" style=\"width:1px; height:1px; display:inline;\"\/><img data-recalc-dims=\"1\" decoding=\"async\" src=\"https:\/\/i0.wp.com\/agenciabrasil.ebc.com.br\/ebc.gif?w=696&#038;ssl=1\" style=\"width:1px; height:1px; display:inline;\"\/><\/p>\n<p>\u201cPor raz\u00f5es humanit\u00e1rias, nos dias do 80\u00ba anivers\u00e1rio da vit\u00f3ria, da meia-noite de 7 e 8 de maio at\u00e9 a meia-noite de 10 e 11 de maio, o lado russo declara um cessar-fogo. Durante esse per\u00edodo, todas as opera\u00e7\u00f5es militares cessam\u201d,<a href=\"http:\/\/kremlin.ru\/events\/president\/news\/76807\" target=\"_blank\" rel=\"noopener\"> informou o Kremlin, por meio de nota<\/a>.\u00a0<\/p>\n<p><strong>O governo russo sugeriu que o \u201clado ucraniano\u201d deveria fazer o mesmo e interromper as opera\u00e7\u00f5es militares nesses tr\u00eas dias<\/strong>. \u201cEm caso de viola\u00e7\u00f5es do cessar-fogo pelo lado ucraniano, as For\u00e7as Armadas russas fornecer\u00e3o uma resposta adequada e eficaz\u201d, completou o governo de Moscou.<\/p>\n<p>O comunicado diz ainda que a R\u00fassia segue aberta para negocia\u00e7\u00f5es de paz \u201csem pr\u00e9-condi\u00e7\u00f5es, visando eliminar as causas profundas da crise ucraniana e intera\u00e7\u00e3o construtiva com parceiros internacionais\u201d.<\/p>\n<p><strong>At\u00e9 a publica\u00e7\u00e3o desta mat\u00e9ria, o governo da Ucr\u00e2nia n\u00e3o havia se manifestado sobre a possibilidade de um cessar-fogo tempor\u00e1rio durante as homenagens aos 80 anos da vit\u00f3ria da ent\u00e3o Uni\u00e3o Sovi\u00e9tica (URSS) contra a Alemanha nazista de Adolf Hitler<\/strong>.<\/p>\n<p>O chamado Dia da Vit\u00f3ria \u00e9 um dos mais importantes feriados da R\u00fassia celebrado todos os anos. Neste 2025, chefes de Estados, de governos e representantes diplom\u00e1ticos de diversos pa\u00edses v\u00e3o \u00e0 R\u00fassia acompanhar as comemora\u00e7\u00f5es.<\/p>\n<h2>Lula ir\u00e1 \u00e0 R\u00fassia<\/h2>\n<p><a href=\"https:\/\/agenciabrasil.ebc.com.br\/politica\/noticia\/2025-04\/lula-viaja-china-em-maio-para-novo-encontro-com-xi-jinping-0\" target=\"_blank\" rel=\"noopener\">O presidente Luiz In\u00e1cio Lula da Silva confirmou a ida \u00e0 R\u00fassia e deve se encontrar com o presidente Putin<\/a>. Na sequ\u00eancia, Lula segue para a China para encontro com o presidente Xi Jinping no contexto da c\u00fapula da China com os pa\u00edses da Comunidade de Estados Latino-Americanos e Caribenhos (Celac).<\/p>\n<blockquote>\n<p>As negocia\u00e7\u00f5es para uma paz duradoura entre R\u00fassia e Ucr\u00e2nia seguem com a intermedia\u00e7\u00e3o dos Estados Unidos. Apesar de o presidente Donald Trump ter anunciado que a paz estava pr\u00f3xima, os conflitos prosseguem nos campos de batalha.<\/p>\n<\/blockquote>\n<p>      <!-- Relacionada --><\/p>\n<p>            <!-- Relacionada -->\n    <\/div>\n<p><br \/>\n<br \/><a href=\"https:\/\/agenciabrasil.ebc.com.br\/internacional\/noticia\/2025-04\/russia-declara-cessar-fogo-unilateral-de-tres-dias-na-ucrania\" rel=\"noopener\">Ag\u00eancia Brasil <\/a><\/p>\n","protected":false},"excerpt":{"rendered":"<p>O governo da R\u00fassia informou, nesta segunda-feira (28), que o presidente Vladimir Putin decidiu por um cessar-fogo na guerra na Ucr\u00e2nia durante tr\u00eas dias \u2013 entre 8 e 10 de maio \u2013 devido \u00e0s comemora\u00e7\u00f5es do 80\u00ba anivers\u00e1rio da vit\u00f3ria contra a Alemanha nazista na 2\u00aa Guerra Mundial. \u201cPor raz\u00f5es humanit\u00e1rias, nos dias do 80\u00ba [&hellip;]<\/p>\n","protected":false},"author":1,"featured_media":31722,"comment_status":"open","ping_status":"open","sticky":false,"template":"","format":"standard","meta":{"_jetpack_newsletter_access":"","_jetpack_dont_email_post_to_subs":false,"_jetpack_newsletter_tier_id":0,"_jetpack_memberships_contains_paywalled_content":false,"_mbp_banners":[],"_jetpack_feature_clip_id":0,"_jetpack_memberships_contains_paid_content":false,"footnotes":"","jetpack_publicize_message":"","jetpack_publicize_feature_enabled":true,"jetpack_social_post_already_shared":true,"jetpack_social_options":{"image_generator_settings":{"template":"highway","default_image_id":0,"font":"","enabled":false},"version":2},"jetpack_post_was_ever_published":false},"categories":[25],"tags":[],"class_list":["post-31721","post","type-post","status-publish","format-standard","has-post-thumbnail","category-internacional"],"jetpack_publicize_connections":[],"jetpack-related-posts":[],"jetpack_shortlink":"https:\/\/wp.me\/p7Eq1F-8fD","jetpack_sharing_enabled":true,"jetpack_featured_media_url":"https:\/\/i0.wp.com\/guialimeira.com.br\/news\/wp-content\/uploads\/2025\/04\/2024-11-10t102341z_1759473793_rc2a2baloy7q_rtrmadp_3_ukraine-crisis-attack-moscow.jpg?fit=1600%2C800&ssl=1","_links":{"self":[{"href":"https:\/\/guialimeira.com.br\/news\/wp-json\/wp\/v2\/posts\/31721","targetHints":{"allow":["GET"]}}],"collection":[{"href":"https:\/\/guialimeira.com.br\/news\/wp-json\/wp\/v2\/posts"}],"about":[{"href":"https:\/\/guialimeira.com.br\/news\/wp-json\/wp\/v2\/types\/post"}],"author":[{"embeddable":true,"href":"https:\/\/guialimeira.com.br\/news\/wp-json\/wp\/v2\/users\/1"}],"replies":[{"embeddable":true,"href":"https:\/\/guialimeira.com.br\/news\/wp-json\/wp\/v2\/comments?post=31721"}],"version-history":[{"count":0,"href":"https:\/\/guialimeira.com.br\/news\/wp-json\/wp\/v2\/posts\/31721\/revisions"}],"wp:featuredmedia":[{"embeddable":true,"href":"https:\/\/guialimeira.com.br\/news\/wp-json\/wp\/v2\/media\/31722"}],"wp:attachment":[{"href":"https:\/\/guialimeira.com.br\/news\/wp-json\/wp\/v2\/media?parent=31721"}],"wp:term":[{"taxonomy":"category","embeddable":true,"href":"https:\/\/guialimeira.com.br\/news\/wp-json\/wp\/v2\/categories?post=31721"},{"taxonomy":"post_tag","embeddable":true,"href":"https:\/\/guialimeira.com.br\/news\/wp-json\/wp\/v2\/tags?post=31721"}],"curies":[{"name":"wp","href":"https:\/\/api.w.org\/{rel}","templated":true}]}}