{"id":31714,"date":"2025-04-28T11:14:12","date_gmt":"2025-04-28T14:14:12","guid":{"rendered":"https:\/\/guialimeira.com.br\/2025\/04\/28\/conclave-comeca-no-dia-7-de-maio-entenda-como-vai-funcionar\/"},"modified":"2025-04-28T11:14:12","modified_gmt":"2025-04-28T14:14:12","slug":"conclave-comeca-no-dia-7-de-maio-entenda-como-vai-funcionar","status":"publish","type":"post","link":"https:\/\/guialimeira.com.br\/news\/conclave-comeca-no-dia-7-de-maio-entenda-como-vai-funcionar\/","title":{"rendered":"Conclave come\u00e7a no dia 7 de maio; entenda como vai funcionar"},"content":{"rendered":"<p> <br \/>\n<\/p>\n<div>\n<p>O <strong>Vaticano divulgou na manh\u00e3 desta segunda-feira (28) a data de in\u00edcio do pr\u00f3ximo conclave: 7 de maio.<\/strong> Em nota, a <strong>Santa S\u00e9 informou que a data foi definida por cardeais reunidos em Roma para a 5\u00aa Congrega\u00e7\u00e3o Geral.<\/strong><img data-recalc-dims=\"1\" decoding=\"async\" src=\"https:\/\/i0.wp.com\/agenciabrasil.ebc.com.br\/ebc.png?w=696&#038;ssl=1\" style=\"width:1px; height:1px; display:inline;\"\/><img data-recalc-dims=\"1\" decoding=\"async\" src=\"https:\/\/i0.wp.com\/agenciabrasil.ebc.com.br\/ebc.gif?w=696&#038;ssl=1\" style=\"width:1px; height:1px; display:inline;\"\/><\/p>\n<p>De acordo com o comunicado, o <strong>conclave vai acontecer na Capela Sistina do Vaticano, que permanecer\u00e1 fechada para visitantes at\u00e9 que a elei\u00e7\u00e3o do novo pont\u00edfice, que suceder\u00e1 a Francisco, seja conclu\u00edda.<\/strong><\/p>\n<h2>Passo a passo<\/h2>\n<p>Segundo o Vaticano, o <strong>conclave ser\u00e1 precedido por uma celebra\u00e7\u00e3o eucar\u00edstica solene, com a missa Pro Eligendo Papa, com a presen\u00e7a dos cardeais eleitores. <\/strong>No per\u00edodo da tarde, eles seguem em prociss\u00e3o solene at\u00e9 a Capela Sistina.<\/p>\n<blockquote>\n<p>Ao final da prociss\u00e3o, j\u00e1 dentro da Capela Sistina, cada cardeal eleitor prestar\u00e1 juramento. \u201cPor meio desse juramento, eles se comprometem, se eleitos, a cumprir fielmente o<em> munus petrinum<\/em> (minist\u00e9rio petrino, na tradu\u00e7\u00e3o livre) como pastor da Igreja Universal\u201d.<\/p>\n<\/blockquote>\n<p>Os <strong>cardeais eleitores tamb\u00e9m se comprometem a manter absoluto sigilo sobre tudo o que se relaciona ao pleito<\/strong> e a se abster de apoiar qualquer tentativa de interfer\u00eancia externa na elei\u00e7\u00e3o.<\/p>\n<p>Neste momento, o mestre de Celebra\u00e7\u00f5es Lit\u00fargicas Pontif\u00edcias proclama extra <em>omnes<\/em> e todos que n\u00e3o fazem parte do conclave devem deixar a Capela Sistina. Permanecem no local apenas o pr\u00f3prio mestre e o eclesi\u00e1stico designado para proferir a segunda medita\u00e7\u00e3o.<\/p>\n<blockquote>\n<p>\u201cEssa medita\u00e7\u00e3o foca na grande responsabilidade que recai sobre os eleitores e na necessidade de se agir com inten\u00e7\u00f5es puras para o bem da Igreja Universal, mantendo somente Deus diante de seus olhos.\u201d<\/p>\n<\/blockquote>\n<p>Uma vez <strong>proferida a medita\u00e7\u00e3o, tanto o eclesi\u00e1stico quanto o mestre das Celebra\u00e7\u00f5es Lit\u00fargicas Pontif\u00edcias tamb\u00e9m se retiram.<\/strong><\/p>\n<p>Os <strong>cardeais eleitores recitam ora\u00e7\u00f5es\u00a0e ouvem o cardeal decano, que pergunta se est\u00e3o prontos para prosseguir com a vota\u00e7\u00e3o ou se h\u00e1 algum esclarecimento necess\u00e1rio sobre regras e procedimentos.<\/strong><\/p>\n<blockquote>\n<p>\u201cDurante todo o processo eleitoral, os cardeais eleitores devem abster-se de enviar cartas ou manter conversas, incluindo telefonemas, exceto em casos de extrema urg\u00eancia.\u201d<\/p>\n<\/blockquote>\n<p>Segundo a Santa S\u00e9, <strong>eles tamb\u00e9m n\u00e3o est\u00e3o autorizados a enviar ou receber mensagens de qualquer tipo, receber jornais ou revistas de qualquer natureza ou acompanhar transmiss\u00f5es de r\u00e1dio ou televis\u00e3o.<\/strong><\/p>\n<h2>Votos necess\u00e1rios<\/h2>\n<p>De acordo com o Vaticano, para eleger validamente um novo papa, \u00e9 preciso uma maioria de dois ter\u00e7os dos cardeais eleitores presentes. <strong>Se o n\u00famero total n\u00e3o for divis\u00edvel por tr\u00eas, ser\u00e1 necess\u00e1rio um voto adicional.<\/strong><\/p>\n<blockquote>\n<p>\u201cSe a vota\u00e7\u00e3o come\u00e7ar na tarde do primeiro dia, haver\u00e1 apenas uma vota\u00e7\u00e3o. Nos dias subsequentes, duas vota\u00e7\u00f5es ser\u00e3o realizadas pela manh\u00e3 e duas \u00e0 tarde\u201d, destacou.<\/p>\n<\/blockquote>\n<p>Ap\u00f3s a contagem dos votos, todas as c\u00e9dulas s\u00e3o queimadas. Se a <strong>vota\u00e7\u00e3o for inconclusiva, uma chamin\u00e9 posicionada sobre a Capela Sistina emite fuma\u00e7a preta<\/strong>. Se um <strong>novo papa for eleito, fuma\u00e7a branca sair\u00e1 da chamin\u00e9.<\/strong><\/p>\n<p>Caso os <strong>cardeais eleitores n\u00e3o cheguem a um acordo ap\u00f3s tr\u00eas dias de vota\u00e7\u00e3o, \u00e9 concedido um intervalo de at\u00e9 um dia para ora\u00e7\u00e3o,<\/strong> livre discuss\u00e3o entre os eleitores e uma breve exorta\u00e7\u00e3o espiritual do cardeal protodi\u00e1cono Dominique Mamberti.<\/p>\n<h2>Pont\u00edfice eleito<\/h2>\n<p>Assim que a <strong>elei\u00e7\u00e3o do novo papa \u00e9 conclu\u00edda, o \u00faltimo dos cardeais di\u00e1conos chama \u00e0 Capela Sistina o secret\u00e1rio do Col\u00e9gio Cardinal\u00edcio e o mestre das Celebra\u00e7\u00f5es Lit\u00fargicas Pontif\u00edcias.<\/strong><\/p>\n<blockquote>\n<p>O decano do col\u00e9gio, cardeal Giovanni Battista Re, falando em nome de todos os cardeais eleitores, solicita o consentimento do candidato eleito com as seguintes palavras: \u201cAceita a sua elei\u00e7\u00e3o can\u00f4nica como sumo pont\u00edfice?\u201d<\/p>\n<\/blockquote>\n<blockquote>\n<p>Ap\u00f3s receber o consentimento, ele pergunta: \u201cQual nome deseja ser chamado?\u201d<\/p>\n<\/blockquote>\n<p>Dois oficiais cerimoniais, como testemunhas, <strong>redigem o documento de aceita\u00e7\u00e3o e registram o nome escolhido.<\/strong><\/p>\n<blockquote>\n<p>\u201cA partir deste momento, o papa rec\u00e9m-eleito adquire plena e suprema autoridade sobre a Igreja Universal. O conclave termina imediatamente neste ponto\u201d, destacou o Vaticano.<\/p>\n<\/blockquote>\n<p>Os <strong>cardeais eleitores, ent\u00e3o, prestam homenagem, juram obedi\u00eancia ao novo papa e agradecem a Deus.<\/strong><\/p>\n<blockquote>\n<p>O cardeal protodi\u00e1cono anuncia aos fi\u00e9is a conclus\u00e3o da elei\u00e7\u00e3o e o nome do novo pont\u00edfice com a famosa frase: \u201c<em>Annuntio vobis gaudium Magnum; habemus papam<\/em> (Anuncio-vos uma grande alegria; temos um papa, na tradu\u00e7\u00e3o livre)\u201d.<\/p>\n<\/blockquote>\n<p>Imediatamente,<strong> o novo pont\u00edfice concede a b\u00ean\u00e7\u00e3o apost\u00f3lica <em>Urbi et Orbi<\/em> na varanda da Bas\u00edlica de S\u00e3o Pedro<\/strong>.<\/p>\n<blockquote>\n<p>\u201cO passo final necess\u00e1rio \u00e9 que, ap\u00f3s a solene cerim\u00f4nia de posse do pontificado e dentro de um prazo adequado, o novo papa tome posse formal da Arquibas\u00edlica Patriarcal de S\u00e3o Jo\u00e3o de Latr\u00e3o\u201d, concluiu a Santa S\u00e9.<\/p>\n<\/blockquote>\n<p>      <!-- Relacionada --><\/p>\n<p>            <!-- Relacionada -->\n    <\/div>\n<p><br \/>\n<br \/><a href=\"https:\/\/agenciabrasil.ebc.com.br\/internacional\/noticia\/2025-04\/conclave-comeca-no-dia-7-de-maio-entenda-como-vai-funcionar\" rel=\"noopener\">Ag\u00eancia Brasil <\/a><\/p>\n","protected":false},"excerpt":{"rendered":"<p>O Vaticano divulgou na manh\u00e3 desta segunda-feira (28) a data de in\u00edcio do pr\u00f3ximo conclave: 7 de maio. Em nota, a Santa S\u00e9 informou que a data foi definida por cardeais reunidos em Roma para a 5\u00aa Congrega\u00e7\u00e3o Geral. De acordo com o comunicado, o conclave vai acontecer na Capela Sistina do Vaticano, que permanecer\u00e1 [&hellip;]<\/p>\n","protected":false},"author":1,"featured_media":31715,"comment_status":"open","ping_status":"open","sticky":false,"template":"","format":"standard","meta":{"_jetpack_newsletter_access":"","_jetpack_dont_email_post_to_subs":false,"_jetpack_newsletter_tier_id":0,"_jetpack_memberships_contains_paywalled_content":false,"_mbp_banners":[],"_jetpack_feature_clip_id":0,"_jetpack_memberships_contains_paid_content":false,"footnotes":"","jetpack_publicize_message":"","jetpack_publicize_feature_enabled":true,"jetpack_social_post_already_shared":true,"jetpack_social_options":{"image_generator_settings":{"template":"highway","default_image_id":0,"font":"","enabled":false},"version":2},"jetpack_post_was_ever_published":false},"categories":[25],"tags":[],"class_list":["post-31714","post","type-post","status-publish","format-standard","has-post-thumbnail","category-internacional"],"jetpack_publicize_connections":[],"jetpack-related-posts":[],"jetpack_shortlink":"https:\/\/wp.me\/p7Eq1F-8fw","jetpack_sharing_enabled":true,"jetpack_featured_media_url":"https:\/\/i0.wp.com\/guialimeira.com.br\/news\/wp-content\/uploads\/2025\/04\/d6a9756.jpg?fit=1600%2C800&ssl=1","_links":{"self":[{"href":"https:\/\/guialimeira.com.br\/news\/wp-json\/wp\/v2\/posts\/31714","targetHints":{"allow":["GET"]}}],"collection":[{"href":"https:\/\/guialimeira.com.br\/news\/wp-json\/wp\/v2\/posts"}],"about":[{"href":"https:\/\/guialimeira.com.br\/news\/wp-json\/wp\/v2\/types\/post"}],"author":[{"embeddable":true,"href":"https:\/\/guialimeira.com.br\/news\/wp-json\/wp\/v2\/users\/1"}],"replies":[{"embeddable":true,"href":"https:\/\/guialimeira.com.br\/news\/wp-json\/wp\/v2\/comments?post=31714"}],"version-history":[{"count":0,"href":"https:\/\/guialimeira.com.br\/news\/wp-json\/wp\/v2\/posts\/31714\/revisions"}],"wp:featuredmedia":[{"embeddable":true,"href":"https:\/\/guialimeira.com.br\/news\/wp-json\/wp\/v2\/media\/31715"}],"wp:attachment":[{"href":"https:\/\/guialimeira.com.br\/news\/wp-json\/wp\/v2\/media?parent=31714"}],"wp:term":[{"taxonomy":"category","embeddable":true,"href":"https:\/\/guialimeira.com.br\/news\/wp-json\/wp\/v2\/categories?post=31714"},{"taxonomy":"post_tag","embeddable":true,"href":"https:\/\/guialimeira.com.br\/news\/wp-json\/wp\/v2\/tags?post=31714"}],"curies":[{"name":"wp","href":"https:\/\/api.w.org\/{rel}","templated":true}]}}