{"id":31706,"date":"2025-04-28T10:50:46","date_gmt":"2025-04-28T13:50:46","guid":{"rendered":"https:\/\/guialimeira.com.br\/?p=31706"},"modified":"2025-04-28T10:50:48","modified_gmt":"2025-04-28T13:50:48","slug":"assai-atacadista-realiza-entrevista-para-novas-vagas-de-emprego-em-limeira","status":"publish","type":"post","link":"https:\/\/guialimeira.com.br\/news\/assai-atacadista-realiza-entrevista-para-novas-vagas-de-emprego-em-limeira\/","title":{"rendered":"Assa\u00ed Atacadista realiza entrevista para novas vagas de emprego em Limeira"},"content":{"rendered":"\n<p class=\"wp-block-paragraph\">O <strong>Assa\u00ed Atacadista<\/strong>, uma das maiores redes de atacado do Brasil, anunciou novas <strong>vagas de emprego para sua unidade no Centro de Limeira (Loja 21)<\/strong>. A entrevista presencial est\u00e1 marcada para o dia <strong>28 de abril<\/strong>, \u00e0s <strong>14h40<\/strong>, no pr\u00f3prio local.<\/p>\n\n\n\n<p class=\"wp-block-paragraph\">Essa \u00e9 uma excelente oportunidade para quem busca ingressar em uma empresa reconhecida como uma das <strong>Melhores Empresas Para Trabalhar<\/strong> no Brasil em 2024, segundo o ranking do Great Place to Work.<\/p>\n\n\n\n<hr class=\"wp-block-separator has-alpha-channel-opacity\"\/>\n\n\n\n<h3 class=\"wp-block-heading\">\ud83d\udccb Vagas dispon\u00edveis:<\/h3>\n\n\n\n<ul class=\"wp-block-list\">\n<li>Repositor de Mercadorias \u2013 Aprendiz (+18 anos)<\/li>\n\n\n\n<li>Repositor Pleno \u2013 FLV (Frutas, Legumes e Verduras)<\/li>\n\n\n\n<li>Repositor Pleno \u2013 Perec\u00edveis<\/li>\n\n\n\n<li>Atendente de Loja \u2013 Venda de Produtos Financeiros<\/li>\n<\/ul>\n\n\n\n<p class=\"wp-block-paragraph\"><strong>Importante:<\/strong> todas as vagas s\u00e3o destinadas a candidatos com <strong>18 anos ou mais<\/strong>.<\/p>\n\n\n\n<hr class=\"wp-block-separator has-alpha-channel-opacity\"\/>\n\n\n\n<h3 class=\"wp-block-heading\">\ud83d\udccd Benef\u00edcios oferecidos pelo Assa\u00ed Atacadista:<\/h3>\n\n\n\n<ul class=\"wp-block-list\">\n<li>Assist\u00eancia m\u00e9dica e odontol\u00f3gica<\/li>\n\n\n\n<li>Seguro de vida<\/li>\n\n\n\n<li>Refeit\u00f3rio em todas as unidades<\/li>\n\n\n\n<li>Vale-compras Assa\u00ed<\/li>\n\n\n\n<li>Capacita\u00e7\u00e3o via Universidade Assa\u00ed<\/li>\n\n\n\n<li>Plano de carreira estruturado<\/li>\n\n\n\n<li>E muito mais!<\/li>\n<\/ul>\n\n\n\n<hr class=\"wp-block-separator has-alpha-channel-opacity\"\/>\n\n\n\n<h3 class=\"wp-block-heading\">\ud83d\udcdd Como participar:<\/h3>\n\n\n\n<ul class=\"wp-block-list\">\n<li>Compare\u00e7a no dia <strong>28\/04<\/strong>, \u00e0s <strong>14h40<\/strong>, levando seu curr\u00edculo atualizado \u00e0 <strong>Loja 21 Limeira Centro\/SP<\/strong>:\n<ul class=\"wp-block-list\">\n<li><strong>Endere\u00e7o:<\/strong> Largo Jos\u00e9 Bonif\u00e1cio, 149, Centro, Limeira\/SP<\/li>\n<\/ul>\n<\/li>\n\n\n\n<li>Tamb\u00e9m \u00e9 poss\u00edvel se cadastrar online pelo site:<br>\u27a1\ufe0f <a class=\"\">assai.gupy.io<\/a> (ou usando o QR Code dispon\u00edvel no material oficial)<\/li>\n\n\n\n<li>Mais informa\u00e7\u00f5es:\n<ul class=\"wp-block-list\">\n<li>WhatsApp: (19) 99882-2797<\/li>\n\n\n\n<li>E-mail: <a class=\"\">loja021.rh@assai.com.br<\/a><\/li>\n<\/ul>\n<\/li>\n<\/ul>\n\n\n\n<hr class=\"wp-block-separator has-alpha-channel-opacity\"\/>\n\n\n\n<h3 class=\"wp-block-heading\">\ud83e\udde1 Venha fazer parte do time Assa\u00ed!<\/h3>\n\n\n\n<p class=\"wp-block-paragraph\">Se voc\u00ea busca desenvolvimento profissional, um ambiente inclusivo e benef\u00edcios competitivos, aproveite essa oportunidade e <strong>venha ser Assa\u00ed<\/strong>!<\/p>\n","protected":false},"excerpt":{"rendered":"<p>O Assa\u00ed Atacadista, uma das maiores redes de atacado do Brasil, anunciou novas vagas de emprego para sua unidade no Centro de Limeira (Loja 21). A entrevista presencial est\u00e1 marcada para o dia 28 de abril, \u00e0s 14h40, no pr\u00f3prio local.<\/p>\n","protected":false},"author":1,"featured_media":25701,"comment_status":"open","ping_status":"open","sticky":false,"template":"","format":"standard","meta":{"_jetpack_newsletter_access":"","_jetpack_dont_email_post_to_subs":false,"_jetpack_newsletter_tier_id":0,"_jetpack_memberships_contains_paywalled_content":false,"_mbp_banners":[],"_jetpack_feature_clip_id":0,"_jetpack_memberships_contains_paid_content":false,"footnotes":"","jetpack_publicize_message":"","jetpack_publicize_feature_enabled":true,"jetpack_social_post_already_shared":true,"jetpack_social_options":{"image_generator_settings":{"template":"highway","default_image_id":0,"font":"","enabled":false},"version":2},"jetpack_post_was_ever_published":false},"categories":[17,16],"tags":[],"class_list":["post-31706","post","type-post","status-publish","format-standard","has-post-thumbnail","category-empregos","category-local"],"jetpack_publicize_connections":[],"jetpack-related-posts":[],"jetpack_shortlink":"https:\/\/wp.me\/p7Eq1F-8fo","jetpack_sharing_enabled":true,"jetpack_featured_media_url":"https:\/\/i0.wp.com\/guialimeira.com.br\/news\/wp-content\/uploads\/2025\/03\/Confira-as-vagas-de-emprego-disponiveis-no-PAT-Limeira.jpg?fit=960%2C636&ssl=1","_links":{"self":[{"href":"https:\/\/guialimeira.com.br\/news\/wp-json\/wp\/v2\/posts\/31706","targetHints":{"allow":["GET"]}}],"collection":[{"href":"https:\/\/guialimeira.com.br\/news\/wp-json\/wp\/v2\/posts"}],"about":[{"href":"https:\/\/guialimeira.com.br\/news\/wp-json\/wp\/v2\/types\/post"}],"author":[{"embeddable":true,"href":"https:\/\/guialimeira.com.br\/news\/wp-json\/wp\/v2\/users\/1"}],"replies":[{"embeddable":true,"href":"https:\/\/guialimeira.com.br\/news\/wp-json\/wp\/v2\/comments?post=31706"}],"version-history":[{"count":1,"href":"https:\/\/guialimeira.com.br\/news\/wp-json\/wp\/v2\/posts\/31706\/revisions"}],"predecessor-version":[{"id":31707,"href":"https:\/\/guialimeira.com.br\/news\/wp-json\/wp\/v2\/posts\/31706\/revisions\/31707"}],"wp:featuredmedia":[{"embeddable":true,"href":"https:\/\/guialimeira.com.br\/news\/wp-json\/wp\/v2\/media\/25701"}],"wp:attachment":[{"href":"https:\/\/guialimeira.com.br\/news\/wp-json\/wp\/v2\/media?parent=31706"}],"wp:term":[{"taxonomy":"category","embeddable":true,"href":"https:\/\/guialimeira.com.br\/news\/wp-json\/wp\/v2\/categories?post=31706"},{"taxonomy":"post_tag","embeddable":true,"href":"https:\/\/guialimeira.com.br\/news\/wp-json\/wp\/v2\/tags?post=31706"}],"curies":[{"name":"wp","href":"https:\/\/api.w.org\/{rel}","templated":true}]}}