{"id":31703,"date":"2025-04-28T10:45:20","date_gmt":"2025-04-28T13:45:20","guid":{"rendered":"https:\/\/guialimeira.com.br\/?p=31703"},"modified":"2025-04-28T10:45:23","modified_gmt":"2025-04-28T13:45:23","slug":"vaticano-anuncia-inicio-do-conclave-para-eleicao-do-novo-papa","status":"publish","type":"post","link":"https:\/\/guialimeira.com.br\/news\/vaticano-anuncia-inicio-do-conclave-para-eleicao-do-novo-papa\/","title":{"rendered":"Vaticano anuncia in\u00edcio do Conclave para elei\u00e7\u00e3o do novo Papa"},"content":{"rendered":"\n<p class=\"wp-block-paragraph\">O Vaticano anunciou oficialmente nesta <strong>segunda-feira (28)<\/strong> que o <strong>Conclave para a elei\u00e7\u00e3o do novo Papa<\/strong> ter\u00e1 in\u00edcio no pr\u00f3ximo dia <strong>7 de maio de 2025<\/strong>. A decis\u00e3o foi comunicada ap\u00f3s uma reuni\u00e3o extraordin\u00e1ria do <strong>Col\u00e9gio de Cardeais<\/strong>, realizada na <strong>Sala do S\u00ednodo<\/strong>, no <strong>Pal\u00e1cio Apost\u00f3lico<\/strong>.<\/p>\n\n\n\n<hr class=\"wp-block-separator has-alpha-channel-opacity\"\/>\n\n\n\n<h3 class=\"wp-block-heading\">\ud83d\udd6f\ufe0f Missa solene abrir\u00e1 o processo de escolha<\/h3>\n\n\n\n<p class=\"wp-block-paragraph\">Segundo o comunicado da Santa S\u00e9, todos os cardeais eleitores j\u00e1 foram convocados e dever\u00e3o se reunir na manh\u00e3 do dia 7 de maio para a celebra\u00e7\u00e3o da missa <strong>&#8220;Pro Eligendo Pontifice&#8221;<\/strong>. Esta missa marca <strong>a abertura solene do processo eleitoral<\/strong>, pedindo inspira\u00e7\u00e3o divina para a escolha do novo sucessor de S\u00e3o Pedro.<\/p>\n\n\n\n<p class=\"wp-block-paragraph\">Ap\u00f3s a celebra\u00e7\u00e3o, os cardeais seguir\u00e3o para a <strong>Capela Sistina<\/strong>, onde ter\u00e3o in\u00edcio as <strong>sess\u00f5es de vota\u00e7\u00e3o em estrito sigilo<\/strong>, conforme as normas estabelecidas pela Constitui\u00e7\u00e3o Apost\u00f3lica <strong>Universi Dominici Gregis<\/strong>.<\/p>\n\n\n\n<hr class=\"wp-block-separator has-alpha-channel-opacity\"\/>\n\n\n\n<h3 class=\"wp-block-heading\">\ud83d\udccb Preparativos em andamento<\/h3>\n\n\n\n<p class=\"wp-block-paragraph\">O Vaticano informou que todos os <strong>preparativos log\u00edsticos<\/strong> para o Conclave est\u00e3o em fase final. A Capela Sistina passa por rigorosos ajustes de <strong>seguran\u00e7a e confidencialidade<\/strong>, para garantir a prote\u00e7\u00e3o do processo eleitoral.<\/p>\n\n\n\n<p class=\"wp-block-paragraph\">A escolha da data para o in\u00edcio do Conclave levou em considera\u00e7\u00e3o o <strong>tempo necess\u00e1rio para a chegada dos cardeais<\/strong> provenientes de diversas partes do mundo, garantindo a plena participa\u00e7\u00e3o de todos os eleitores aptos.<\/p>\n\n\n\n<hr class=\"wp-block-separator has-alpha-channel-opacity\"\/>\n\n\n\n<h3 class=\"wp-block-heading\">\u271d\ufe0f Um momento decisivo para a Igreja Cat\u00f3lica<\/h3>\n\n\n\n<p class=\"wp-block-paragraph\">O novo Pont\u00edfice ser\u00e1 eleito para liderar a Igreja Cat\u00f3lica em um contexto de grandes desafios globais, incluindo quest\u00f5es sociais, ambientais, de di\u00e1logo inter-religioso e fortalecimento da f\u00e9.<\/p>\n\n\n\n<p class=\"wp-block-paragraph\">O <strong>in\u00edcio do Conclave para elei\u00e7\u00e3o do novo Papa<\/strong> marca mais um cap\u00edtulo importante na hist\u00f3ria da Igreja, reunindo 136 cardeais eleitores que representar\u00e3o a diversidade e as esperan\u00e7as de milh\u00f5es de cat\u00f3licos ao redor do mundo.<\/p>\n","protected":false},"excerpt":{"rendered":"<p>O Vaticano anunciou oficialmente nesta segunda-feira (28) que o Conclave para a elei\u00e7\u00e3o do novo Papa ter\u00e1 in\u00edcio no pr\u00f3ximo dia 7 de maio de 2025. A decis\u00e3o foi comunicada ap\u00f3s uma reuni\u00e3o extraordin\u00e1ria do Col\u00e9gio de Cardeais, realizada na Sala do S\u00ednodo, no Pal\u00e1cio Apost\u00f3lico.<\/p>\n","protected":false},"author":1,"featured_media":31704,"comment_status":"open","ping_status":"open","sticky":false,"template":"","format":"standard","meta":{"_jetpack_newsletter_access":"","_jetpack_dont_email_post_to_subs":false,"_jetpack_newsletter_tier_id":0,"_jetpack_memberships_contains_paywalled_content":false,"_mbp_banners":[],"_jetpack_feature_clip_id":0,"_jetpack_memberships_contains_paid_content":false,"footnotes":"","jetpack_publicize_message":"","jetpack_publicize_feature_enabled":true,"jetpack_social_post_already_shared":true,"jetpack_social_options":{"image_generator_settings":{"template":"highway","default_image_id":0,"font":"","enabled":false},"version":2},"jetpack_post_was_ever_published":false},"categories":[25,16],"tags":[],"class_list":["post-31703","post","type-post","status-publish","format-standard","has-post-thumbnail","category-internacional","category-local"],"jetpack_publicize_connections":[],"jetpack-related-posts":[],"jetpack_shortlink":"https:\/\/wp.me\/p7Eq1F-8fl","jetpack_sharing_enabled":true,"jetpack_featured_media_url":"https:\/\/i0.wp.com\/guialimeira.com.br\/news\/wp-content\/uploads\/2025\/04\/capela-sistina.png?fit=1024%2C1024&ssl=1","_links":{"self":[{"href":"https:\/\/guialimeira.com.br\/news\/wp-json\/wp\/v2\/posts\/31703","targetHints":{"allow":["GET"]}}],"collection":[{"href":"https:\/\/guialimeira.com.br\/news\/wp-json\/wp\/v2\/posts"}],"about":[{"href":"https:\/\/guialimeira.com.br\/news\/wp-json\/wp\/v2\/types\/post"}],"author":[{"embeddable":true,"href":"https:\/\/guialimeira.com.br\/news\/wp-json\/wp\/v2\/users\/1"}],"replies":[{"embeddable":true,"href":"https:\/\/guialimeira.com.br\/news\/wp-json\/wp\/v2\/comments?post=31703"}],"version-history":[{"count":1,"href":"https:\/\/guialimeira.com.br\/news\/wp-json\/wp\/v2\/posts\/31703\/revisions"}],"predecessor-version":[{"id":31705,"href":"https:\/\/guialimeira.com.br\/news\/wp-json\/wp\/v2\/posts\/31703\/revisions\/31705"}],"wp:featuredmedia":[{"embeddable":true,"href":"https:\/\/guialimeira.com.br\/news\/wp-json\/wp\/v2\/media\/31704"}],"wp:attachment":[{"href":"https:\/\/guialimeira.com.br\/news\/wp-json\/wp\/v2\/media?parent=31703"}],"wp:term":[{"taxonomy":"category","embeddable":true,"href":"https:\/\/guialimeira.com.br\/news\/wp-json\/wp\/v2\/categories?post=31703"},{"taxonomy":"post_tag","embeddable":true,"href":"https:\/\/guialimeira.com.br\/news\/wp-json\/wp\/v2\/tags?post=31703"}],"curies":[{"name":"wp","href":"https:\/\/api.w.org\/{rel}","templated":true}]}}