{"id":31702,"date":"2025-04-28T10:12:45","date_gmt":"2025-04-28T13:12:45","guid":{"rendered":"https:\/\/guialimeira.com.br\/2025\/04\/28\/espanha-e-portugal-sao-atingidos-por-falta-de-energia\/"},"modified":"2025-04-28T10:12:45","modified_gmt":"2025-04-28T13:12:45","slug":"espanha-e-portugal-sao-atingidos-por-falta-de-energia","status":"publish","type":"post","link":"https:\/\/guialimeira.com.br\/news\/espanha-e-portugal-sao-atingidos-por-falta-de-energia\/","title":{"rendered":"Espanha e Portugal s\u00e3o atingidos por falta de energia"},"content":{"rendered":"<p> <br \/>\n<\/p>\n<div>\n<p>A operadora da rede el\u00e9trica espanhola Red Electrica disse que estava trabalhando com as empresas de energia para restaurar a energia depois que grande parte da Espanha e de Portugal foi atingida por um apag\u00e3o nesta segunda-feira.<img data-recalc-dims=\"1\" decoding=\"async\" src=\"https:\/\/i0.wp.com\/agenciabrasil.ebc.com.br\/ebc.png?w=696&#038;ssl=1\" style=\"width:1px; height:1px; display:inline;\"\/><img data-recalc-dims=\"1\" decoding=\"async\" src=\"https:\/\/i0.wp.com\/agenciabrasil.ebc.com.br\/ebc.gif?w=696&#038;ssl=1\" style=\"width:1px; height:1px; display:inline;\"\/><\/p>\n<p>A E-Redes, uma empresa espanhola de monitoramento da rede el\u00e9trica, afirmou em comunicado que estava trabalhando para restabelecer a conex\u00e3o em fases.<\/p>\n<p>&#8220;Esse \u00e9 um problema europeu mais amplo&#8221;, acrescentou.<\/p>\n<p>As esta\u00e7\u00f5es de r\u00e1dio espanholas informaram que parte do metr\u00f4 de Madri estava sendo esvaziada. Havia engarrafamentos no centro da cidade de Madri, pois os sem\u00e1foros pararam de funcionar, segundo a emissora de r\u00e1dio Cader Ser.<\/p>\n<p>A pol\u00edcia portuguesa informou que os sem\u00e1foros foram afetados em todo o pa\u00eds, o metr\u00f4 foi fechado em Lisboa e no Porto e os trens n\u00e3o estavam funcionando.<\/p>\n<p>      <!-- Relacionada --><br \/>\n            <!-- Relacionada -->\n    <\/div>\n<p><br \/>\n<br \/><a href=\"https:\/\/agenciabrasil.ebc.com.br\/internacional\/noticia\/2025-04\/espanha-e-portugal-sao-atingidos-por-falta-de-energia\" rel=\"noopener\">Ag\u00eancia Brasil <\/a><\/p>\n","protected":false},"excerpt":{"rendered":"<p>A operadora da rede el\u00e9trica espanhola Red Electrica disse que estava trabalhando com as empresas de energia para restaurar a energia depois que grande parte da Espanha e de Portugal foi atingida por um apag\u00e3o nesta segunda-feira. A E-Redes, uma empresa espanhola de monitoramento da rede el\u00e9trica, afirmou em comunicado que estava trabalhando para restabelecer [&hellip;]<\/p>\n","protected":false},"author":1,"featured_media":269,"comment_status":"open","ping_status":"open","sticky":false,"template":"","format":"standard","meta":{"_jetpack_newsletter_access":"","_jetpack_dont_email_post_to_subs":false,"_jetpack_newsletter_tier_id":0,"_jetpack_memberships_contains_paywalled_content":false,"_mbp_banners":[],"_jetpack_feature_clip_id":0,"_jetpack_memberships_contains_paid_content":false,"footnotes":"","jetpack_publicize_message":"","jetpack_publicize_feature_enabled":true,"jetpack_social_post_already_shared":true,"jetpack_social_options":{"image_generator_settings":{"template":"highway","default_image_id":0,"font":"","enabled":false},"version":2},"jetpack_post_was_ever_published":false},"categories":[25],"tags":[],"class_list":["post-31702","post","type-post","status-publish","format-standard","has-post-thumbnail","category-internacional"],"jetpack_publicize_connections":[],"jetpack-related-posts":[],"jetpack_shortlink":"https:\/\/wp.me\/p7Eq1F-8fk","jetpack_sharing_enabled":true,"jetpack_featured_media_url":"https:\/\/i0.wp.com\/guialimeira.com.br\/news\/wp-content\/uploads\/2024\/03\/thumb_1200x600_agbrasil.png?fit=1200%2C600&ssl=1","_links":{"self":[{"href":"https:\/\/guialimeira.com.br\/news\/wp-json\/wp\/v2\/posts\/31702","targetHints":{"allow":["GET"]}}],"collection":[{"href":"https:\/\/guialimeira.com.br\/news\/wp-json\/wp\/v2\/posts"}],"about":[{"href":"https:\/\/guialimeira.com.br\/news\/wp-json\/wp\/v2\/types\/post"}],"author":[{"embeddable":true,"href":"https:\/\/guialimeira.com.br\/news\/wp-json\/wp\/v2\/users\/1"}],"replies":[{"embeddable":true,"href":"https:\/\/guialimeira.com.br\/news\/wp-json\/wp\/v2\/comments?post=31702"}],"version-history":[{"count":0,"href":"https:\/\/guialimeira.com.br\/news\/wp-json\/wp\/v2\/posts\/31702\/revisions"}],"wp:featuredmedia":[{"embeddable":true,"href":"https:\/\/guialimeira.com.br\/news\/wp-json\/wp\/v2\/media\/269"}],"wp:attachment":[{"href":"https:\/\/guialimeira.com.br\/news\/wp-json\/wp\/v2\/media?parent=31702"}],"wp:term":[{"taxonomy":"category","embeddable":true,"href":"https:\/\/guialimeira.com.br\/news\/wp-json\/wp\/v2\/categories?post=31702"},{"taxonomy":"post_tag","embeddable":true,"href":"https:\/\/guialimeira.com.br\/news\/wp-json\/wp\/v2\/tags?post=31702"}],"curies":[{"name":"wp","href":"https:\/\/api.w.org\/{rel}","templated":true}]}}