{"id":3163,"date":"2024-04-30T10:11:47","date_gmt":"2024-04-30T13:11:47","guid":{"rendered":"https:\/\/guialimeira.com.br\/2024\/04\/30\/brasil-registra-mais-de-244-mil-empregos-formais-em-marco\/"},"modified":"2024-04-30T10:11:47","modified_gmt":"2024-04-30T13:11:47","slug":"brasil-registra-mais-de-244-mil-empregos-formais-em-marco","status":"publish","type":"post","link":"https:\/\/guialimeira.com.br\/news\/brasil-registra-mais-de-244-mil-empregos-formais-em-marco\/","title":{"rendered":"Brasil registra mais de 244 mil empregos formais em mar\u00e7o"},"content":{"rendered":"<p> <br \/>\n<\/p>\n<div>\n<p>O Brasil fechou o m\u00eas de mar\u00e7o com saldo positivo de 244.315 empregos com carteira assinada. No acumulado do ano (janeiro\/2024 a mar\u00e7o\/2024), o saldo foi positivo em 719.033 empregos, o que representa um aumento de 34% em rela\u00e7\u00e3o aos tr\u00eas primeiros meses do ano passado.<img data-recalc-dims=\"1\" decoding=\"async\" src=\"https:\/\/i0.wp.com\/agenciabrasil.ebc.com.br\/ebc.png?w=696&#038;ssl=1\" style=\"width:1px; height:1px; display:inline;\"\/><img data-recalc-dims=\"1\" decoding=\"async\" src=\"https:\/\/i0.wp.com\/agenciabrasil.ebc.com.br\/ebc.gif?w=696&#038;ssl=1\" style=\"width:1px; height:1px; display:inline;\"\/><\/p>\n<p>O balan\u00e7o \u00e9 do Cadastro Geral de Empregados e Desempregados (Novo Caged) divulgado nesta ter\u00e7a-feira (30) pelo Minist\u00e9rio do Trabalho e Emprego.<\/p>\n<p>Segundo o ministro do Trabalho e Emprego, Luiz Marinho, este foi o\u00a0 melhor resultado do Caged para o m\u00eas de mar\u00e7o desde 2020. \u201cOu seja, \u00e9 um momento importante, ent\u00e3o eu creio que neste Primeiro de Maio n\u00f3s temos motivos para fixar a luta da classe trabalhadora por melhores condi\u00e7\u00f5es\u201d, disse Marinho \u00e0 <strong>Ag\u00eancia Brasil<\/strong>.<\/p>\n<\/p><\/div>\n<p><br \/>\n<br \/><a href=\"https:\/\/agenciabrasil.ebc.com.br\/economia\/noticia\/2024-04\/brasil-registra-mais-de-244-mil-empregos-formais-em-marco\" rel=\"noopener\">Ag\u00eancia Brasil<\/a><\/p>\n","protected":false},"excerpt":{"rendered":"<p>O Brasil fechou o m\u00eas de mar\u00e7o com saldo positivo de 244.315 empregos com carteira assinada. No acumulado do ano (janeiro\/2024 a mar\u00e7o\/2024), o saldo foi positivo em 719.033 empregos, o que representa um aumento de 34% em rela\u00e7\u00e3o aos tr\u00eas primeiros meses do ano passado. O balan\u00e7o \u00e9 do Cadastro Geral de Empregados e [&hellip;]<\/p>\n","protected":false},"author":1,"featured_media":3164,"comment_status":"open","ping_status":"open","sticky":false,"template":"","format":"standard","meta":{"_jetpack_newsletter_access":"","_jetpack_dont_email_post_to_subs":false,"_jetpack_newsletter_tier_id":0,"_jetpack_memberships_contains_paywalled_content":false,"_mbp_banners":[],"_jetpack_feature_clip_id":0,"_jetpack_memberships_contains_paid_content":false,"footnotes":"","jetpack_publicize_message":"","jetpack_publicize_feature_enabled":true,"jetpack_social_post_already_shared":true,"jetpack_social_options":{"image_generator_settings":{"template":"highway","default_image_id":0,"font":"","enabled":false},"version":2},"jetpack_post_was_ever_published":false},"categories":[24],"tags":[],"class_list":["post-3163","post","type-post","status-publish","format-standard","has-post-thumbnail","category-economia"],"jetpack_publicize_connections":[],"jetpack-related-posts":[],"jetpack_shortlink":"https:\/\/wp.me\/p7Eq1F-P1","jetpack_sharing_enabled":true,"jetpack_featured_media_url":"https:\/\/i0.wp.com\/guialimeira.com.br\/news\/wp-content\/uploads\/2024\/04\/carteira-de-trabalho-digital_mcamgo_abr_240620211818.jpg?fit=1600%2C800&ssl=1","_links":{"self":[{"href":"https:\/\/guialimeira.com.br\/news\/wp-json\/wp\/v2\/posts\/3163","targetHints":{"allow":["GET"]}}],"collection":[{"href":"https:\/\/guialimeira.com.br\/news\/wp-json\/wp\/v2\/posts"}],"about":[{"href":"https:\/\/guialimeira.com.br\/news\/wp-json\/wp\/v2\/types\/post"}],"author":[{"embeddable":true,"href":"https:\/\/guialimeira.com.br\/news\/wp-json\/wp\/v2\/users\/1"}],"replies":[{"embeddable":true,"href":"https:\/\/guialimeira.com.br\/news\/wp-json\/wp\/v2\/comments?post=3163"}],"version-history":[{"count":0,"href":"https:\/\/guialimeira.com.br\/news\/wp-json\/wp\/v2\/posts\/3163\/revisions"}],"wp:featuredmedia":[{"embeddable":true,"href":"https:\/\/guialimeira.com.br\/news\/wp-json\/wp\/v2\/media\/3164"}],"wp:attachment":[{"href":"https:\/\/guialimeira.com.br\/news\/wp-json\/wp\/v2\/media?parent=3163"}],"wp:term":[{"taxonomy":"category","embeddable":true,"href":"https:\/\/guialimeira.com.br\/news\/wp-json\/wp\/v2\/categories?post=3163"},{"taxonomy":"post_tag","embeddable":true,"href":"https:\/\/guialimeira.com.br\/news\/wp-json\/wp\/v2\/tags?post=3163"}],"curies":[{"name":"wp","href":"https:\/\/api.w.org\/{rel}","templated":true}]}}