{"id":31623,"date":"2025-04-26T14:26:48","date_gmt":"2025-04-26T17:26:48","guid":{"rendered":"https:\/\/guialimeira.com.br\/2025\/04\/26\/uganda-declara-fim-de-surto-de-ebola\/"},"modified":"2025-04-26T14:26:48","modified_gmt":"2025-04-26T17:26:48","slug":"uganda-declara-fim-de-surto-de-ebola","status":"publish","type":"post","link":"https:\/\/guialimeira.com.br\/news\/uganda-declara-fim-de-surto-de-ebola\/","title":{"rendered":"Uganda declara fim de surto de ebola \u00a0"},"content":{"rendered":"<p> <br \/>\n<\/p>\n<div>\n<p>Quase tr\u00eas meses ap\u00f3s confirmar os primeiros casos de ebola na capital Kampala, em janeiro,<strong> Uganda declarou o fim do surto da doen\u00e7a no pa\u00eds, neste s\u00e1bado (26)<\/strong>.<img data-recalc-dims=\"1\" decoding=\"async\" src=\"https:\/\/i0.wp.com\/agenciabrasil.ebc.com.br\/ebc.png?w=696&#038;ssl=1\" style=\"width:1px; height:1px; display:inline;\"\/><img data-recalc-dims=\"1\" decoding=\"async\" src=\"https:\/\/i0.wp.com\/agenciabrasil.ebc.com.br\/ebc.gif?w=696&#038;ssl=1\" style=\"width:1px; height:1px; display:inline;\"\/><\/p>\n<p>De acordo com o escrit\u00f3rio da Organiza\u00e7\u00e3o Mundial da Sa\u00fade (OMS) na regi\u00e3o, dos 14 casos notificados de ebola, 12 foram confirmados por meio de testes laboratoriais. <strong>Foram contabilizadas ainda quatro mortes, sendo duas confirmadas e duas prov\u00e1veis.<\/strong><\/p>\n<p>Ao todo, 10 pessoas se recuperaram da doen\u00e7a no pa\u00eds, enquanto 534 foram monitoradas por autoridades sanit\u00e1rias por terem entrado em contato com pacientes infectados.<\/p>\n<h2>Fim do surto<\/h2>\n<p>De acordo com o escrit\u00f3rio da OMS em Uganda, o <strong>\u00faltimo paciente infectado por ebola no pa\u00eds recebeu alta m\u00e9dica no dia 15 de mar\u00e7o, quando se iniciou um per\u00edodo de 42 dias sem novos casos, o que permite declarar o fim do surto.<\/strong><\/p>\n<p>Este foi o segundo surto de ebola em Uganda em menos de tr\u00eas anos.\u00a0<\/p>\n<blockquote>\n<p>\u201cA longa experi\u00eancia do pa\u00eds na gest\u00e3o de surtos permitiu uma resposta r\u00e1pida, coordenada e eficaz\u201d, avaliou a OMS em nota.<\/p>\n<\/blockquote>\n<p><strong>A cepa de ebola detectada em Uganda, segundo a entidade, \u00e9 um subtipo da doen\u00e7a do v\u00edrus do Sud\u00e3o.\u00a0<\/strong><\/p>\n<p>\u201c\u00c9 uma doen\u00e7a grave, frequentemente fatal, que afeta humanos e outros primatas. Em surtos anteriores, a doen\u00e7a matou quatro em cada 10 pessoas infectadas\u201d.<\/p>\n<p>      <!-- Relacionada --><br \/>\n            <!-- Relacionada -->\n    <\/div>\n<p><br \/>\n<br \/><a href=\"https:\/\/agenciabrasil.ebc.com.br\/internacional\/noticia\/2025-04\/uganda-declara-fim-de-surto-de-ebola\" rel=\"noopener\">Ag\u00eancia Brasil <\/a><\/p>\n","protected":false},"excerpt":{"rendered":"<p>Quase tr\u00eas meses ap\u00f3s confirmar os primeiros casos de ebola na capital Kampala, em janeiro, Uganda declarou o fim do surto da doen\u00e7a no pa\u00eds, neste s\u00e1bado (26). De acordo com o escrit\u00f3rio da Organiza\u00e7\u00e3o Mundial da Sa\u00fade (OMS) na regi\u00e3o, dos 14 casos notificados de ebola, 12 foram confirmados por meio de testes laboratoriais. [&hellip;]<\/p>\n","protected":false},"author":1,"featured_media":31624,"comment_status":"open","ping_status":"open","sticky":false,"template":"","format":"standard","meta":{"_jetpack_newsletter_access":"","_jetpack_dont_email_post_to_subs":false,"_jetpack_newsletter_tier_id":0,"_jetpack_memberships_contains_paywalled_content":false,"_mbp_banners":[],"_jetpack_feature_clip_id":0,"_jetpack_memberships_contains_paid_content":false,"footnotes":"","jetpack_publicize_message":"","jetpack_publicize_feature_enabled":true,"jetpack_social_post_already_shared":true,"jetpack_social_options":{"image_generator_settings":{"template":"highway","default_image_id":0,"font":"","enabled":false},"version":2},"jetpack_post_was_ever_published":false},"categories":[25],"tags":[],"class_list":["post-31623","post","type-post","status-publish","format-standard","has-post-thumbnail","category-internacional"],"jetpack_publicize_connections":[],"jetpack-related-posts":[],"jetpack_shortlink":"https:\/\/wp.me\/p7Eq1F-8e3","jetpack_sharing_enabled":true,"jetpack_featured_media_url":"https:\/\/i0.wp.com\/guialimeira.com.br\/news\/wp-content\/uploads\/2025\/04\/2022-09-26t054648z_1_lynxmpei8p04y_rtroptp_3_health-ebola-uganda-vaccination.jpg?fit=1600%2C800&ssl=1","_links":{"self":[{"href":"https:\/\/guialimeira.com.br\/news\/wp-json\/wp\/v2\/posts\/31623","targetHints":{"allow":["GET"]}}],"collection":[{"href":"https:\/\/guialimeira.com.br\/news\/wp-json\/wp\/v2\/posts"}],"about":[{"href":"https:\/\/guialimeira.com.br\/news\/wp-json\/wp\/v2\/types\/post"}],"author":[{"embeddable":true,"href":"https:\/\/guialimeira.com.br\/news\/wp-json\/wp\/v2\/users\/1"}],"replies":[{"embeddable":true,"href":"https:\/\/guialimeira.com.br\/news\/wp-json\/wp\/v2\/comments?post=31623"}],"version-history":[{"count":0,"href":"https:\/\/guialimeira.com.br\/news\/wp-json\/wp\/v2\/posts\/31623\/revisions"}],"wp:featuredmedia":[{"embeddable":true,"href":"https:\/\/guialimeira.com.br\/news\/wp-json\/wp\/v2\/media\/31624"}],"wp:attachment":[{"href":"https:\/\/guialimeira.com.br\/news\/wp-json\/wp\/v2\/media?parent=31623"}],"wp:term":[{"taxonomy":"category","embeddable":true,"href":"https:\/\/guialimeira.com.br\/news\/wp-json\/wp\/v2\/categories?post=31623"},{"taxonomy":"post_tag","embeddable":true,"href":"https:\/\/guialimeira.com.br\/news\/wp-json\/wp\/v2\/tags?post=31623"}],"curies":[{"name":"wp","href":"https:\/\/api.w.org\/{rel}","templated":true}]}}