{"id":31611,"date":"2025-04-26T12:23:47","date_gmt":"2025-04-26T15:23:47","guid":{"rendered":"https:\/\/guialimeira.com.br\/2025\/04\/26\/corpo-de-papa-francisco-e-sepultado-na-basilica-de-santa-maria-maior\/"},"modified":"2025-04-26T12:23:47","modified_gmt":"2025-04-26T15:23:47","slug":"corpo-de-papa-francisco-e-sepultado-na-basilica-de-santa-maria-maior","status":"publish","type":"post","link":"https:\/\/guialimeira.com.br\/news\/corpo-de-papa-francisco-e-sepultado-na-basilica-de-santa-maria-maior\/","title":{"rendered":"Corpo de papa Francisco \u00e9 sepultado na Bas\u00edlica de Santa Maria Maior"},"content":{"rendered":"<p> <br \/>\n<\/p>\n<div>\n<p>O corpo do papa Francisco foi trasladado at\u00e9 a Bas\u00edlica de Santa Maria Maior, onde foi sepultado \u00e0s 13h30 (hor\u00e1rio local) deste s\u00e1bado (26), conforme pedido do pont\u00edfice. O enterro ocorreu ap\u00f3s a missa de Ex\u00e9quias na Bas\u00edlica de S\u00e3o Pedro<img data-recalc-dims=\"1\" decoding=\"async\" src=\"https:\/\/i0.wp.com\/agenciabrasil.ebc.com.br\/ebc.png?w=696&#038;ssl=1\" style=\"width:1px; height:1px; display:inline;\"\/><img data-recalc-dims=\"1\" decoding=\"async\" src=\"https:\/\/i0.wp.com\/agenciabrasil.ebc.com.br\/ebc.gif?w=696&#038;ssl=1\" style=\"width:1px; height:1px; display:inline;\"\/><\/p>\n<p><strong>De acordo com o Vaticano, cerca de 150 mil pessoas se posicionaram nas ruas de Roma para prestar homenagens, se despedir de Francisco e acompanhar a passagem do cortejo.<\/strong><\/p>\n<p>\u00c0s 13h, teve in\u00edcio o rito de sepultamento, presidido pelo cardeal camerlengo Kevin Farrell na presen\u00e7a de outros religiosos e tamb\u00e9m de membros da fam\u00edlia de Francisco. Meia hora depois, a cerim\u00f4nia foi encerrada.<\/p>\n<blockquote>\n<p>\u201cPapa Francisco agora repousa no nicho sepulcral\u00a0na nave lateral, entre a Capela Sforza e a Capela Paulina, onde se encontra o \u00edcone de Maria Salus Popoli Romani. Podemos ter a certeza de que os dois jamais se separar\u00e3o\u201d, destacou a Santa S\u00e9, em nota.<\/p>\n<\/blockquote>\n<p><strong>O t\u00famulo, por escolha do pr\u00f3prio papa, \u00e9 simples \u2013 composto apenas pela inscri\u00e7\u00e3o \u201cFranciscus\u201d e uma cruz ao centro<\/strong>. Um detalhe, entretanto, d\u00e1 car\u00e1ter pessoal ao local: o t\u00famulo foi constru\u00eddo com uma pedra extra\u00edda da regi\u00e3o da Lig\u00faria, na It\u00e1lia, onde nasceu o bisav\u00f4 do pont\u00edfice.<\/p>\n<p>      <!-- Relacionada --><\/p>\n<p>            <!-- Relacionada -->\n    <\/div>\n<p><br \/>\n<br \/><a href=\"https:\/\/agenciabrasil.ebc.com.br\/internacional\/noticia\/2025-04\/corpo-de-papa-francisco-e-sepultado-na-basilica-de-santa-maria-maior\" rel=\"noopener\">Ag\u00eancia Brasil <\/a><\/p>\n","protected":false},"excerpt":{"rendered":"<p>O corpo do papa Francisco foi trasladado at\u00e9 a Bas\u00edlica de Santa Maria Maior, onde foi sepultado \u00e0s 13h30 (hor\u00e1rio local) deste s\u00e1bado (26), conforme pedido do pont\u00edfice. O enterro ocorreu ap\u00f3s a missa de Ex\u00e9quias na Bas\u00edlica de S\u00e3o Pedro De acordo com o Vaticano, cerca de 150 mil pessoas se posicionaram nas ruas [&hellip;]<\/p>\n","protected":false},"author":1,"featured_media":31600,"comment_status":"open","ping_status":"open","sticky":false,"template":"","format":"standard","meta":{"_jetpack_newsletter_access":"","_jetpack_dont_email_post_to_subs":false,"_jetpack_newsletter_tier_id":0,"_jetpack_memberships_contains_paywalled_content":false,"_mbp_banners":[],"_jetpack_feature_clip_id":0,"_jetpack_memberships_contains_paid_content":false,"footnotes":"","jetpack_publicize_message":"","jetpack_publicize_feature_enabled":true,"jetpack_social_post_already_shared":true,"jetpack_social_options":{"image_generator_settings":{"template":"highway","default_image_id":0,"font":"","enabled":false},"version":2},"jetpack_post_was_ever_published":false},"categories":[25],"tags":[],"class_list":["post-31611","post","type-post","status-publish","format-standard","has-post-thumbnail","category-internacional"],"jetpack_publicize_connections":[],"jetpack-related-posts":[],"jetpack_shortlink":"https:\/\/wp.me\/p7Eq1F-8dR","jetpack_sharing_enabled":true,"jetpack_featured_media_url":"https:\/\/i0.wp.com\/guialimeira.com.br\/news\/wp-content\/uploads\/2025\/04\/2025-04-26t123028z_124428908_rc2l5eaeaki6_rtrmadp_3_pope-francis-funeral.jpg?fit=1600%2C800&ssl=1","_links":{"self":[{"href":"https:\/\/guialimeira.com.br\/news\/wp-json\/wp\/v2\/posts\/31611","targetHints":{"allow":["GET"]}}],"collection":[{"href":"https:\/\/guialimeira.com.br\/news\/wp-json\/wp\/v2\/posts"}],"about":[{"href":"https:\/\/guialimeira.com.br\/news\/wp-json\/wp\/v2\/types\/post"}],"author":[{"embeddable":true,"href":"https:\/\/guialimeira.com.br\/news\/wp-json\/wp\/v2\/users\/1"}],"replies":[{"embeddable":true,"href":"https:\/\/guialimeira.com.br\/news\/wp-json\/wp\/v2\/comments?post=31611"}],"version-history":[{"count":0,"href":"https:\/\/guialimeira.com.br\/news\/wp-json\/wp\/v2\/posts\/31611\/revisions"}],"wp:featuredmedia":[{"embeddable":true,"href":"https:\/\/guialimeira.com.br\/news\/wp-json\/wp\/v2\/media\/31600"}],"wp:attachment":[{"href":"https:\/\/guialimeira.com.br\/news\/wp-json\/wp\/v2\/media?parent=31611"}],"wp:term":[{"taxonomy":"category","embeddable":true,"href":"https:\/\/guialimeira.com.br\/news\/wp-json\/wp\/v2\/categories?post=31611"},{"taxonomy":"post_tag","embeddable":true,"href":"https:\/\/guialimeira.com.br\/news\/wp-json\/wp\/v2\/tags?post=31611"}],"curies":[{"name":"wp","href":"https:\/\/api.w.org\/{rel}","templated":true}]}}