{"id":31599,"date":"2025-04-26T10:21:45","date_gmt":"2025-04-26T13:21:45","guid":{"rendered":"https:\/\/guialimeira.com.br\/2025\/04\/26\/homilia-de-missa-funebre-resgata-legado-de-uniao-do-papa-francisco\/"},"modified":"2025-04-26T10:21:45","modified_gmt":"2025-04-26T13:21:45","slug":"homilia-de-missa-funebre-resgata-legado-de-uniao-do-papa-francisco","status":"publish","type":"post","link":"https:\/\/guialimeira.com.br\/news\/homilia-de-missa-funebre-resgata-legado-de-uniao-do-papa-francisco\/","title":{"rendered":"Homilia de missa f\u00fanebre resgata legado de uni\u00e3o do papa Francisco"},"content":{"rendered":"<p> <br \/>\n<\/p>\n<div>\n<p><strong>Mais de 200 mil pessoas se reuniram na Pra\u00e7a S\u00e3o Pedro, no Vaticano, na manh\u00e3 deste s\u00e1bado<\/strong> (26) para prestar as \u00faltimas homenagens ao papa Francisco e acompanhar a Missa de Ex\u00e9quias do pont\u00edfice. \u00a0<img data-recalc-dims=\"1\" decoding=\"async\" src=\"https:\/\/i0.wp.com\/agenciabrasil.ebc.com.br\/ebc.png?w=696&#038;ssl=1\" style=\"width:1px; height:1px; display:inline;\"\/><img data-recalc-dims=\"1\" decoding=\"async\" src=\"https:\/\/i0.wp.com\/agenciabrasil.ebc.com.br\/ebc.gif?w=696&#038;ssl=1\" style=\"width:1px; height:1px; display:inline;\"\/><\/p>\n<p>A cerim\u00f4nia foi presidida pelo cardeal Giovanni Battista Re, acompanhado por outros 250 cardeais, arcebispos, bispos, padres e religiosos consagrados. <strong>Em sua homilia, o decano do Col\u00e9gio Cardinal\u00edcio destacou o legado de uni\u00e3o deixado por Francisco.<\/strong><\/p>\n<div class=\"dnd-widget-wrapper context-medio_4colunas type-image atom-align-left\">\n<div class=\"dnd-atom-rendered\"><!-- scald=422268:medio_4colunas {\"additionalClasses\":\"\"} --><br \/>\n            <img data-recalc-dims=\"1\" decoding=\"async\" src=\"https:\/\/i0.wp.com\/imagens.ebc.com.br\/DFFlhYPMEXcTx3eiTGwTBcNyPSk%3D\/365x0\/smart\/https%3A\/\/agenciabrasil.ebc.com.br\/sites\/default\/files\/thumbnails\/image\/2025\/04\/26\/54477295918_0f86afbec7_o.jpg?w=696&#038;ssl=1\" alt=\"Vaticano, 26\/04\/2025 - Missa Exequial em inten\u00e7\u00e3o de Sua Santidade o Papa Francisco. \u00c1trio da Bas\u00edlica de S\u00e3o Pedro, Pra\u00e7a de S\u00e3o Pedro. Foto: Ricardo Stuckert\/PR\" title=\"Ricardo Stuckert\/PR\"\/><br \/>\n        <img data-recalc-dims=\"1\" decoding=\"async\" src=\"https:\/\/i0.wp.com\/imagens.ebc.com.br\/DFFlhYPMEXcTx3eiTGwTBcNyPSk%3D\/365x0\/smart\/https%3A\/\/agenciabrasil.ebc.com.br\/sites\/default\/files\/thumbnails\/image\/2025\/04\/26\/54477295918_0f86afbec7_o.jpg?w=696&#038;ssl=1\" alt=\"Vaticano, 26\/04\/2025 - Missa Exequial em inten\u00e7\u00e3o de Sua Santidade o Papa Francisco. \u00c1trio da Bas\u00edlica de S\u00e3o Pedro, Pra\u00e7a de S\u00e3o Pedro. Foto: Ricardo Stuckert\/PR\" title=\"Ricardo Stuckert\/PR\"\/><br \/>\n    <!-- END scald=422268 --><\/div>\n<p><h6 class=\"meta\"><!--copyright=422268-->Missa de Ex\u00e9quias na Bas\u00edlica de S\u00e3o Pedro, no Vaticano &#8211; <strong>Ricardo Stuckert\/PR<\/strong><!--END copyright=422268--><\/h6>\n<\/p>\n<\/div>\n<p>Nas palavras do cardeal, <strong>os 12 anos de papado de Francisco foram marcados por sua proximidade com as pessoas e por sua espontaneidade de gestos at\u00e9 os \u00faltimos dias<\/strong>, al\u00e9m de seu profundo amor pela Igreja.<\/p>\n<p>Para o decano, a decis\u00e3o do papa de adotar o nome Francisco \u201cimediatamente pareceu indicar o plano pastoral e o estilo no qual ele queria basear seu pontificado, buscando inspira\u00e7\u00e3o no esp\u00edrito de S\u00e3o Francisco de Assis\u201d.<\/p>\n<p>Agradecendo aos presentes, o religioso observou que a fervorosa manifesta\u00e7\u00e3o de luto testemunhada ao longo da \u00faltima semana em todo o mundo diz muito sobre o quanto o pontificado de Francisco tocou mentes e cora\u00e7\u00f5es \u2013 n\u00e3o apenas dentro da Igreja.<\/p>\n<p>Ao fazer refer\u00eancia \u00e0 uma passagem do Evangelho onde Cristo incumbe Pedro de pastorear seu rebanho, o c<strong>ardeal observou que, apesar da fragilidade e do sofrimento que marcaram os \u00faltimos momentos de Francisco, o papa escolheu seguir no caminho de entrega at\u00e9 ao \u00faltimo dia da sua vida terrena.<\/strong><\/p>\n<p>\u201cSeguiu os passos de seu Senhor, o bom pastor\u201d, pontuou o cardeal.\u00a0<\/p>\n<blockquote>\n<p>\u201cA \u00faltima imagem que temos dele \u2013 e que ficar\u00e1 gravada em nossa mem\u00f3ria \u2013 \u00e9 a do \u00faltimo domingo, de P\u00e1scoa, quando o Papa Francisco, apesar de seus graves problemas de sa\u00fade, quis nos dar sua b\u00ean\u00e7\u00e3o da sacada da Bas\u00edlica de S\u00e3o Pedro.\u201d<\/p>\n<\/blockquote>\n<p>\u201cEm seguida, ele desceu para esta pra\u00e7a, para saudar a grande multid\u00e3o reunida para a missa de P\u00e1scoa, enquanto viajava no papam\u00f3vel convers\u00edvel\u201d, completou.<\/p>\n<p>Ao concluir a homilia, o cardeal repetiu as palavras com as quais Francisco sempre encerrava suas audi\u00eancias e encontros: \u201cN\u00e3o se esque\u00e7am de rezar por mim\u201d e disse que, agora, s\u00e3o os fi\u00e9is quem pedem para que o papa interceda por sua Igreja e por todo o mundo.<\/p>\n<blockquote>\n<p>\u201cQuerido Francisco, pedimos agora que reze por n\u00f3s. Que aben\u00e7oe a Igreja, que aben\u00e7oe Roma e que aben\u00e7oe o mundo inteiro do c\u00e9u, como fez no domingo passado, da sacada desta bas\u00edlica, em um \u00faltimo abra\u00e7o a todo o povo de Deus, mas que tamb\u00e9m abrace a humanidade que busca a verdade com um cora\u00e7\u00e3o sincero e que ergue a tocha da esperan\u00e7a.\u201d<\/p>\n<\/blockquote>\n<p><em>*Com informa\u00e7\u00f5es da ag\u00eancia de not\u00edcias do Vaticano.<\/em><\/p>\n<p>      <!-- Relacionada --><\/p>\n<p>            <!-- Relacionada -->\n    <\/div>\n<p><br \/>\n<br \/><a href=\"https:\/\/agenciabrasil.ebc.com.br\/internacional\/noticia\/2025-04\/homilia-de-missa-funebre-resgata-legado-de-uniao-do-papa-francisco\" rel=\"noopener\">Ag\u00eancia Brasil <\/a><\/p>\n","protected":false},"excerpt":{"rendered":"<p>Mais de 200 mil pessoas se reuniram na Pra\u00e7a S\u00e3o Pedro, no Vaticano, na manh\u00e3 deste s\u00e1bado (26) para prestar as \u00faltimas homenagens ao papa Francisco e acompanhar a Missa de Ex\u00e9quias do pont\u00edfice. \u00a0 A cerim\u00f4nia foi presidida pelo cardeal Giovanni Battista Re, acompanhado por outros 250 cardeais, arcebispos, bispos, padres e religiosos consagrados. [&hellip;]<\/p>\n","protected":false},"author":1,"featured_media":31600,"comment_status":"open","ping_status":"open","sticky":false,"template":"","format":"standard","meta":{"_jetpack_newsletter_access":"","_jetpack_dont_email_post_to_subs":false,"_jetpack_newsletter_tier_id":0,"_jetpack_memberships_contains_paywalled_content":false,"_mbp_banners":[],"_jetpack_feature_clip_id":0,"_jetpack_memberships_contains_paid_content":false,"footnotes":"","jetpack_publicize_message":"","jetpack_publicize_feature_enabled":true,"jetpack_social_post_already_shared":true,"jetpack_social_options":{"image_generator_settings":{"template":"highway","default_image_id":0,"font":"","enabled":false},"version":2},"jetpack_post_was_ever_published":false},"categories":[25],"tags":[],"class_list":["post-31599","post","type-post","status-publish","format-standard","has-post-thumbnail","category-internacional"],"jetpack_publicize_connections":[],"jetpack-related-posts":[],"jetpack_shortlink":"https:\/\/wp.me\/p7Eq1F-8dF","jetpack_sharing_enabled":true,"jetpack_featured_media_url":"https:\/\/i0.wp.com\/guialimeira.com.br\/news\/wp-content\/uploads\/2025\/04\/2025-04-26t123028z_124428908_rc2l5eaeaki6_rtrmadp_3_pope-francis-funeral.jpg?fit=1600%2C800&ssl=1","_links":{"self":[{"href":"https:\/\/guialimeira.com.br\/news\/wp-json\/wp\/v2\/posts\/31599","targetHints":{"allow":["GET"]}}],"collection":[{"href":"https:\/\/guialimeira.com.br\/news\/wp-json\/wp\/v2\/posts"}],"about":[{"href":"https:\/\/guialimeira.com.br\/news\/wp-json\/wp\/v2\/types\/post"}],"author":[{"embeddable":true,"href":"https:\/\/guialimeira.com.br\/news\/wp-json\/wp\/v2\/users\/1"}],"replies":[{"embeddable":true,"href":"https:\/\/guialimeira.com.br\/news\/wp-json\/wp\/v2\/comments?post=31599"}],"version-history":[{"count":0,"href":"https:\/\/guialimeira.com.br\/news\/wp-json\/wp\/v2\/posts\/31599\/revisions"}],"wp:featuredmedia":[{"embeddable":true,"href":"https:\/\/guialimeira.com.br\/news\/wp-json\/wp\/v2\/media\/31600"}],"wp:attachment":[{"href":"https:\/\/guialimeira.com.br\/news\/wp-json\/wp\/v2\/media?parent=31599"}],"wp:term":[{"taxonomy":"category","embeddable":true,"href":"https:\/\/guialimeira.com.br\/news\/wp-json\/wp\/v2\/categories?post=31599"},{"taxonomy":"post_tag","embeddable":true,"href":"https:\/\/guialimeira.com.br\/news\/wp-json\/wp\/v2\/tags?post=31599"}],"curies":[{"name":"wp","href":"https:\/\/api.w.org\/{rel}","templated":true}]}}