{"id":31586,"date":"2025-04-26T06:17:52","date_gmt":"2025-04-26T09:17:52","guid":{"rendered":"https:\/\/guialimeira.com.br\/2025\/04\/26\/funeral-e-sepultamento-do-papa-francisco-sao-realizados-neste-sabado\/"},"modified":"2025-04-26T06:17:52","modified_gmt":"2025-04-26T09:17:52","slug":"funeral-e-sepultamento-do-papa-francisco-sao-realizados-neste-sabado","status":"publish","type":"post","link":"https:\/\/guialimeira.com.br\/news\/funeral-e-sepultamento-do-papa-francisco-sao-realizados-neste-sabado\/","title":{"rendered":"Funeral e sepultamento do papa Francisco s\u00e3o realizados neste s\u00e1bado"},"content":{"rendered":"<p> <br \/>\n<\/p>\n<div>\n<p>Ap\u00f3s tr\u00eas dias de vel\u00f3rio aberto para visita\u00e7\u00e3o e homenagens de fi\u00e9is ao papa Francisco, o <strong>Vaticano celebra, na manh\u00e3 deste s\u00e1bado (26), a Missa de Ex\u00e9quias<\/strong>, que marca o primeiro dia do Novendiali \u2013 nove dias de luto e ora\u00e7\u00f5es em honra ao pont\u00edfice.<img data-recalc-dims=\"1\" decoding=\"async\" src=\"https:\/\/i0.wp.com\/agenciabrasil.ebc.com.br\/ebc.png?w=696&#038;ssl=1\" style=\"width:1px; height:1px; display:inline;\"\/><img data-recalc-dims=\"1\" decoding=\"async\" src=\"https:\/\/i0.wp.com\/agenciabrasil.ebc.com.br\/ebc.gif?w=696&#038;ssl=1\" style=\"width:1px; height:1px; display:inline;\"\/><\/p>\n<p>A celebra\u00e7\u00e3o eucar\u00edstica\u00a0acontece no \u00e1trio da Bas\u00edlica de S\u00e3o Pedro. <strong>Ao final, ocorrem os ritos da \u00daltima Commendatio e da Valedictio, despedidas solenes que marcam o encerramento das ex\u00e9quias.<\/strong><\/p>\n<p>Ao menos 250 cardeais, al\u00e9m de bispos, padres, irm\u00e3s e irm\u00e3os religiosos participam da missa de corpo presente. O caix\u00e3o de madeira e zinco, selado na noite de sexta-feira (25), foi colocado no \u00e1trio da Bas\u00edlica, em frente ao altar.<\/p>\n<blockquote>\n<p>\u201cDiante dele, uma multid\u00e3o, que deve chegar a centenas de milhares de pessoas, vindas de todas as origens geogr\u00e1ficas, sociais, pol\u00edticas e culturais, prestar\u00e1 suas \u00faltimas homenagens\u201d, destacou a Santa S\u00e9.<\/p>\n<\/blockquote>\n<p>\u201cEssa multid\u00e3o diversificada representa a Igreja de Francisco, aquela que acolhe \u2018todos, todos, todos\u2019, como ele repetia incansavelmente\u201d, acrescentou o Vaticano, em comunicado.\u00a0<\/p>\n<p><strong>A celebra\u00e7\u00e3o \u00e9 acompanhada pelo coro da Capela Sistina.<\/strong><\/p>\n<p>Ap\u00f3s a celebra\u00e7\u00e3o, o caix\u00e3o ser\u00e1 levado para o interior da Bas\u00edlica de S\u00e3o Pedro e, de l\u00e1, transferido para a Bas\u00edlica de Santa Maria Maior, onde acontece a cerim\u00f4nia de sepultamento. O cortejo f\u00fanebre percorrer\u00e1 uma dist\u00e2ncia de cerca de 4 quil\u00f4metros pelas ruas de Roma.<\/p>\n<blockquote>\n<p>\u201cEssa jornada permitir\u00e1 que os fi\u00e9is se despe\u00e7am de seu bispo por um caminho que ele costumava fazer para rezar diante do \u00edcone da Virgem Salus Populi Romani antes e depois de cada uma de suas viagens apost\u00f3licas e, at\u00e9 mesmo, recentemente, ap\u00f3s suas interna\u00e7\u00f5es\u201d, destacou a Santa S\u00e9.<\/p>\n<\/blockquote>\n<p><strong>Os nove dias de celebra\u00e7\u00f5es eucar\u00edsticas em sufr\u00e1gio do pont\u00edfice morto ser\u00e3o marcados por missas no per\u00edodo que se inicia este s\u00e1bado e segue at\u00e9 4 de maio, sempre \u00e0s 17h (hor\u00e1rio local), na Bas\u00edlica de S\u00e3o Pedro<\/strong>, com exce\u00e7\u00e3o da Missa da Divina Miseric\u00f3rdia, que ser\u00e1 neste domingo (27), \u00e0s 10h30 (hor\u00e1rio local), na Pra\u00e7a de S\u00e3o Pedro.<\/p>\n<p>      <!-- Relacionada --><\/p>\n<p>            <!-- Relacionada -->\n    <\/div>\n<p><br \/>\n<br \/><a href=\"https:\/\/agenciabrasil.ebc.com.br\/internacional\/noticia\/2025-04\/funeral-e-sepultamento-do-papa-francisco-sao-realizados-sabado\" rel=\"noopener\">Ag\u00eancia Brasil <\/a><\/p>\n","protected":false},"excerpt":{"rendered":"<p>Ap\u00f3s tr\u00eas dias de vel\u00f3rio aberto para visita\u00e7\u00e3o e homenagens de fi\u00e9is ao papa Francisco, o Vaticano celebra, na manh\u00e3 deste s\u00e1bado (26), a Missa de Ex\u00e9quias, que marca o primeiro dia do Novendiali \u2013 nove dias de luto e ora\u00e7\u00f5es em honra ao pont\u00edfice. A celebra\u00e7\u00e3o eucar\u00edstica\u00a0acontece no \u00e1trio da Bas\u00edlica de S\u00e3o Pedro. [&hellip;]<\/p>\n","protected":false},"author":1,"featured_media":31587,"comment_status":"open","ping_status":"open","sticky":false,"template":"","format":"standard","meta":{"_jetpack_newsletter_access":"","_jetpack_dont_email_post_to_subs":false,"_jetpack_newsletter_tier_id":0,"_jetpack_memberships_contains_paywalled_content":false,"_mbp_banners":[],"_jetpack_feature_clip_id":0,"_jetpack_memberships_contains_paid_content":false,"footnotes":"","jetpack_publicize_message":"","jetpack_publicize_feature_enabled":true,"jetpack_social_post_already_shared":true,"jetpack_social_options":{"image_generator_settings":{"template":"highway","default_image_id":0,"font":"","enabled":false},"version":2},"jetpack_post_was_ever_published":false},"categories":[25],"tags":[],"class_list":["post-31586","post","type-post","status-publish","format-standard","has-post-thumbnail","category-internacional"],"jetpack_publicize_connections":[],"jetpack-related-posts":[],"jetpack_shortlink":"https:\/\/wp.me\/p7Eq1F-8ds","jetpack_sharing_enabled":true,"jetpack_featured_media_url":"https:\/\/i0.wp.com\/guialimeira.com.br\/news\/wp-content\/uploads\/2025\/04\/2025-04-25t151105z_289540088_rc225ea6z9nf_rtrmadp_3_pope-francis.jpg?fit=1600%2C800&ssl=1","_links":{"self":[{"href":"https:\/\/guialimeira.com.br\/news\/wp-json\/wp\/v2\/posts\/31586","targetHints":{"allow":["GET"]}}],"collection":[{"href":"https:\/\/guialimeira.com.br\/news\/wp-json\/wp\/v2\/posts"}],"about":[{"href":"https:\/\/guialimeira.com.br\/news\/wp-json\/wp\/v2\/types\/post"}],"author":[{"embeddable":true,"href":"https:\/\/guialimeira.com.br\/news\/wp-json\/wp\/v2\/users\/1"}],"replies":[{"embeddable":true,"href":"https:\/\/guialimeira.com.br\/news\/wp-json\/wp\/v2\/comments?post=31586"}],"version-history":[{"count":0,"href":"https:\/\/guialimeira.com.br\/news\/wp-json\/wp\/v2\/posts\/31586\/revisions"}],"wp:featuredmedia":[{"embeddable":true,"href":"https:\/\/guialimeira.com.br\/news\/wp-json\/wp\/v2\/media\/31587"}],"wp:attachment":[{"href":"https:\/\/guialimeira.com.br\/news\/wp-json\/wp\/v2\/media?parent=31586"}],"wp:term":[{"taxonomy":"category","embeddable":true,"href":"https:\/\/guialimeira.com.br\/news\/wp-json\/wp\/v2\/categories?post=31586"},{"taxonomy":"post_tag","embeddable":true,"href":"https:\/\/guialimeira.com.br\/news\/wp-json\/wp\/v2\/tags?post=31586"}],"curies":[{"name":"wp","href":"https:\/\/api.w.org\/{rel}","templated":true}]}}