{"id":31538,"date":"2025-04-25T17:16:39","date_gmt":"2025-04-25T20:16:39","guid":{"rendered":"https:\/\/guialimeira.com.br\/2025\/04\/25\/rio-e-niteroi-apresentam-logomarca-da-candidatura-ao-pan-de-2031\/"},"modified":"2025-04-25T17:16:39","modified_gmt":"2025-04-25T20:16:39","slug":"rio-e-niteroi-apresentam-logomarca-da-candidatura-ao-pan-de-2031","status":"publish","type":"post","link":"https:\/\/guialimeira.com.br\/news\/rio-e-niteroi-apresentam-logomarca-da-candidatura-ao-pan-de-2031\/","title":{"rendered":"Rio e Niter\u00f3i apresentam logomarca da candidatura ao Pan de 2031"},"content":{"rendered":"<p> <br \/>\n<\/p>\n<div>\n<p><strong>As cidades do Rio de Janeiro e Niter\u00f3i apresentaram, nesta sexta-feira (25), a logomarca da candidatura conjunta para sediar os Jogos Pan-Americanos e Parapan-Americanos de 2031. <\/strong>A imagem \u00e9 inspirada no desenho de um sol com raios coloridos que representam as duas cidades. H\u00e1 tamb\u00e9m os nomes Rio e Niter\u00f3i unidos por um tra\u00e7o, simbolizando uma ponte, como a que liga os munic\u00edpios da regi\u00e3o metropolitana.<img data-recalc-dims=\"1\" decoding=\"async\" src=\"https:\/\/i0.wp.com\/agenciabrasil.ebc.com.br\/ebc.png?w=696&#038;ssl=1\" style=\"width:1px; height:1px; display:inline;\"\/><img data-recalc-dims=\"1\" decoding=\"async\" src=\"https:\/\/i0.wp.com\/agenciabrasil.ebc.com.br\/ebc.gif?w=696&#038;ssl=1\" style=\"width:1px; height:1px; display:inline;\"\/><\/p>\n<p>A logomarca foi apresentada no Gin\u00e1sio Educacional Ol\u00edmpico Isabel Salgado, na Barra da Tijuca, zona oeste carioca. A <a href=\"https:\/\/agenciabrasil.ebc.com.br\/educacao\/noticia\/2024-02\/arenas-do-parque-olimpico-sao-transformadas-em-unidades-de-ensino\" target=\"_blank\" rel=\"noopener\">estrutura onde funciona, desde 2024, a maior escola da rede municipal <\/a>\u00e9 considerada um legado da Olimp\u00edada de 2016, pois ocupa a Arena Carioca 3, espa\u00e7o que recebeu competi\u00e7\u00f5es de taekwondo, esgrima e jud\u00f4 paral\u00edmpico. <a href=\"https:\/\/agenciabrasil.ebc.com.br\/esportes\/noticia\/2022-11\/morre-isabel-salgado-referencia-do-volei-brasileiro-aos-62-anos\" target=\"_blank\" rel=\"noopener\">Isabel Salgado foi uma atleta ol\u00edmpica do v\u00f4lei<\/a>, que morreu em 2022.<\/p>\n<p><strong>De acordo com os organizadores, os tons de laranja e amarelo presentes no desenho representam Niter\u00f3i, \u201ccidade do sol poente, da cultura vibrante e do horizonte aberto\u201d. Os tons de azul remetem ao Rio de Janeiro, \u201ccom seu mar, seu c\u00e9u e sua alma pulsante\u201d. O sol faz refer\u00eancia \u00e0 renova\u00e7\u00e3o, esperan\u00e7a e ao movimento do esporte e da vida<\/strong>. Juntas, prosseguem, \u201cas cores se entrela\u00e7am como num abra\u00e7o\u201d.<\/p>\n<p>Citando o Gin\u00e1sio Educacional Ol\u00edmpico, o prefeito do Rio de Janeiro, Eduardo Paes, aproveitou o evento para defender o legado da Rio 2016.<\/p>\n<p>\u201cAgora \u00e9 uma escola para mil alunos, a nossa maior unidade da rede municipal. Um gin\u00e1sio voltado para a educa\u00e7\u00e3o e o esporte. Essa \u00e9 uma das experi\u00eancias que queremos compartilhar em nossa caminhada pela sede dos Jogos de 2031\u201d, declarou.<\/p>\n<p>O prefeito de Niter\u00f3i, Rodrigo Neves, mostrou otimismo com a candidatura conjunta, que conta com o apoio do governo federal.<\/p>\n<p>\u201cEu tenho certeza de que a gente vai vencer. Isso vai criar uma outra din\u00e2mica na regi\u00e3o metropolitana do Rio. Um legado n\u00e3o s\u00f3 para Niter\u00f3i e Rio, mas um legado de infraestrutura urbana, esporte, mobilidade para toda a regi\u00e3o metropolitana\u201d, disse.<\/p>\n<h2>Reta final<\/h2>\n<p><strong>Rio e Niter\u00f3i disputam com Assun\u00e7\u00e3o, capital do Paraguai, quem ser\u00e1 a sede do Pan e Parapan 2031.<\/strong> A empreitada fluminense <a href=\"https:\/\/agenciabrasil.ebc.com.br\/esportes\/noticia\/2025-01\/cob-aprova-candidatura-de-rio-e-niteroi-ao-pan-americano-de-2031\" target=\"_blank\" rel=\"noopener\">recebeu a chancela do Comit\u00ea Ol\u00edmpico Brasileiro (COB)<\/a>, ap\u00f3s a desist\u00eancia de S\u00e3o Paulo.<\/p>\n<p><strong>O dossi\u00ea de candidatura ser\u00e1 entregue na pr\u00f3xima quarta-feira (30) \u00e0 Organiza\u00e7\u00e3o Desportiva Pan-Americana (Panam Sports).<\/strong> O documento apresentar\u00e1 detalhes da organiza\u00e7\u00e3o dos jogos, valores investidos e locais de competi\u00e7\u00e3o. O resultado da disputa deve ser conhecido em agosto desde ano.<\/p>\n<p>Em janeiro, <a href=\"https:\/\/agenciabrasil.ebc.com.br\/esportes\/noticia\/2025-01\/lula-publica-carta-de-apoio-rio-niteroi-nos-jogos-panamericanos-2031\" target=\"_blank\" rel=\"noopener\">o presidente Luiz In\u00e1cio Lula da Silva enviou uma carta \u00e0 Panam Sports<\/a> em que manifesta o compromisso de garantir financeiramente e assegurar as estruturas para organizar, promover e realizar os jogos.<\/p>\n<h2>Mais legado<\/h2>\n<p>A candidatura conjunta defende que, como o Rio tem a experi\u00eancia de ter sediado a olimp\u00edada menos de dez anos atr\u00e1s, a maior parte da infraestrutura necess\u00e1ria est\u00e1 pronta, precisando apenas de instala\u00e7\u00f5es provis\u00f3rias e novas estruturas em Niter\u00f3i. A capital carioca j\u00e1 sediou tamb\u00e9m a edi\u00e7\u00e3o do Pan e Parapan de 2007, al\u00e9m da Copa do Mundo de 2014.<\/p>\n<p>A realiza\u00e7\u00e3o dos jogos est\u00e1 sendo propagada pelos organizadores como oportunidade de tirar do papel projetos h\u00e1 bastante tempo esperados, como a\u00a0<a href=\"https:\/\/agenciabrasil.ebc.com.br\/geral\/noticia\/2023-09\/projetos-para-baia-de-guanabara-colecionam-fracassos-desde-anos-1990\" target=\"_blank\" rel=\"noopener\">despolui\u00e7\u00e3o da Ba\u00eda de Guanabara<\/a> e a <a href=\"https:\/\/agenciabrasil.ebc.com.br\/geral\/noticia\/2025-01\/pan-no-rio-e-em-niteroi-pode-tirar-do-papel-obra-da-linha-3-do-metro\" target=\"_blank\" rel=\"noopener\">Linha 3 do Metr\u00f4<\/a>, ligando as duas cidades e se estendendo at\u00e9 S\u00e3o Gon\u00e7alo, munic\u00edpio da regi\u00e3o metropolitana vizinho de Niter\u00f3i.<\/p>\n<p>      <!-- Relacionada --><\/p>\n<p>            <!-- Relacionada -->\n    <\/div>\n<p><br \/>\n<br \/><a href=\"https:\/\/agenciabrasil.ebc.com.br\/esportes\/noticia\/2025-04\/rio-e-niteroi-apresentam-logomarca-da-candidatura-ao-pan-de-2031\" rel=\"noopener\">Ag\u00eancia Brasil<\/a><\/p>\n","protected":false},"excerpt":{"rendered":"<p>As cidades do Rio de Janeiro e Niter\u00f3i apresentaram, nesta sexta-feira (25), a logomarca da candidatura conjunta para sediar os Jogos Pan-Americanos e Parapan-Americanos de 2031. A imagem \u00e9 inspirada no desenho de um sol com raios coloridos que representam as duas cidades. H\u00e1 tamb\u00e9m os nomes Rio e Niter\u00f3i unidos por um tra\u00e7o, simbolizando [&hellip;]<\/p>\n","protected":false},"author":1,"featured_media":31539,"comment_status":"open","ping_status":"open","sticky":false,"template":"","format":"standard","meta":{"_jetpack_newsletter_access":"","_jetpack_dont_email_post_to_subs":false,"_jetpack_newsletter_tier_id":0,"_jetpack_memberships_contains_paywalled_content":false,"_mbp_banners":[],"_jetpack_feature_clip_id":0,"_jetpack_memberships_contains_paid_content":false,"footnotes":"","jetpack_publicize_message":"","jetpack_publicize_feature_enabled":true,"jetpack_social_post_already_shared":true,"jetpack_social_options":{"image_generator_settings":{"template":"highway","default_image_id":0,"font":"","enabled":false},"version":2},"jetpack_post_was_ever_published":false},"categories":[23],"tags":[],"class_list":["post-31538","post","type-post","status-publish","format-standard","has-post-thumbnail","category-esportes"],"jetpack_publicize_connections":[],"jetpack-related-posts":[],"jetpack_shortlink":"https:\/\/wp.me\/p7Eq1F-8cG","jetpack_sharing_enabled":true,"jetpack_featured_media_url":"https:\/\/i0.wp.com\/guialimeira.com.br\/news\/wp-content\/uploads\/2025\/04\/ed9aa193-db5b-4c47-9848-8362fae5e115.jpg?fit=1600%2C800&ssl=1","_links":{"self":[{"href":"https:\/\/guialimeira.com.br\/news\/wp-json\/wp\/v2\/posts\/31538","targetHints":{"allow":["GET"]}}],"collection":[{"href":"https:\/\/guialimeira.com.br\/news\/wp-json\/wp\/v2\/posts"}],"about":[{"href":"https:\/\/guialimeira.com.br\/news\/wp-json\/wp\/v2\/types\/post"}],"author":[{"embeddable":true,"href":"https:\/\/guialimeira.com.br\/news\/wp-json\/wp\/v2\/users\/1"}],"replies":[{"embeddable":true,"href":"https:\/\/guialimeira.com.br\/news\/wp-json\/wp\/v2\/comments?post=31538"}],"version-history":[{"count":0,"href":"https:\/\/guialimeira.com.br\/news\/wp-json\/wp\/v2\/posts\/31538\/revisions"}],"wp:featuredmedia":[{"embeddable":true,"href":"https:\/\/guialimeira.com.br\/news\/wp-json\/wp\/v2\/media\/31539"}],"wp:attachment":[{"href":"https:\/\/guialimeira.com.br\/news\/wp-json\/wp\/v2\/media?parent=31538"}],"wp:term":[{"taxonomy":"category","embeddable":true,"href":"https:\/\/guialimeira.com.br\/news\/wp-json\/wp\/v2\/categories?post=31538"},{"taxonomy":"post_tag","embeddable":true,"href":"https:\/\/guialimeira.com.br\/news\/wp-json\/wp\/v2\/tags?post=31538"}],"curies":[{"name":"wp","href":"https:\/\/api.w.org\/{rel}","templated":true}]}}