{"id":3153,"date":"2024-04-30T08:57:03","date_gmt":"2024-04-30T11:57:03","guid":{"rendered":"https:\/\/guialimeira.com.br\/?p=3153"},"modified":"2024-04-30T08:57:05","modified_gmt":"2024-04-30T11:57:05","slug":"suzano-e-instituto-bold-lancam-projeto-para-incentivar-a-projecao-de-jovens-talentos-no-mercado-de-trabalho","status":"publish","type":"post","link":"https:\/\/guialimeira.com.br\/news\/suzano-e-instituto-bold-lancam-projeto-para-incentivar-a-projecao-de-jovens-talentos-no-mercado-de-trabalho\/","title":{"rendered":"Suzano e Instituto Bold lan\u00e7am projeto para incentivar a proje\u00e7\u00e3o de jovens talentos no mercado de trabalho"},"content":{"rendered":"\n<p class=\"wp-block-paragraph\"><strong>&nbsp;<\/strong><\/p>\n\n\n\n<p class=\"wp-block-paragraph\"><em>O projeto Jornada Jovem Consciente \u00e9 voltado para estudantes com idades entre 14 e 17 anos, de baixa renda; as inscri\u00e7\u00f5es est\u00e3o abertas at\u00e9 o dia 12 de maio<\/em><\/p>\n\n\n\n<p class=\"wp-block-paragraph\">&nbsp;<\/p>\n\n\n\n<p class=\"wp-block-paragraph\">A Suzano, maior produtora mundial de celulose e refer\u00eancia global na fabrica\u00e7\u00e3o de bioprodutos desenvolvidos a partir de \u00e1rvores plantadas de eucalipto, firmou parceria com o Instituto Bold para promoverem juntos o projeto Jornada Jovem Consciente, que&nbsp;tem a miss\u00e3o de fomentar a equidade de oportunidades para jovens&nbsp;em situa\u00e7\u00e3o de vulnerabilidade social&nbsp;por meio de acelera\u00e7\u00e3o e proje\u00e7\u00e3o de talentos no mercado de trabalho.<\/p>\n\n\n\n<p class=\"wp-block-paragraph\">&nbsp;<\/p>\n\n\n\n<p class=\"wp-block-paragraph\">O projeto, que disponibilizar\u00e1&nbsp;100&nbsp;vagas na regi\u00e3o de Americana, \u00e9 direcionado a estudantes de baixa renda, provenientes de escolas p\u00fablicas, com idades entre 14 e 17 anos. O objetivo \u00e9 acelerar tanto o desenvolvimento pessoal quanto profissional desses jovens, fornecendo ferramentas para que eles possam&nbsp;ingressar ou aprimorar sua atua\u00e7\u00e3o em grandes organiza\u00e7\u00f5es.<\/p>\n\n\n\n<p class=\"wp-block-paragraph\">&nbsp;<\/p>\n\n\n\n<p class=\"wp-block-paragraph\">O coordenador de Desenvolvimento Social da Suzano, Adriano Martins, destaca que a parceria com o Instituto Bold est\u00e1 alinhada com os Compromissos para Renovar a Vida da empresa, que incluem metas de longo prazo para combater a pobreza e promover o desenvolvimento social. A empresa tem como meta tirar 200 mil pessoas da linha de pobreza nas \u00e1reas onde atua, at\u00e9 2030.<\/p>\n\n\n\n<p class=\"wp-block-paragraph\">&nbsp;<\/p>\n\n\n\n<p class=\"wp-block-paragraph\">&#8220;Apoiar projetos como este \u00e9 mais do que uma iniciativa isolada, \u00e9 um reflexo da vis\u00e3o de uma empresa centen\u00e1ria, que busca atuar como agente de transforma\u00e7\u00e3o na comunidade em que est\u00e1 inserida e ajudar a formar pessoas que inspiram e transformam, impulsionando mudan\u00e7as significativas e duradouras na sociedade. Essa iniciativa refor\u00e7a o nosso direcionador que diz que s\u00f3 \u00e9 bom para n\u00f3s se for bom para o mundo&#8221;, destaca Adriano.<\/p>\n\n\n\n<p class=\"wp-block-paragraph\">&nbsp;<\/p>\n\n\n\n<p class=\"wp-block-paragraph\">A proposta do projeto \u00e9 oferecer um acompanhamento, com dura\u00e7\u00e3o total de 300 horas, distribu\u00eddas em dois encontros semanais, cada um com dura\u00e7\u00e3o de uma hora e meia. Todo o programa \u00e9 realizado de forma online, com in\u00edcio sempre \u00e0s 18h, visando garantir que as atividades n\u00e3o interfiram no desempenho escolar dos alunos.<\/p>\n\n\n\n<p class=\"wp-block-paragraph\">&nbsp;<\/p>\n\n\n\n<p class=\"wp-block-paragraph\">Diferentes etapas da jornada ser\u00e3o oferecidas aos jovens participantes do projeto, que v\u00e3o desde a conscientiza\u00e7\u00e3o sobre seu prop\u00f3sito de vida at\u00e9 o desenvolvimento de habilidades essenciais para o mercado de trabalho e orienta\u00e7\u00e3o de carreira.<\/p>\n\n\n\n<p class=\"wp-block-paragraph\">&nbsp;<\/p>\n\n\n\n<p class=\"wp-block-paragraph\">Segundo o especialista do Instituto Bold,&nbsp;Thiago Samu, entre os resultados esperados do programa, est\u00e3o o desenvolvimento de autoconhecimento, intelig\u00eancia emocional, habilidades t\u00e9cnicas e socioemocionais, al\u00e9m de indicadores-chave de desempenho para avaliar o progresso dos participantes.&nbsp;\u201cOs jovens do Brasil enfrentam um cen\u00e1rio com barreiras para o ingresso ao primeiro emprego duas vezes maior do que a m\u00e9dia do restante do pa\u00eds. O Programa Jovem Consciente tem como objetivo de mudar essa realidade, um programa que acelera o potencial destes jovens trazendo as experi\u00eancias pr\u00e1ticas necess\u00e1ria para que os jovens se tornem protagonistas de suas vidas\u201d, explica Thiago Samu, CEO do Instituto Bold.<\/p>\n\n\n\n<p class=\"wp-block-paragraph\">&nbsp;<\/p>\n\n\n\n<p class=\"wp-block-paragraph\">&nbsp;<\/p>\n\n\n\n<p class=\"wp-block-paragraph\"><strong>Inscri\u00e7\u00f5es<\/strong><\/p>\n\n\n\n<p class=\"wp-block-paragraph\">&nbsp;<\/p>\n\n\n\n<p class=\"wp-block-paragraph\">As inscri\u00e7\u00f5es para o projeto j\u00e1 est\u00e3o abertas e podem ser feitas at\u00e9 o dia 12 de maio. O in\u00edcio das aulas est\u00e1 agendado para o dia 20 de maio, com encerramento previsto para 20 de agosto. Para participar, os interessados devem acessar o link:&nbsp;<a href=\"https:\/\/bit.ly\/3TRkQTd\" target=\"_blank\" rel=\"noreferrer noopener\">https:\/\/bit.ly\/3TRkQTd<\/a><\/p>\n\n\n\n<p class=\"wp-block-paragraph\">&nbsp;<\/p>\n\n\n\n<p class=\"wp-block-paragraph\"><strong>Instituto Bold<\/strong><\/p>\n\n\n\n<p class=\"wp-block-paragraph\"><strong>&nbsp;<\/strong><\/p>\n\n\n\n<p class=\"wp-block-paragraph\">O Instituto Bold nasceu em 2017 em Boston, nos EUA, com a miss\u00e3o de se tornar uma aceleradora de pessoas, com foco em intelig\u00eancia emocional e empreendedorismo, sendo a ponte entre jovens e empresas para fomentar diversidade e inclus\u00e3o social,<\/p>\n\n\n\n<p class=\"wp-block-paragraph\">&nbsp;<\/p>\n\n\n\n<p class=\"wp-block-paragraph\">Em 2023, por meio do projeto Jovem Consciente, o Instituto Bold alcan\u00e7ou n\u00fameros expressivos, refor\u00e7ando seu compromisso com a capacita\u00e7\u00e3o e desenvolvimento de jovens de comunidades locais. Somente no ano passado, o instituto impactou a vida de&nbsp;1 mil&nbsp;jovens de forma direta e outras 3.090 pessoas indiretamente<\/p>\n\n\n\n<p class=\"wp-block-paragraph\">&nbsp;<\/p>\n\n\n\n<p class=\"wp-block-paragraph\"><strong>Sobre a Suzano<\/strong><\/p>\n\n\n\n<p class=\"wp-block-paragraph\"><strong>&nbsp;<\/strong><\/p>\n\n\n\n<p class=\"wp-block-paragraph\">A Suzano \u00e9 a maior produtora mundial de celulose, uma das maiores produtoras de pap\u00e9is da Am\u00e9rica Latina, l\u00edder no segmento de papel higi\u00eanico no Brasil e refer\u00eancia no desenvolvimento de solu\u00e7\u00f5es sustent\u00e1veis e inovadoras a partir de mat\u00e9ria-prima de fonte renov\u00e1vel. Nossos produtos e solu\u00e7\u00f5es est\u00e3o presentes na vida de mais de 2 bilh\u00f5es de pessoas, abastecem mais de 100 pa\u00edses e incluem celulose, pap\u00e9is para imprimir e escrever, pap\u00e9is para embalagens, copos e canudos, pap\u00e9is sanit\u00e1rios e produtos absorventes, al\u00e9m de novos bioprodutos desenvolvidos para atender a demanda global. A inova\u00e7\u00e3o e a sustentabilidade orientam nosso prop\u00f3sito de \u201cRenovar a vida a partir da \u00e1rvore\u201d e nosso trabalho no enfrentamento dos desafios da sociedade e do planeta. Com 100 anos de hist\u00f3ria, temos a\u00e7\u00f5es nas bolsas do Brasil (SUZB3) e dos Estados Unidos (SUZ). Saiba mais na p\u00e1gina&nbsp;<a target=\"_blank\" href=\"http:\/\/www.suzano.com.br\/\" rel=\"noreferrer noopener\">www.suzano.com.br<\/a><\/p>\n\n\n\n<p class=\"wp-block-paragraph\"><\/p>\n","protected":false},"excerpt":{"rendered":"<p>&nbsp; O projeto Jornada Jovem Consciente \u00e9 voltado para estudantes com idades entre 14 e 17 anos, de baixa renda; as inscri\u00e7\u00f5es est\u00e3o abertas at\u00e9 o dia 12 de maio &nbsp; A Suzano, maior produtora mundial de celulose e refer\u00eancia global na fabrica\u00e7\u00e3o de bioprodutos desenvolvidos a partir de \u00e1rvores plantadas de eucalipto, firmou parceria [&hellip;]<\/p>\n","protected":false},"author":2,"featured_media":3154,"comment_status":"open","ping_status":"open","sticky":false,"template":"","format":"standard","meta":{"_jetpack_newsletter_access":"","_jetpack_dont_email_post_to_subs":false,"_jetpack_newsletter_tier_id":0,"_jetpack_memberships_contains_paywalled_content":false,"_mbp_banners":[],"_jetpack_feature_clip_id":0,"_jetpack_memberships_contains_paid_content":false,"footnotes":"","jetpack_publicize_message":"","jetpack_publicize_feature_enabled":true,"jetpack_social_post_already_shared":true,"jetpack_social_options":{"image_generator_settings":{"template":"highway","default_image_id":0,"font":"","enabled":false},"version":2},"jetpack_post_was_ever_published":false},"categories":[16],"tags":[],"class_list":["post-3153","post","type-post","status-publish","format-standard","has-post-thumbnail","category-local"],"jetpack_publicize_connections":[],"jetpack-related-posts":[],"jetpack_shortlink":"https:\/\/wp.me\/p7Eq1F-OR","jetpack_sharing_enabled":true,"jetpack_featured_media_url":"https:\/\/i0.wp.com\/guialimeira.com.br\/news\/wp-content\/uploads\/2024\/04\/Unidade-Limeira-2.jpg?fit=1024%2C683&ssl=1","_links":{"self":[{"href":"https:\/\/guialimeira.com.br\/news\/wp-json\/wp\/v2\/posts\/3153","targetHints":{"allow":["GET"]}}],"collection":[{"href":"https:\/\/guialimeira.com.br\/news\/wp-json\/wp\/v2\/posts"}],"about":[{"href":"https:\/\/guialimeira.com.br\/news\/wp-json\/wp\/v2\/types\/post"}],"author":[{"embeddable":true,"href":"https:\/\/guialimeira.com.br\/news\/wp-json\/wp\/v2\/users\/2"}],"replies":[{"embeddable":true,"href":"https:\/\/guialimeira.com.br\/news\/wp-json\/wp\/v2\/comments?post=3153"}],"version-history":[{"count":1,"href":"https:\/\/guialimeira.com.br\/news\/wp-json\/wp\/v2\/posts\/3153\/revisions"}],"predecessor-version":[{"id":3155,"href":"https:\/\/guialimeira.com.br\/news\/wp-json\/wp\/v2\/posts\/3153\/revisions\/3155"}],"wp:featuredmedia":[{"embeddable":true,"href":"https:\/\/guialimeira.com.br\/news\/wp-json\/wp\/v2\/media\/3154"}],"wp:attachment":[{"href":"https:\/\/guialimeira.com.br\/news\/wp-json\/wp\/v2\/media?parent=3153"}],"wp:term":[{"taxonomy":"category","embeddable":true,"href":"https:\/\/guialimeira.com.br\/news\/wp-json\/wp\/v2\/categories?post=3153"},{"taxonomy":"post_tag","embeddable":true,"href":"https:\/\/guialimeira.com.br\/news\/wp-json\/wp\/v2\/tags?post=3153"}],"curies":[{"name":"wp","href":"https:\/\/api.w.org\/{rel}","templated":true}]}}