{"id":31476,"date":"2025-04-25T09:57:47","date_gmt":"2025-04-25T12:57:47","guid":{"rendered":"https:\/\/guialimeira.com.br\/2025\/04\/25\/rito-de-fechamento-do-caixao-do-papa-ocorre-nesta-sexta-feira\/"},"modified":"2025-04-25T09:57:47","modified_gmt":"2025-04-25T12:57:47","slug":"rito-de-fechamento-do-caixao-do-papa-ocorre-nesta-sexta-feira","status":"publish","type":"post","link":"https:\/\/guialimeira.com.br\/news\/rito-de-fechamento-do-caixao-do-papa-ocorre-nesta-sexta-feira\/","title":{"rendered":"Rito de fechamento do caix\u00e3o do papa ocorre nesta sexta-feira"},"content":{"rendered":"<p> <br \/>\n<\/p>\n<div>\n<p>Ao final do terceiro dia de vel\u00f3rio aberto, \u00e0s 20h (hor\u00e1rio local, 15h em Bras\u00edlia) desta sexta-feira (25), ter\u00e1 in\u00edcio o rito de fechamento do caix\u00e3o do papa Francisco.\u00a0<img data-recalc-dims=\"1\" decoding=\"async\" src=\"https:\/\/i0.wp.com\/agenciabrasil.ebc.com.br\/ebc.png?w=696&#038;ssl=1\" style=\"width:1px; height:1px; display:inline;\"\/><img data-recalc-dims=\"1\" decoding=\"async\" src=\"https:\/\/i0.wp.com\/agenciabrasil.ebc.com.br\/ebc.gif?w=696&#038;ssl=1\" style=\"width:1px; height:1px; display:inline;\"\/><\/p>\n<p>A cerim\u00f4nia lit\u00fargica ser\u00e1 presidida pelo cardeal Kevin Farrell, camerlengo da Santa Igreja Romana.<\/p>\n<p>Em nota, o Vaticano informou que tamb\u00e9m devem atender \u00e0 cerim\u00f4nia diversos cardinais e oficiais da Santa S\u00e9.\u00a0<\/p>\n<p>O rito marca o fim do vel\u00f3rio aberto na Bas\u00edlica de S\u00e3o Pedro, onde mais de 128 mil pessoas prestaram homenagens a Francisco.<\/p>\n<p>A Bas\u00edlica de S\u00e3o Pedro permaneceu aberta para receber fi\u00e9is at\u00e9 as 5h30 (0h30, em Bras\u00edlia) de hoje, quando ficou fechada por apenas uma hora e meia e voltou a ser aberta para o \u00faltimo dia de vel\u00f3rio aberto \u00e0s 7h (2h, em Bras\u00edlia).<\/p>\n<p>O funeral e a missa de corpo presente est\u00e3o previstos para come\u00e7ar \u00e0s 10h (5h, em Bras\u00edlia) deste s\u00e1bado (26) na Pra\u00e7a S\u00e3o Pedro, marcando o in\u00edcio do <em>Novemdiales<\/em>, antiga tradi\u00e7\u00e3o de nove dias de luto e ora\u00e7\u00f5es em sufr\u00e1gio pela alma do pont\u00edfice.<\/p>\n<p><em>*Com informa\u00e7\u00f5es da ag\u00eancia de not\u00edcias Lusa<\/em><\/p>\n<p>      <!-- Relacionada --><\/p>\n<p>            <!-- Relacionada -->\n    <\/div>\n<p><br \/>\n<br \/><a href=\"https:\/\/agenciabrasil.ebc.com.br\/internacional\/noticia\/2025-04\/rito-de-fechamento-do-caixao-do-papa-ocorre-nesta-sexta-feira\" rel=\"noopener\">Ag\u00eancia Brasil <\/a><\/p>\n","protected":false},"excerpt":{"rendered":"<p>Ao final do terceiro dia de vel\u00f3rio aberto, \u00e0s 20h (hor\u00e1rio local, 15h em Bras\u00edlia) desta sexta-feira (25), ter\u00e1 in\u00edcio o rito de fechamento do caix\u00e3o do papa Francisco.\u00a0 A cerim\u00f4nia lit\u00fargica ser\u00e1 presidida pelo cardeal Kevin Farrell, camerlengo da Santa Igreja Romana. Em nota, o Vaticano informou que tamb\u00e9m devem atender \u00e0 cerim\u00f4nia diversos [&hellip;]<\/p>\n","protected":false},"author":1,"featured_media":31477,"comment_status":"open","ping_status":"open","sticky":false,"template":"","format":"standard","meta":{"_jetpack_newsletter_access":"","_jetpack_dont_email_post_to_subs":false,"_jetpack_newsletter_tier_id":0,"_jetpack_memberships_contains_paywalled_content":false,"_mbp_banners":[],"_jetpack_feature_clip_id":0,"_jetpack_memberships_contains_paid_content":false,"footnotes":"","jetpack_publicize_message":"","jetpack_publicize_feature_enabled":true,"jetpack_social_post_already_shared":true,"jetpack_social_options":{"image_generator_settings":{"template":"highway","default_image_id":0,"font":"","enabled":false},"version":2},"jetpack_post_was_ever_published":false},"categories":[25],"tags":[],"class_list":["post-31476","post","type-post","status-publish","format-standard","has-post-thumbnail","category-internacional"],"jetpack_publicize_connections":[],"jetpack-related-posts":[],"jetpack_shortlink":"https:\/\/wp.me\/p7Eq1F-8bG","jetpack_sharing_enabled":true,"jetpack_featured_media_url":"https:\/\/i0.wp.com\/guialimeira.com.br\/news\/wp-content\/uploads\/2025\/04\/2025-04-25t105516z_1_lynxmpel3o0fj_rtroptp_4_pope-francis.jpg?fit=1600%2C800&ssl=1","_links":{"self":[{"href":"https:\/\/guialimeira.com.br\/news\/wp-json\/wp\/v2\/posts\/31476","targetHints":{"allow":["GET"]}}],"collection":[{"href":"https:\/\/guialimeira.com.br\/news\/wp-json\/wp\/v2\/posts"}],"about":[{"href":"https:\/\/guialimeira.com.br\/news\/wp-json\/wp\/v2\/types\/post"}],"author":[{"embeddable":true,"href":"https:\/\/guialimeira.com.br\/news\/wp-json\/wp\/v2\/users\/1"}],"replies":[{"embeddable":true,"href":"https:\/\/guialimeira.com.br\/news\/wp-json\/wp\/v2\/comments?post=31476"}],"version-history":[{"count":0,"href":"https:\/\/guialimeira.com.br\/news\/wp-json\/wp\/v2\/posts\/31476\/revisions"}],"wp:featuredmedia":[{"embeddable":true,"href":"https:\/\/guialimeira.com.br\/news\/wp-json\/wp\/v2\/media\/31477"}],"wp:attachment":[{"href":"https:\/\/guialimeira.com.br\/news\/wp-json\/wp\/v2\/media?parent=31476"}],"wp:term":[{"taxonomy":"category","embeddable":true,"href":"https:\/\/guialimeira.com.br\/news\/wp-json\/wp\/v2\/categories?post=31476"},{"taxonomy":"post_tag","embeddable":true,"href":"https:\/\/guialimeira.com.br\/news\/wp-json\/wp\/v2\/tags?post=31476"}],"curies":[{"name":"wp","href":"https:\/\/api.w.org\/{rel}","templated":true}]}}