{"id":314,"date":"2024-03-29T16:53:47","date_gmt":"2024-03-29T19:53:47","guid":{"rendered":"https:\/\/guialimeira.com.br\/2024\/03\/29\/projeto-da-prefeitura-em-parceria-com-o-crp-ja-acolheu-mais-de-400-criancas-com-transtorno-do-espectro-autista\/"},"modified":"2024-03-29T16:53:47","modified_gmt":"2024-03-29T19:53:47","slug":"projeto-da-prefeitura-em-parceria-com-o-crp-ja-acolheu-mais-de-400-criancas-com-transtorno-do-espectro-autista","status":"publish","type":"post","link":"https:\/\/guialimeira.com.br\/news\/projeto-da-prefeitura-em-parceria-com-o-crp-ja-acolheu-mais-de-400-criancas-com-transtorno-do-espectro-autista\/","title":{"rendered":"Projeto da Prefeitura em parceria com o CRP\u00a0j\u00e1 acolheu mais de 400 crian\u00e7as\u00a0com\u00a0Transtorno do Espectro Autista"},"content":{"rendered":"<p> <br \/>\n<\/p>\n<div>\n<figure class=\"text-center\">\n<img data-recalc-dims=\"1\" width=\"696\" height=\"464\" src=\"https:\/\/i0.wp.com\/piracicaba.sp.gov.br\/wp-content\/uploads\/2024\/03\/Projeto-TEA-atende-criancas-com-autismo-com-idade-de-zero-a-menores-de-seis-anos-1024x683.jpg?resize=696%2C464&#038;ssl=1\" class=\"img-fluid img-thumbnail border-1 wp-post-image\" alt=\"Projeto TEA atende crian\u00e7as com autismo com idade de zero a menores de seis anos\" itemprop=\"image\" decoding=\"async\" fetchpriority=\"high\" srcset=\"https:\/\/piracicaba.sp.gov.br\/wp-content\/uploads\/2024\/03\/Projeto-TEA-atende-criancas-com-autismo-com-idade-de-zero-a-menores-de-seis-anos-1024x683.jpg 1024w, https:\/\/piracicaba.sp.gov.br\/wp-content\/uploads\/2024\/03\/Projeto-TEA-atende-criancas-com-autismo-com-idade-de-zero-a-menores-de-seis-anos-300x200.jpg 300w, https:\/\/piracicaba.sp.gov.br\/wp-content\/uploads\/2024\/03\/Projeto-TEA-atende-criancas-com-autismo-com-idade-de-zero-a-menores-de-seis-anos-768x512.jpg 768w, https:\/\/piracicaba.sp.gov.br\/wp-content\/uploads\/2024\/03\/Projeto-TEA-atende-criancas-com-autismo-com-idade-de-zero-a-menores-de-seis-anos-1536x1024.jpg 1536w, https:\/\/piracicaba.sp.gov.br\/wp-content\/uploads\/2024\/03\/Projeto-TEA-atende-criancas-com-autismo-com-idade-de-zero-a-menores-de-seis-anos-2048x1365.jpg 2048w\" sizes=\"(max-width: 1024px) 100vw, 1024px\"\/><figcaption class=\"text-center small fw-bold fst-italic mt-1\">Projeto TEA atende crian\u00e7as com autismo com idade de zero a menores de seis anos<\/figcaption><\/figure>\n<p>Ap\u00f3s oito meses, a parceria in\u00e9dita entre a Prefeitura de Piracicaba \u2013 por meio da Secretaria de Sa\u00fade \u2013 com o Centro de Reabilita\u00e7\u00e3o de Piracicaba (CRP) para o atendimento especializado a pessoas com TEA (Transtorno do Espectro Autista) em idade entre 0 a 6 anos incompletos e seus familiares, j\u00e1\u00a0acolheu mais de 400 crian\u00e7as e, destas, 116 preencheram os quesitos necess\u00e1rios e permaneceram na entidade para a constru\u00e7\u00e3o do Projeto Terap\u00eautico Singular (PTS). Neste per\u00edodo, foram realizados mais de 3.000 procedimentos com as crian\u00e7as acolhidas e ainda existem 34 vagas dispon\u00edveis para atendimento pela parceria com o CRP.<\/p>\n<figure class=\"wp-block-image size-large\"><img data-recalc-dims=\"1\" loading=\"lazy\" decoding=\"async\" width=\"696\" height=\"464\" src=\"https:\/\/i0.wp.com\/piracicaba.sp.gov.br\/wp-content\/uploads\/2024\/03\/Projeto-TEA-completou-oito-meses-de-atividade-por-meio-da-parceria-da-prefeitura-com-o-CRP-1024x683.jpg?resize=696%2C464&#038;ssl=1\" alt=\"Projeto TEA completou oito meses de atividade por meio da parceria da prefeitura com o CRP\" class=\"wp-image-75983\" srcset=\"https:\/\/piracicaba.sp.gov.br\/wp-content\/uploads\/2024\/03\/Projeto-TEA-completou-oito-meses-de-atividade-por-meio-da-parceria-da-prefeitura-com-o-CRP-1024x683.jpg 1024w, https:\/\/piracicaba.sp.gov.br\/wp-content\/uploads\/2024\/03\/Projeto-TEA-completou-oito-meses-de-atividade-por-meio-da-parceria-da-prefeitura-com-o-CRP-300x200.jpg 300w, https:\/\/piracicaba.sp.gov.br\/wp-content\/uploads\/2024\/03\/Projeto-TEA-completou-oito-meses-de-atividade-por-meio-da-parceria-da-prefeitura-com-o-CRP-768x512.jpg 768w, https:\/\/piracicaba.sp.gov.br\/wp-content\/uploads\/2024\/03\/Projeto-TEA-completou-oito-meses-de-atividade-por-meio-da-parceria-da-prefeitura-com-o-CRP-1536x1024.jpg 1536w, https:\/\/piracicaba.sp.gov.br\/wp-content\/uploads\/2024\/03\/Projeto-TEA-completou-oito-meses-de-atividade-por-meio-da-parceria-da-prefeitura-com-o-CRP-2048x1365.jpg 2048w\" sizes=\"auto, (max-width: 1024px) 100vw, 1024px\"\/><figcaption class=\"wp-element-caption\"><strong><em>Projeto TEA completou oito meses de atividade por meio da parceria da prefeitura com o CRP<\/em><\/strong><\/figcaption><\/figure>\n<p>A coordenadora do setor terap\u00eautico do Centro de Reabilita\u00e7\u00e3o, a psic\u00f3loga Rebeca Padulla, destaca que os primeiros resultados est\u00e3o sendo muito positivos. \u201cEste tipo de atendimento fortalece os v\u00ednculos da fam\u00edlia com a crian\u00e7a e todos passam a entender melhor o diagn\u00f3stico do autismo. Aqui o foco das a\u00e7\u00f5es n\u00e3o \u00e9 somente o diagn\u00f3stico precoce, mas como isso vai influenciar a crian\u00e7a em seu ambiente, seja na escola, em casa, no parque, na igreja, entre outros espa\u00e7os que ela venha a frequentar. Trabalhamos para que a crian\u00e7a se desenvolva, seja aut\u00f4noma, tendo o direito de ela ser como ela \u00e9. Muitas crian\u00e7as j\u00e1 evolu\u00edram bastante neste projeto e isso \u00e9 superpositivo\u201d.<\/p>\n<figure class=\"wp-block-image size-large\"><img data-recalc-dims=\"1\" loading=\"lazy\" decoding=\"async\" width=\"696\" height=\"464\" src=\"https:\/\/i0.wp.com\/piracicaba.sp.gov.br\/wp-content\/uploads\/2024\/03\/A-psicologa-Rebeca-Padulla-e-coordenadora-do-setor-terapeutico-do-Centro-de-Reabilitacao-1024x683.jpg?resize=696%2C464&#038;ssl=1\" alt=\"A psic\u00f3loga Rebeca Padulla \u00e9 coordenadora do setor terap\u00eautico do Centro de Reabilita\u00e7\u00e3o\" class=\"wp-image-75978\" srcset=\"https:\/\/piracicaba.sp.gov.br\/wp-content\/uploads\/2024\/03\/A-psicologa-Rebeca-Padulla-e-coordenadora-do-setor-terapeutico-do-Centro-de-Reabilitacao-1024x683.jpg 1024w, https:\/\/piracicaba.sp.gov.br\/wp-content\/uploads\/2024\/03\/A-psicologa-Rebeca-Padulla-e-coordenadora-do-setor-terapeutico-do-Centro-de-Reabilitacao-300x200.jpg 300w, https:\/\/piracicaba.sp.gov.br\/wp-content\/uploads\/2024\/03\/A-psicologa-Rebeca-Padulla-e-coordenadora-do-setor-terapeutico-do-Centro-de-Reabilitacao-768x512.jpg 768w, https:\/\/piracicaba.sp.gov.br\/wp-content\/uploads\/2024\/03\/A-psicologa-Rebeca-Padulla-e-coordenadora-do-setor-terapeutico-do-Centro-de-Reabilitacao-1536x1024.jpg 1536w, https:\/\/piracicaba.sp.gov.br\/wp-content\/uploads\/2024\/03\/A-psicologa-Rebeca-Padulla-e-coordenadora-do-setor-terapeutico-do-Centro-de-Reabilitacao-2048x1365.jpg 2048w\" sizes=\"auto, (max-width: 1024px) 100vw, 1024px\"\/><figcaption class=\"wp-element-caption\"><strong><em>A psic\u00f3loga Rebeca Padulla \u00e9 coordenadora do setor terap\u00eautico do Centro de Reabilita\u00e7\u00e3o<\/em><\/strong><\/figcaption><\/figure>\n<p>Adryel Albuquerque Soares, de cinco anos, \u00e9 um dos primeiros a ingressarem para atendimento no CRP por meio da parceria com a\u00a0Prefeitura. A m\u00e3e Erika Cristina de Albuquerque se diz muito feliz e empolgada com a evolu\u00e7\u00e3o do filho. \u201cAntes de vir para o Centro de Reabilita\u00e7\u00e3o t\u00ednhamos muitas d\u00favidas sobre o autismo e o comportamento do Adryel. Fomos muito bem acolhidos e, ver meu filho hoje \u00e9 s\u00f3 agradecimento. Ele n\u00e3o gostava de fotos e de muita aglomera\u00e7\u00e3o, hoje ele faz pose para fotos, conversa com outras pessoas, faz suas coisas de escola mais r\u00e1pido. \u00c9 muito bom ver isso nele\u201d, enfatizou Erika.<\/p>\n<figure class=\"wp-block-image size-large\"><img data-recalc-dims=\"1\" loading=\"lazy\" decoding=\"async\" width=\"696\" height=\"464\" src=\"https:\/\/i0.wp.com\/piracicaba.sp.gov.br\/wp-content\/uploads\/2024\/03\/Adryel-evolucao-de-crianca-retraida-para-comunitativa-e-autonoma-1024x683.jpg?resize=696%2C464&#038;ssl=1\" alt=\"Adryel, evolu\u00e7\u00e3o de crian\u00e7a retra\u00edda para comunicativa e aut\u00f4noma\" class=\"wp-image-75980\" srcset=\"https:\/\/piracicaba.sp.gov.br\/wp-content\/uploads\/2024\/03\/Adryel-evolucao-de-crianca-retraida-para-comunitativa-e-autonoma-1024x683.jpg 1024w, https:\/\/piracicaba.sp.gov.br\/wp-content\/uploads\/2024\/03\/Adryel-evolucao-de-crianca-retraida-para-comunitativa-e-autonoma-300x200.jpg 300w, https:\/\/piracicaba.sp.gov.br\/wp-content\/uploads\/2024\/03\/Adryel-evolucao-de-crianca-retraida-para-comunitativa-e-autonoma-768x512.jpg 768w, https:\/\/piracicaba.sp.gov.br\/wp-content\/uploads\/2024\/03\/Adryel-evolucao-de-crianca-retraida-para-comunitativa-e-autonoma-1536x1024.jpg 1536w, https:\/\/piracicaba.sp.gov.br\/wp-content\/uploads\/2024\/03\/Adryel-evolucao-de-crianca-retraida-para-comunitativa-e-autonoma-2048x1365.jpg 2048w\" sizes=\"auto, (max-width: 1024px) 100vw, 1024px\"\/><figcaption class=\"wp-element-caption\"><strong><em>Adryel, evolu\u00e7\u00e3o de crian\u00e7a retra\u00edda para comunicativa e aut\u00f4noma<\/em><\/strong><\/figcaption><\/figure>\n<p>A m\u00e3e de Adryel ainda se emociona ao falar na transforma\u00e7\u00e3o da sua vida nos \u00faltimos meses por meio do trabalho realizado pela equipe do CRP junto a sua fam\u00edlia. \u201cEu sempre trabalhei e pouco tempo separei do meu dia para dividir com meus filhos em casa, por\u00e9m, \u00e9 aqui que estou me redescobrindo como m\u00e3e. Tenho outros filhos al\u00e9m do Adryel, mas somente agora entendi a import\u00e2ncia de acompanhar, estar presente, de ser m\u00e3e. Antes n\u00e3o conseguia ir na pra\u00e7a com ele, hoje eu vou e nos divertimos muitos. Estou muito feliz, pois isso abrange toda nossa fam\u00edlia\u201d, completou.<\/p>\n<figure class=\"wp-block-image size-large\"><img data-recalc-dims=\"1\" loading=\"lazy\" decoding=\"async\" width=\"696\" height=\"464\" src=\"https:\/\/i0.wp.com\/piracicaba.sp.gov.br\/wp-content\/uploads\/2024\/03\/Ver-a-evolucao-do-meu-filho-transformou-minha-vida-afirma-Erika-Albuquerque-mae-de-Adryel-1024x683.jpg?resize=696%2C464&#038;ssl=1\" alt=\"Ver a evolu\u00e7\u00e3o do meu filho transformou minha vida, afirma Erika Albuquerque, m\u00e3e de Adryel\" class=\"wp-image-75984\" srcset=\"https:\/\/piracicaba.sp.gov.br\/wp-content\/uploads\/2024\/03\/Ver-a-evolucao-do-meu-filho-transformou-minha-vida-afirma-Erika-Albuquerque-mae-de-Adryel-1024x683.jpg 1024w, https:\/\/piracicaba.sp.gov.br\/wp-content\/uploads\/2024\/03\/Ver-a-evolucao-do-meu-filho-transformou-minha-vida-afirma-Erika-Albuquerque-mae-de-Adryel-300x200.jpg 300w, https:\/\/piracicaba.sp.gov.br\/wp-content\/uploads\/2024\/03\/Ver-a-evolucao-do-meu-filho-transformou-minha-vida-afirma-Erika-Albuquerque-mae-de-Adryel-768x512.jpg 768w, https:\/\/piracicaba.sp.gov.br\/wp-content\/uploads\/2024\/03\/Ver-a-evolucao-do-meu-filho-transformou-minha-vida-afirma-Erika-Albuquerque-mae-de-Adryel-1536x1024.jpg 1536w, https:\/\/piracicaba.sp.gov.br\/wp-content\/uploads\/2024\/03\/Ver-a-evolucao-do-meu-filho-transformou-minha-vida-afirma-Erika-Albuquerque-mae-de-Adryel-2048x1365.jpg 2048w\" sizes=\"auto, (max-width: 1024px) 100vw, 1024px\"\/><figcaption class=\"wp-element-caption\"><strong><em>Ver a evolu\u00e7\u00e3o do meu filho transformou minha vida, afirma Erika Albuquerque, m\u00e3e de Adryel<\/em><\/strong><\/figcaption><\/figure>\n<p><strong>O PROJETO \u2013<\/strong>\u00a0Jana\u00edna Camargo, enfermeira que trabalha no Projeto TEA, explica que o atendimento \u00e0s crian\u00e7as \u00e9 feito de forma interdisciplinar por profissionais das \u00e1reas da psicologia, servi\u00e7o social, educa\u00e7\u00e3o f\u00edsica, terapia ocupacional, fisioterapia, fonoaudiologia, enfermagem e psiquiatria infantil onde s\u00e3o avaliadas as demandas e necessidades individuais de cada crian\u00e7a. \u201cPara ingressar neste servi\u00e7o \u00e9 necess\u00e1rio encaminhamento profissional, de m\u00e9dico ou enfermeiro, da rede de aten\u00e7\u00e3o b\u00e1sica municipal, onde o profissional de refer\u00eancia avaliar\u00e1 a necessidade e complexidade de cada caso, sinalizando a gravidade por meio de classifica\u00e7\u00e3o de risco, a\u00e7\u00e3o que dar\u00e1 prioridade para agendamento de casos mais graves\u201d.<\/p>\n<figure class=\"wp-block-image size-large\"><img data-recalc-dims=\"1\" loading=\"lazy\" decoding=\"async\" width=\"696\" height=\"464\" src=\"https:\/\/i0.wp.com\/piracicaba.sp.gov.br\/wp-content\/uploads\/2024\/03\/Adryel-Albuquerque-Soares-e-uma-das-primeiras-criancas-a-ingressarem-no-Projeto-TEA-da-Prefeitura-1024x683.jpg?resize=696%2C464&#038;ssl=1\" alt=\"Adryel Albuquerque Soares \u00e9 uma das primeiras crian\u00e7as a ingressarem no Projeto TEA da Prefeitura\" class=\"wp-image-75979\" srcset=\"https:\/\/piracicaba.sp.gov.br\/wp-content\/uploads\/2024\/03\/Adryel-Albuquerque-Soares-e-uma-das-primeiras-criancas-a-ingressarem-no-Projeto-TEA-da-Prefeitura-1024x683.jpg 1024w, https:\/\/piracicaba.sp.gov.br\/wp-content\/uploads\/2024\/03\/Adryel-Albuquerque-Soares-e-uma-das-primeiras-criancas-a-ingressarem-no-Projeto-TEA-da-Prefeitura-300x200.jpg 300w, https:\/\/piracicaba.sp.gov.br\/wp-content\/uploads\/2024\/03\/Adryel-Albuquerque-Soares-e-uma-das-primeiras-criancas-a-ingressarem-no-Projeto-TEA-da-Prefeitura-768x512.jpg 768w, https:\/\/piracicaba.sp.gov.br\/wp-content\/uploads\/2024\/03\/Adryel-Albuquerque-Soares-e-uma-das-primeiras-criancas-a-ingressarem-no-Projeto-TEA-da-Prefeitura-1536x1024.jpg 1536w, https:\/\/piracicaba.sp.gov.br\/wp-content\/uploads\/2024\/03\/Adryel-Albuquerque-Soares-e-uma-das-primeiras-criancas-a-ingressarem-no-Projeto-TEA-da-Prefeitura-2048x1365.jpg 2048w\" sizes=\"auto, (max-width: 1024px) 100vw, 1024px\"\/><figcaption class=\"wp-element-caption\"><strong><em>Adryel Albuquerque Soares \u00e9 uma das primeiras crian\u00e7as a ingressarem no Projeto TEA da Prefeitura<\/em><\/strong><\/figcaption><\/figure>\n<p>A psiquiatra do CRP, Danielle Faria Miguel, refor\u00e7a que o\u00a0primeiro contato com o servi\u00e7o ap\u00f3s o encaminhamento se d\u00e1 em dois encontros com intervalo de 15 dias entre eles. Neste\u00a0acolhimento \u00e9 realizado escuta ativa da hist\u00f3ria pessoal e familiar do indiv\u00edduo assim como de suas demandas e necessidades. \u201cPara avalia\u00e7\u00e3o, utilizamos m\u00e9todos l\u00fadicos de intera\u00e7\u00e3o com a crian\u00e7a, aplicamos instrumentos de avalia\u00e7\u00e3o como a escala Modified Checklist for Autism in Toddlers (M-CHAT) e protocolo de Indicador de Riscos para Desenvolvimento Infantil (IRDI) para posteriormente realizar a Classifica\u00e7\u00e3o Internacional de Funcionalidade (CIF), instrumento que reunir\u00e1 as informa\u00e7\u00f5es trazidas pela fam\u00edlia e avalia\u00e7\u00e3o profissional do caso\u201d, apontou.<\/p>\n<figure class=\"wp-block-image size-large\"><img data-recalc-dims=\"1\" loading=\"lazy\" decoding=\"async\" width=\"696\" height=\"464\" src=\"https:\/\/i0.wp.com\/piracicaba.sp.gov.br\/wp-content\/uploads\/2024\/03\/Janaina-Camargo-enfermeira-e-Danielle-Faria-Miguel-psiquiatra-fazem-parte-da-equipe-multiprofissional-que-atendem-o-Projeto-TEA-1024x683.jpg?resize=696%2C464&#038;ssl=1\" alt=\"Jana\u00edna Camargo (enfermeira) e Danielle Faria Miguel (psiquiatra) fazem parte da equipe multiprofissional que atendem o Projeto TEA\" class=\"wp-image-75981\" srcset=\"https:\/\/piracicaba.sp.gov.br\/wp-content\/uploads\/2024\/03\/Janaina-Camargo-enfermeira-e-Danielle-Faria-Miguel-psiquiatra-fazem-parte-da-equipe-multiprofissional-que-atendem-o-Projeto-TEA-1024x683.jpg 1024w, https:\/\/piracicaba.sp.gov.br\/wp-content\/uploads\/2024\/03\/Janaina-Camargo-enfermeira-e-Danielle-Faria-Miguel-psiquiatra-fazem-parte-da-equipe-multiprofissional-que-atendem-o-Projeto-TEA-300x200.jpg 300w, https:\/\/piracicaba.sp.gov.br\/wp-content\/uploads\/2024\/03\/Janaina-Camargo-enfermeira-e-Danielle-Faria-Miguel-psiquiatra-fazem-parte-da-equipe-multiprofissional-que-atendem-o-Projeto-TEA-768x512.jpg 768w, https:\/\/piracicaba.sp.gov.br\/wp-content\/uploads\/2024\/03\/Janaina-Camargo-enfermeira-e-Danielle-Faria-Miguel-psiquiatra-fazem-parte-da-equipe-multiprofissional-que-atendem-o-Projeto-TEA-1536x1024.jpg 1536w, https:\/\/piracicaba.sp.gov.br\/wp-content\/uploads\/2024\/03\/Janaina-Camargo-enfermeira-e-Danielle-Faria-Miguel-psiquiatra-fazem-parte-da-equipe-multiprofissional-que-atendem-o-Projeto-TEA-2048x1365.jpg 2048w\" sizes=\"auto, (max-width: 1024px) 100vw, 1024px\"\/><figcaption class=\"wp-element-caption\"><strong><em>Jana\u00edna Camargo (enfermeira) e Danielle Faria Miguel (psiquiatra) fazem parte da equipe multiprofissional que atendem o Projeto TEA<\/em><\/strong><\/figcaption><\/figure>\n<p>Segundo Danielle, ap\u00f3s a constru\u00e7\u00e3o da CIF, o caso \u00e9 discutido entre toda a equipe interdisciplinar para que sejam decididas as pr\u00f3ximas a\u00e7\u00f5es a serem realizadas com as crian\u00e7as e seus familiares. \u201cUma vez que \u00e9 identificado sofrimento ps\u00edquico, presen\u00e7a ou ind\u00edcios de TEA, um profissional \u00e9 designado para ser a refer\u00eancia t\u00e9cnica da fam\u00edlia para que este junto \u00e0 fam\u00edlia construa-se o Projeto Terap\u00eautico Singular que \u00e9 um conjunto de propostas de condutas terap\u00eauticas articuladas com um indiv\u00edduo e sua fam\u00edlia\u201d, completou.<\/p>\n<p>\u00c9 importante destacar que as crian\u00e7as que n\u00e3o atendem os crit\u00e9rios para permanecer no projeto s\u00e3o contrarreferenciadas para as unidades b\u00e1sicas de sa\u00fade e outros dispositivos\u00a0na Rede de Aten\u00e7\u00e3o Psicossocial (RAPS).<\/p>\n<\/div>\n<p><br \/>\n<br \/><a href=\"https:\/\/piracicaba.sp.gov.br\/noticias\/projeto-da-prefeitura-em-parceria-com-o-crp-ja-acolheu-mais-de-400-criancas-com-transtorno-do-espectro-autista\/\" rel=\"noopener\">Informa\u00e7\u00f5es PMP <\/a><\/p>\n","protected":false},"excerpt":{"rendered":"<p>Projeto TEA atende crian\u00e7as com autismo com idade de zero a menores de seis anos Ap\u00f3s oito meses, a parceria in\u00e9dita entre a Prefeitura de Piracicaba \u2013 por meio da Secretaria de Sa\u00fade \u2013 com o Centro de Reabilita\u00e7\u00e3o de Piracicaba (CRP) para o atendimento especializado a pessoas com TEA (Transtorno do Espectro Autista) em [&hellip;]<\/p>\n","protected":false},"author":1,"featured_media":315,"comment_status":"open","ping_status":"open","sticky":false,"template":"","format":"standard","meta":{"_jetpack_newsletter_access":"","_jetpack_dont_email_post_to_subs":false,"_jetpack_newsletter_tier_id":0,"_jetpack_memberships_contains_paywalled_content":false,"_mbp_banners":[],"_jetpack_feature_clip_id":0,"_jetpack_memberships_contains_paid_content":false,"footnotes":"","jetpack_publicize_message":"","jetpack_publicize_feature_enabled":true,"jetpack_social_post_already_shared":false,"jetpack_social_options":{"image_generator_settings":{"template":"highway","default_image_id":0,"font":"","enabled":false},"version":2},"jetpack_post_was_ever_published":false},"categories":[20],"tags":[],"class_list":["post-314","post","type-post","status-publish","format-standard","has-post-thumbnail","category-regiao"],"jetpack_publicize_connections":[],"jetpack-related-posts":[],"jetpack_shortlink":"https:\/\/wp.me\/p7Eq1F-54","jetpack_sharing_enabled":true,"jetpack_featured_media_url":"https:\/\/i0.wp.com\/guialimeira.com.br\/news\/wp-content\/uploads\/2024\/03\/Projeto-TEA-atende-criancas-com-autismo-com-idade-de-zero-a-menores-de-seis-anos-scaled.jpg?fit=2560%2C1706&ssl=1","_links":{"self":[{"href":"https:\/\/guialimeira.com.br\/news\/wp-json\/wp\/v2\/posts\/314","targetHints":{"allow":["GET"]}}],"collection":[{"href":"https:\/\/guialimeira.com.br\/news\/wp-json\/wp\/v2\/posts"}],"about":[{"href":"https:\/\/guialimeira.com.br\/news\/wp-json\/wp\/v2\/types\/post"}],"author":[{"embeddable":true,"href":"https:\/\/guialimeira.com.br\/news\/wp-json\/wp\/v2\/users\/1"}],"replies":[{"embeddable":true,"href":"https:\/\/guialimeira.com.br\/news\/wp-json\/wp\/v2\/comments?post=314"}],"version-history":[{"count":0,"href":"https:\/\/guialimeira.com.br\/news\/wp-json\/wp\/v2\/posts\/314\/revisions"}],"wp:featuredmedia":[{"embeddable":true,"href":"https:\/\/guialimeira.com.br\/news\/wp-json\/wp\/v2\/media\/315"}],"wp:attachment":[{"href":"https:\/\/guialimeira.com.br\/news\/wp-json\/wp\/v2\/media?parent=314"}],"wp:term":[{"taxonomy":"category","embeddable":true,"href":"https:\/\/guialimeira.com.br\/news\/wp-json\/wp\/v2\/categories?post=314"},{"taxonomy":"post_tag","embeddable":true,"href":"https:\/\/guialimeira.com.br\/news\/wp-json\/wp\/v2\/tags?post=314"}],"curies":[{"name":"wp","href":"https:\/\/api.w.org\/{rel}","templated":true}]}}