{"id":3135,"date":"2024-04-29T21:01:44","date_gmt":"2024-04-30T00:01:44","guid":{"rendered":"https:\/\/guialimeira.com.br\/2024\/04\/29\/programacao-da-semana-conta-com-a-festa-do-trabalhador-espetaculos-de-musica-e-outros-eventos\/"},"modified":"2024-04-29T21:01:44","modified_gmt":"2024-04-30T00:01:44","slug":"programacao-da-semana-conta-com-a-festa-do-trabalhador-espetaculos-de-musica-e-outros-eventos","status":"publish","type":"post","link":"https:\/\/guialimeira.com.br\/news\/programacao-da-semana-conta-com-a-festa-do-trabalhador-espetaculos-de-musica-e-outros-eventos\/","title":{"rendered":"Programa\u00e7\u00e3o da semana conta com a Festa do Trabalhador, espet\u00e1culos de m\u00fasica e outros eventos"},"content":{"rendered":"<p> <br \/>\n<\/p>\n<div id=\"\">&#13;<br \/>\n                &#13;<br \/>\n&#13;<br \/>\n&#13;<br \/>\n&#13;<br \/>\n    <img data-recalc-dims=\"1\" decoding=\"async\" src=\"https:\/\/i0.wp.com\/ecrie.com.br\/sistema\/conteudos\/imagem\/m_137_0_1_21032024140937.jpg?w=696&#038;ssl=1\" alt=\"Programa\u00e7\u00e3o da semana conta com a Festa do Trabalhador, espet\u00e1culos de m\u00fasica e outros eventos\"\/>&#13;<br \/>\n&#13;<\/p>\n<p style=\"text-align: justify;\"><span style=\"font-weight: 400;\">A agenda cultural traz para feriado, no dia 1\u00ba de maio, a Festa do Trabalhador, no Horto Florestal, \u00e0s 10h. O evento conta com atra\u00e7\u00f5es art\u00edsticas, pra\u00e7a de alimenta\u00e7\u00e3o e divertimento para as crian\u00e7as.<\/span><\/p>\n<p>&#13;<\/p>\n<p style=\"text-align: justify;\"><span style=\"font-weight: 400;\">Tamb\u00e9m acontecem espet\u00e1culos musicais com \u201cElvis In Concert\u201d, \u201cBroadway Nights\u201d e \u201cUma Sauda\u00e7\u00e3o a Whitney Houston\u201d, al\u00e9m de outros eventos. Confira a programa\u00e7\u00e3o completa:<\/span><\/p>\n<p>&#13;<\/p>\n<p>\u00a0<\/p>\n<p>&#13;<\/p>\n<p style=\"text-align: justify;\"><strong>Evento: Quermesse em Louvor ao Padroeiro S\u00e3o Jos\u00e9<\/strong><\/p>\n<p>&#13;<\/p>\n<p style=\"text-align: justify;\"><span style=\"font-weight: 400;\">At\u00e9 11 de maio, \u00e0s 19h &#8211; Par\u00f3quia S\u00e3o Jos\u00e9, Vila Camargo<\/span><\/p>\n<p>&#13;<\/p>\n<p style=\"text-align: justify;\"><span style=\"font-weight: 400;\">Festa Popular da Vila Camargo.<\/span><\/p>\n<p>&#13;<\/p>\n<p style=\"text-align: justify;\"><span style=\"font-weight: 400;\">Entrada: Gratuita.<\/span><\/p>\n<p>&#13;<\/p>\n<p style=\"text-align: justify;\"><span style=\"font-weight: 400;\">Classifica\u00e7\u00e3o: Livre.<\/span><\/p>\n<p>&#13;<\/p>\n<p style=\"text-align: justify;\"><span style=\"font-weight: 400;\">Realiza\u00e7\u00e3o: Par\u00f3quia S\u00e3o Jos\u00e9, com apoio da Prefeitura, por meio da Secretaria de Cultura.<\/span><\/p>\n<p>&#13;<\/p>\n<p>\u00a0<\/p>\n<p>&#13;<\/p>\n<p style=\"text-align: justify;\"><strong>Evento: Festa do Trabalhador\u00a0<\/strong><\/p>\n<p>&#13;<\/p>\n<p style=\"text-align: justify;\"><span style=\"font-weight: 400;\">Quarta-feira (1\u00ba), \u00e0s 10h &#8211; Horto Florestal<\/span><\/p>\n<p>&#13;<\/p>\n<p style=\"text-align: justify;\"><span style=\"font-weight: 400;\">O evento traz as atra\u00e7\u00f5es musicais: Breno e Rafael, Power Trio e Lucas Ribeiro e Juliane. A estrutura conta com Pra\u00e7a de Alimenta\u00e7\u00e3o, al\u00e9m de pula pula, escorrega, pipocas e algod\u00e3o doce para as crian\u00e7as.<\/span><\/p>\n<p>&#13;<\/p>\n<p style=\"text-align: justify;\"><span style=\"font-weight: 400;\">Entrada: Gratuita.<\/span><\/p>\n<p>&#13;<\/p>\n<p style=\"text-align: justify;\"><span style=\"font-weight: 400;\">Classifica\u00e7\u00e3o: Livre.<\/span><\/p>\n<p>&#13;<\/p>\n<p style=\"text-align: justify;\"><span style=\"font-weight: 400;\">Realiza\u00e7\u00e3o: Prefeitura, por meio da Secretaria de Cultura.<\/span><\/p>\n<p>&#13;<\/p>\n<p>\u00a0<\/p>\n<p>&#13;<\/p>\n<p style=\"text-align: justify;\"><strong>Evento: 6\u00ba Torneio de Futebol Feminino<\/strong><\/p>\n<p>&#13;<\/p>\n<p style=\"text-align: justify;\"><span style=\"font-weight: 400;\">Quarta-feira (1\u00ba), das 8h \u00e0s 17h &#8211; \u00c1rea de Lazer Jo\u00e3o Antero do Carmo, Rua Arlina de Abreu Ribeiro, Parque Hip\u00f3lito<\/span><\/p>\n<p>&#13;<\/p>\n<p style=\"text-align: justify;\"><span style=\"font-weight: 400;\">Torneio de futebol feminino.<\/span><\/p>\n<p>&#13;<\/p>\n<p style=\"text-align: justify;\"><span style=\"font-weight: 400;\">Entrada: Gratuita.<\/span><\/p>\n<p>&#13;<\/p>\n<p style=\"text-align: justify;\"><span style=\"font-weight: 400;\">Realiza\u00e7\u00e3o: Par\u00f3quia St. Izabel e Amphe Associa\u00e7\u00e3o de Moradores, com apoio da Prefeitura, por meio da Secretaria de Cultura.<\/span><\/p>\n<p>&#13;<\/p>\n<p>\u00a0<\/p>\n<p>&#13;<\/p>\n<p style=\"text-align: justify;\"><strong>M\u00fasica: Elvis In Concert<\/strong><\/p>\n<p>&#13;<\/p>\n<p style=\"text-align: justify;\"><span style=\"font-weight: 400;\">Quinta-feira (2), \u00e0s 20h &#8211; <\/span><span style=\"font-weight: 400;\">Teatro Vit\u00f3ria Emiliano Bernardo da Silva<\/span><\/p>\n<p>&#13;<\/p>\n<p style=\"text-align: justify;\"><span style=\"font-weight: 400;\">John Elvis Artistic Performance e sua banda Memphis Tennessee apresentam c\u00f3pias fieis do Rei do Rock com uma grande produ\u00e7\u00e3o, reunindo os principais sucessos de Elvis.<\/span><\/p>\n<p>&#13;<\/p>\n<p style=\"text-align: justify;\"><span style=\"font-weight: 400;\">Entrada: Plateia &#8211; R$ 80 (inteira) e R$ 40 (meia-entrada e antecipado at\u00e9 dia 01\/05). Mezanino &#8211; R$ 60 (inteira), R$ 30 (meia-entrada) e R$ 40 (antecipado at\u00e9 dia 01\/05).<\/span><\/p>\n<p>&#13;<\/p>\n<p style=\"text-align: justify;\"><span style=\"font-weight: 400;\">Classifica\u00e7\u00e3o: A partir de 4 anos.<\/span><\/p>\n<p>&#13;<\/p>\n<p style=\"text-align: justify;\"><span style=\"font-weight: 400;\">Realiza\u00e7\u00e3o: Enterprise Produ\u00e7\u00f5es Art\u00edstica, com o apoio da Prefeitura, por meio da Secretaria de Cultura.<\/span><\/p>\n<p>&#13;<\/p>\n<p style=\"text-align: justify;\"><span style=\"font-weight: 400;\">Dura\u00e7\u00e3o: 90 min.\u00a0<\/span><\/p>\n<p>&#13;<\/p>\n<p>\u00a0<\/p>\n<p>&#13;<\/p>\n<p style=\"text-align: justify;\"><strong>M\u00fasica: Broadway Nights, o Musical<\/strong><\/p>\n<p>&#13;<\/p>\n<p style=\"text-align: justify;\"><span style=\"font-weight: 400;\">Sexta-feira (3), \u00e0s 20h &#8211; <\/span><span style=\"font-weight: 400;\">Teatro Vit\u00f3ria Emiliano Bernardo da Silva<\/span><\/p>\n<p>&#13;<\/p>\n<p style=\"text-align: justify;\"><span style=\"font-weight: 400;\">O espet\u00e1culo traz aos palcos os maiores sucessos dos grandes musicais e do cinema. Quem nunca dan\u00e7ou ao som de \u201cGrease\u201d, se emocionou com \u201cO Fantasma da \u00d3pera\u201d ou sorriu ouvindo &#8220;New York, New York&#8221;? Essas s\u00e3o apenas algumas das can\u00e7\u00f5es apresentadas. O cen\u00e1rio, coreografias, trocas de figurinos e proje\u00e7\u00f5es ambientando os n\u00fameros musicais, faz com que todos tenham a sensa\u00e7\u00e3o de estarem em uma noite na Broadway.<\/span><\/p>\n<p>&#13;<\/p>\n<p style=\"text-align: justify;\"><span style=\"font-weight: 400;\">Entrada: Plateia &#8211; R$ 150 (inteira), R$ 75 (meia-entrada) e R$ 100 (ingresso solid\u00e1rio \u2013 1kg de alimento n\u00e3o perec\u00edvel). Mezanino &#8211; R$ 120 (inteira), R$ 60 (meia-entrada) e R$ 80 (ingresso solid\u00e1rio \u2013 1kg de alimento n\u00e3o perec\u00edvel).<\/span><\/p>\n<p>&#13;<\/p>\n<p style=\"text-align: justify;\"><span style=\"font-weight: 400;\">Classifica\u00e7\u00e3o: Livre.<\/span><\/p>\n<p>&#13;<\/p>\n<p style=\"text-align: justify;\"><span style=\"font-weight: 400;\">Realiza\u00e7\u00e3o: GT Teatro, com o apoio da Prefeitura, por meio da Secretaria de Cultura.<\/span><\/p>\n<p>&#13;<\/p>\n<p style=\"text-align: justify;\"><span style=\"font-weight: 400;\">Dura\u00e7\u00e3o: 80 min.<\/span><\/p>\n<p>&#13;<\/p>\n<p>\u00a0<\/p>\n<p>&#13;<\/p>\n<p style=\"text-align: justify;\"><strong>M\u00fasica: Uma Sauda\u00e7\u00e3o a Whitney Houston<\/strong><\/p>\n<p>&#13;<\/p>\n<p style=\"text-align: justify;\"><span style=\"font-weight: 400;\">S\u00e1bado (4), \u00e0s 20h &#8211; <\/span><span style=\"font-weight: 400;\">Teatro Vit\u00f3ria Emiliano Bernardo da Silva<\/span><\/p>\n<p>&#13;<\/p>\n<p style=\"text-align: justify;\"><span style=\"font-weight: 400;\">O espet\u00e1culo traz a talentosa atriz e cantora Claudia Nascimento como destaque, encantando o p\u00fablico com suas interpreta\u00e7\u00f5es envolventes das can\u00e7\u00f5es de Whitney Houston.<\/span><\/p>\n<p>&#13;<\/p>\n<p style=\"text-align: justify;\"><span style=\"font-weight: 400;\">Entrada: Plateia &#8211; R$ 30 (inteira) e R$ 15 (meia-entrada). Mezanino &#8211; R$ 20 (inteira) e R$ 10 (meia-entrada).<\/span><\/p>\n<p>&#13;<\/p>\n<p style=\"text-align: justify;\"><span style=\"font-weight: 400;\">Classifica\u00e7\u00e3o: Livre.<\/span><\/p>\n<p>&#13;<\/p>\n<p style=\"text-align: justify;\"><span style=\"font-weight: 400;\">Realiza\u00e7\u00e3o: Bonin Produ\u00e7\u00f5es, com o apoio da Prefeitura, por meio da Secretaria de Cultura.<\/span><\/p>\n<p>&#13;<\/p>\n<p style=\"text-align: justify;\"><span style=\"font-weight: 400;\">Dura\u00e7\u00e3o: 110 min.<\/span><\/p>\n<p>&#13;<\/p>\n<p>\u00a0<\/p>\n<p>&#13;<\/p>\n<p style=\"text-align: justify;\"><strong>Exposi\u00e7\u00e3o: Margens<\/strong><\/p>\n<p>&#13;<\/p>\n<p>De 6 de maio a 3 de junho, das 12h \u00e0s 17h &#8211; Museu Major Jos\u00e9 Levy Sobrinho<\/p>\n<p>&#13;<\/p>\n<p style=\"text-align: justify;\"><span style=\"font-weight: 400;\">De 6 de maio a 3 de junho, das 12h \u00e0s 17h &#8211; <\/span><span style=\"font-weight: 400;\">Museu Major Jos\u00e9 Levy Sobrinho<\/span><\/p>\n<p>&#13;<\/p>\n<p style=\"text-align: justify;\"><span style=\"font-weight: 400;\">Doze artistas apresentam suas obras, criadas a partir de seu repert\u00f3rio de interven\u00e7\u00f5es urbanas, refletindo sobre identidade, origens e a ocupa\u00e7\u00e3o da cidade. A partir dessa diversidade de estilos, t\u00e9cnicas e linguagens, a exibi\u00e7\u00e3o promove o di\u00e1logo sobre a contribui\u00e7\u00e3o desses artistas para uma cidade mais democr\u00e1tica e aberta \u00e0 criatividade de seus cidad\u00e3os A exposi\u00e7\u00e3o \u00e9 um projeto do artista e arte-educador Paulo Ricardo da Silva (Medo), com curadoria de Allan Louren\u00e7o. Participam da exposi\u00e7\u00e3o os artistas: CBL, Eiki, Giovana Angelo, Harry, Iguais, Isabella Bernini, Kpia, Luz, Marcinho Lira, Medo, Sarah Fernandes e Wesler Machado Alma.<\/span><\/p>\n<p>&#13;<\/p>\n<p style=\"text-align: justify;\"><span style=\"font-weight: 400;\">Entrada: Gratuita.<\/span><\/p>\n<p>&#13;<\/p>\n<p style=\"text-align: justify;\"><span style=\"font-weight: 400;\">Classifica\u00e7\u00e3o: Livre.<\/span><\/p>\n<p>&#13;<\/p>\n<p style=\"text-align: justify;\"><span style=\"font-weight: 400;\">Realiza\u00e7\u00e3o: Lei Paulo Gustavo pelo Minist\u00e9rio da Cultura, com apoio da Prefeitura, por meio da Secretaria de Cultura.<\/span><\/p>\n<p>&#13;<\/p>\n<p>\u00a0<\/p>\n<p>&#13;<\/p>\n<p style=\"text-align: justify;\"><strong>Evento: Festividade em Louvor a Nossa Sra. do Ros\u00e1rio de F\u00e1tima<\/strong><\/p>\n<p>&#13;<\/p>\n<p style=\"text-align: justify;\"><span style=\"font-weight: 400;\">Dias 4, 5, 11, 12 e 13, \u00e0s 19h &#8211; Comunidade Nossa Sra. do Ros\u00e1rio de F\u00e1tima, Jardim Planalto<\/span><\/p>\n<p>&#13;<\/p>\n<p style=\"text-align: justify;\"><span style=\"font-weight: 400;\">Festa Popular da Comunidade Nossa Sra. do Ros\u00e1rio de F\u00e1tima.<\/span><\/p>\n<p>&#13;<\/p>\n<p style=\"text-align: justify;\"><span style=\"font-weight: 400;\">Entrada: Gratuita.<\/span><\/p>\n<p>&#13;<\/p>\n<p style=\"text-align: justify;\"><span style=\"font-weight: 400;\">Classifica\u00e7\u00e3o: Livre.<\/span><\/p>\n<p>&#13;<\/p>\n<p style=\"text-align: justify;\"><span style=\"font-weight: 400;\">Realiza\u00e7\u00e3o: Comunidade Nossa Sra. do Ros\u00e1rio de F\u00e1tima, com apoio da Prefeitura, por meio da Secretaria de Cultura.<\/span><\/p>\n<p>&#13;<\/p>\n<p>\u00a0<\/p>\n<p>&#13;<\/p>\n<p style=\"text-align: justify;\"><strong>Evento: Festa Popular da Par\u00f3quia Santa Rita<\/strong><\/p>\n<p>&#13;<\/p>\n<p style=\"text-align: justify;\"><span style=\"font-weight: 400;\">Dias 4, 5, 11, 12, 18, 19, 22, 25 e 26, \u00e0s 18h &#8211; Av. Dr. Fabr\u00edcio Vampr\u00e9, 405, Jardim Piratininga<\/span><\/p>\n<p>&#13;<\/p>\n<p style=\"text-align: justify;\"><span style=\"font-weight: 400;\">Festa popular da Par\u00f3quia Santa Rita.<\/span><\/p>\n<p>&#13;<\/p>\n<p style=\"text-align: justify;\"><span style=\"font-weight: 400;\">Entrada: Gratuita.<\/span><\/p>\n<p>&#13;<\/p>\n<p style=\"text-align: justify;\"><span style=\"font-weight: 400;\">Classifica\u00e7\u00e3o: Livre.<\/span><\/p>\n<p>&#13;<\/p>\n<p style=\"text-align: justify;\"><span style=\"font-weight: 400;\">Realiza\u00e7\u00e3o: Par\u00f3quia Santa Rita, com apoio da Prefeitura, por meio da Secretaria de Cultura.<\/span><\/p>\n<p>&#13;<\/p>\n<p>\u00a0<\/p>\n<p>&#13;<\/p>\n<p style=\"text-align: justify;\"><strong>Evento: Festa Popular da Par\u00f3quia Sagrada Fam\u00edlia<\/strong><\/p>\n<p>&#13;<\/p>\n<p style=\"text-align: justify;\"><span style=\"font-weight: 400;\">Dias 4, 5, 11, 12, 18, 19, 25 e 26, \u00e0s 19h &#8211; Rua Joaquim In\u00e1cio de Campos, Jardim Montezuma<\/span><\/p>\n<p>&#13;<\/p>\n<p style=\"text-align: justify;\"><span style=\"font-weight: 400;\">Festa popular da Par\u00f3quia Sagrada Fam\u00edlia.<\/span><\/p>\n<p>&#13;<\/p>\n<p style=\"text-align: justify;\"><span style=\"font-weight: 400;\">Entrada: Gratuita.<\/span><\/p>\n<p>&#13;<\/p>\n<p style=\"text-align: justify;\"><span style=\"font-weight: 400;\">Realiza\u00e7\u00e3o: Par\u00f3quia Sagrada Fam\u00edlia, com apoio da Prefeitura, por meio da Secretaria de Cultura.<\/span><\/p>\n<p>&#13;<\/p>\n<p>\u00a0<\/p>\n<p>&#13;<\/p>\n<p style=\"text-align: justify;\"><strong>Evento: Festa Popular da Par\u00f3quia Nossa Senhora de F\u00e1tima<\/strong><\/p>\n<p>&#13;<\/p>\n<p style=\"text-align: justify;\"><span style=\"font-weight: 400;\">Dias 4, 5, 10, 11 e 13, \u00e0s 19h &#8211; Rua Prof. Facunda Lange Adrien, 453, Jardim Senador Vergueiro<\/span><\/p>\n<p>&#13;<\/p>\n<p style=\"text-align: justify;\"><span style=\"font-weight: 400;\">Festa Popular da Par\u00f3quia Nossa Senhora de F\u00e1tima.<\/span><\/p>\n<p>&#13;<\/p>\n<p style=\"text-align: justify;\"><span style=\"font-weight: 400;\">Entrada: Gratuita.<\/span><\/p>\n<p>&#13;<\/p>\n<p style=\"text-align: justify;\"><span style=\"font-weight: 400;\">Classifica\u00e7\u00e3o: Livre.<\/span><\/p>\n<p>&#13;<\/p>\n<p style=\"text-align: justify;\"><span style=\"font-weight: 400;\">Realiza\u00e7\u00e3o: Par\u00f3quia Nossa Senhora de F\u00e1tima, com apoio da Prefeitura, por meio da Secretaria de Cultura.<\/span><\/p>\n<p>&#13;<\/p>\n<p>\u00a0<\/p>\n<p>&#13;<\/p>\n<p style=\"text-align: justify;\"><strong>M\u00fasica: Retreta Dominical com Henrique Marques<\/strong><\/p>\n<p>&#13;<\/p>\n<p style=\"text-align: justify;\"><span style=\"font-weight: 400;\">Domingo (5), \u00e0s 10h30 &#8211; Pra\u00e7a Toledo Barros<\/span><\/p>\n<p>&#13;<\/p>\n<p style=\"text-align: justify;\"><span style=\"font-weight: 400;\">A Banda Henrique Marques se apresenta no coreto da pra\u00e7a Toledo Barros, na tradicional retreta dominical. No programa, obras da m\u00fasica instrumental e popular brasileira, como parte do fomento cultural local.<\/span><\/p>\n<p>&#13;<\/p>\n<p style=\"text-align: justify;\"><span style=\"font-weight: 400;\">Entrada: Gratuita.<\/span><\/p>\n<p>&#13;<\/p>\n<p style=\"text-align: justify;\"><span style=\"font-weight: 400;\">Classifica\u00e7\u00e3o: Livre\u00a0<\/span><\/p>\n<p>&#13;<\/p>\n<p style=\"text-align: justify;\"><span style=\"font-weight: 400;\">Realiza\u00e7\u00e3o: Prefeitura, por meio da Secretaria de Cultura.<\/span><\/p>\n<p>&#13;<\/p>\n<p>\u00a0<\/p>\n<p>&#13;<\/p>\n<p style=\"text-align: justify;\"><strong>Stand-up: Padre Patrick em Fora da Caixinha<\/strong><\/p>\n<p>&#13;<\/p>\n<p style=\"text-align: justify;\"><span style=\"font-weight: 400;\">Domingo (5), \u00e0s 19h &#8211; <\/span><span style=\"font-weight: 400;\">Teatro Vit\u00f3ria Emiliano Bernardo da Silva<\/span><\/p>\n<p>&#13;<\/p>\n<p style=\"text-align: justify;\"><span style=\"font-weight: 400;\">Em \u201cFora da Caixinha\u201d, Padre Patrick d\u00e1 conselhos de forma leve e bem-humorada, respondendo perguntas com uma linguagem popular. Ele leva ao p\u00fablico reflex\u00f5es sobre a verdadeira felicidade e conta, de forma leve e descontra\u00edda, assuntos ligados ao relacionamento das pessoas com Deus.\u00a0<\/span><\/p>\n<p>&#13;<\/p>\n<p style=\"text-align: justify;\"><span style=\"font-weight: 400;\">Entrada: Plateia &#8211; R$ 90 (inteira), R$ 45 (meia-entrada e Clube GT) e R$ 70 (ingresso solid\u00e1rio \u2013 1kg de alimento n\u00e3o perec\u00edvel). Mezanino &#8211; R$ 70 (inteira), R$ 35 (meia-entrada e Clube GT) e R$ 50 (ingresso solid\u00e1rio \u2013 1kg de alimento n\u00e3o perec\u00edvel).<\/span><\/p>\n<p>&#13;<\/p>\n<p style=\"text-align: justify;\"><span style=\"font-weight: 400;\">Classifica\u00e7\u00e3o: Livre.<\/span><\/p>\n<p>&#13;<\/p>\n<p style=\"text-align: justify;\"><span style=\"font-weight: 400;\">Realiza\u00e7\u00e3o: Teatro GT, com o apoio da Prefeitura, por meio da Secretaria de Cultura.<\/span><\/p>\n<p>&#13;<\/p>\n<p style=\"text-align: justify;\"><span style=\"font-weight: 400;\">Dura\u00e7\u00e3o: 60 min.\u00a0<\/span><\/p>\n<p>&#13;<\/p>\n<p style=\"text-align: justify;\"><strong>Evento: Corpo e Voz &#8211; Viv\u00eancia Quilombola<\/strong><\/p>\n<p>&#13;<\/p>\n<p style=\"text-align: justify;\"><span style=\"font-weight: 400;\">Segunda-feira (6), \u00e0s 19h &#8211; Escola M\u00e1rio Covas<\/span><\/p>\n<p>&#13;<\/p>\n<p style=\"text-align: justify;\"><span style=\"font-weight: 400;\">Ter\u00e7a-feira (7), \u00e0s 19h &#8211; Escola M\u00e1rio Covas<\/span><\/p>\n<p>&#13;<\/p>\n<p style=\"text-align: justify;\"><span style=\"font-weight: 400;\">Quarta-feira (8), \u00e0s 19h &#8211; Escola M\u00e1rio Covas<\/span><\/p>\n<p>&#13;<\/p>\n<p style=\"text-align: justify;\"><span style=\"font-weight: 400;\">O \u201cCorpo e Voz &#8211; Viv\u00eancia Quilombola\u201d \u00e9 um evento dividido em tr\u00eas partes consecutivas de livre escolha para a participa\u00e7\u00e3o. Na segunda (6), o evento se prop\u00f5e a oferecer uma experi\u00eancia imersiva nas pr\u00e1ticas culturais do quilombo mineiro Quilombo do A\u00e7ude, localizado na Serra do Cip\u00f3, por meio de atividades te\u00f3ricas e pr\u00e1ticas que incluem a exibi\u00e7\u00e3o do document\u00e1rio \u201cCandombe do A\u00e7ude: um passado contado pelo canto\u201d, roda de conversa com o cineasta Danilo Candombe e oficina de dan\u00e7a (Curimba) e teatro. Na ter\u00e7a (7), acontece a Oficina de Curimba, explorando a m\u00fasica e a dan\u00e7a como formas de express\u00e3o e resist\u00eancia, aberta para toda a popula\u00e7\u00e3o. J\u00e1 na quarta (8), tem Oficina de Teatro com jogos e brincadeiras destinada \u00e0s crian\u00e7as da escola M\u00e1rio Covas, introduzindo-as \u00e0 express\u00e3o art\u00edstica. Convidamos a comunidade de Limeira, incluindo alunos, professores, pais, e todos os interessados em enriquecer seus conhecimentos e viv\u00eancias culturais, a participar deste evento singular.<\/span><\/p>\n<p>&#13;<\/p>\n<p style=\"text-align: justify;\"><span style=\"font-weight: 400;\">Entrada:<\/span> <span style=\"font-weight: 400;\">Gratuita, mediante inscri\u00e7\u00e3o pelo link <\/span><a href=\"https:\/\/forms.gle\/mu1jLzVqHzLAZW8M7\" rel=\"noopener\"><span style=\"font-weight: 400;\">https:\/\/forms.gle\/mu1jLzVqHzLAZW8M7<\/span><\/a><\/p>\n<p>&#13;<\/p>\n<p style=\"text-align: justify;\"><span style=\"font-weight: 400;\">Classifica\u00e7\u00e3o:\u00a0 Livre.<\/span><\/p>\n<p>&#13;<\/p>\n<p style=\"text-align: justify;\"><span style=\"font-weight: 400;\">Realiza\u00e7\u00e3o: Lei Paulo Gustavo pelo Minist\u00e9rio da Cultura, com apoio da Prefeitura, por meio da Secretaria de Cultura, e Escola M\u00e1rio Covas.<\/span><\/p>\n<p>&#13;<br \/>\n&#13;<br \/>\n&#13;<br \/>\n&#13;<\/p>\n<aside class=\"list-related no-print\">&#13;<br \/>\n        &#13;<br \/>\n&#13;<\/p>\n<article class=\"list-item noticias \">&#13;<br \/>\n                    <a class=\"list-item__img\" href=\"https:\/\/limeira.sp.gov.br\/imprensa\/noticias\/cultura\/dia-do-trabalho-altera-servicos-da-prefeitura-de-limeira\" tabindex=\"-1\" aria-hidden=\"true\" rel=\"noopener\">&#13;<br \/>\n                        <img data-recalc-dims=\"1\" decoding=\"async\" src=\"https:\/\/i0.wp.com\/ecrie.com.br\/sistema\/conteudos\/imagem\/m_137_0_1_29042024173843.jpg?w=696&#038;ssl=1\" alt=\"Dia do Trabalho altera servi\u00e7os da Prefeitura de Limeira\"\/>&#13;<br \/>\n                    <\/a>&#13;<br \/>\n&#13;<br \/>\n                &#13;<br \/>\n            <\/article>\n<p>&#13;<\/p>\n<article class=\"list-item noticias \">&#13;<br \/>\n                    <a class=\"list-item__img\" href=\"https:\/\/limeira.sp.gov.br\/imprensa\/noticias\/cultura\/secretaria-da-cultura-realiza-festa-do-trabalhador-no-horto-florestal\" tabindex=\"-1\" aria-hidden=\"true\" rel=\"noopener\">&#13;<br \/>\n                        <img data-recalc-dims=\"1\" decoding=\"async\" src=\"https:\/\/i0.wp.com\/ecrie.com.br\/sistema\/conteudos\/imagem\/m_137_0_1_23042024090954.jpeg?w=696&#038;ssl=1\" alt=\"Secretaria da Cultura realiza Festa do Trabalhador no Horto Florestal\"\/>&#13;<br \/>\n                    <\/a>&#13;<br \/>\n&#13;<br \/>\n                &#13;<br \/>\n            <\/article>\n<p>&#13;<\/p>\n<article class=\"list-item noticias \">&#13;<br \/>\n                    <a class=\"list-item__img\" href=\"https:\/\/limeira.sp.gov.br\/imprensa\/noticias\/cultura\/escola-sonho-musical-se-apresenta-no-teatro-vitoria\" tabindex=\"-1\" aria-hidden=\"true\" rel=\"noopener\">&#13;<br \/>\n                        <img data-recalc-dims=\"1\" decoding=\"async\" src=\"https:\/\/i0.wp.com\/ecrie.com.br\/sistema\/conteudos\/imagem\/m_137_0_1_26042024130520.jpeg?w=696&#038;ssl=1\" alt=\"Escola Sonho Musical se apresenta no Teatro Vit\u00f3ria\"\/>&#13;<br \/>\n                    <\/a>&#13;<br \/>\n&#13;<br \/>\n                &#13;<br \/>\n            <\/article>\n<p>&#13;<br \/>\n    <\/aside>\n<p>&#13;<br \/>\n&#13;\n            <\/p><\/div>\n<p><br \/>\n<br \/><a href=\"https:\/\/limeira.sp.gov.br\/programacao-da-semana-conta-com-a-festa-do-trabalhador-espetaculos-de-musica-e-outros-eventos\" rel=\"noopener\">Informa\u00e7\u00f5es da PML <\/a><\/p>\n","protected":false},"excerpt":{"rendered":"<p>&#13; &#13; &#13; &#13; &#13; &#13; &#13; A agenda cultural traz para feriado, no dia 1\u00ba de maio, a Festa do Trabalhador, no Horto Florestal, \u00e0s 10h. O evento conta com atra\u00e7\u00f5es art\u00edsticas, pra\u00e7a de alimenta\u00e7\u00e3o e divertimento para as crian\u00e7as. &#13; Tamb\u00e9m acontecem espet\u00e1culos musicais com \u201cElvis In Concert\u201d, \u201cBroadway Nights\u201d e \u201cUma Sauda\u00e7\u00e3o [&hellip;]<\/p>\n","protected":false},"author":1,"featured_media":677,"comment_status":"open","ping_status":"open","sticky":false,"template":"","format":"standard","meta":{"_jetpack_newsletter_access":"","_jetpack_dont_email_post_to_subs":false,"_jetpack_newsletter_tier_id":0,"_jetpack_memberships_contains_paywalled_content":false,"_mbp_banners":[],"_jetpack_feature_clip_id":0,"_jetpack_memberships_contains_paid_content":false,"footnotes":"","jetpack_publicize_message":"","jetpack_publicize_feature_enabled":true,"jetpack_social_post_already_shared":true,"jetpack_social_options":{"image_generator_settings":{"template":"highway","default_image_id":0,"font":"","enabled":false},"version":2},"jetpack_post_was_ever_published":false},"categories":[16],"tags":[],"class_list":["post-3135","post","type-post","status-publish","format-standard","has-post-thumbnail","category-local"],"jetpack_publicize_connections":[],"jetpack-related-posts":[],"jetpack_shortlink":"https:\/\/wp.me\/p7Eq1F-Oz","jetpack_sharing_enabled":true,"jetpack_featured_media_url":"https:\/\/i0.wp.com\/guialimeira.com.br\/news\/wp-content\/uploads\/2024\/04\/m_137_0_1_21032024140937.jpg?fit=900%2C600&ssl=1","_links":{"self":[{"href":"https:\/\/guialimeira.com.br\/news\/wp-json\/wp\/v2\/posts\/3135","targetHints":{"allow":["GET"]}}],"collection":[{"href":"https:\/\/guialimeira.com.br\/news\/wp-json\/wp\/v2\/posts"}],"about":[{"href":"https:\/\/guialimeira.com.br\/news\/wp-json\/wp\/v2\/types\/post"}],"author":[{"embeddable":true,"href":"https:\/\/guialimeira.com.br\/news\/wp-json\/wp\/v2\/users\/1"}],"replies":[{"embeddable":true,"href":"https:\/\/guialimeira.com.br\/news\/wp-json\/wp\/v2\/comments?post=3135"}],"version-history":[{"count":0,"href":"https:\/\/guialimeira.com.br\/news\/wp-json\/wp\/v2\/posts\/3135\/revisions"}],"wp:featuredmedia":[{"embeddable":true,"href":"https:\/\/guialimeira.com.br\/news\/wp-json\/wp\/v2\/media\/677"}],"wp:attachment":[{"href":"https:\/\/guialimeira.com.br\/news\/wp-json\/wp\/v2\/media?parent=3135"}],"wp:term":[{"taxonomy":"category","embeddable":true,"href":"https:\/\/guialimeira.com.br\/news\/wp-json\/wp\/v2\/categories?post=3135"},{"taxonomy":"post_tag","embeddable":true,"href":"https:\/\/guialimeira.com.br\/news\/wp-json\/wp\/v2\/tags?post=3135"}],"curies":[{"name":"wp","href":"https:\/\/api.w.org\/{rel}","templated":true}]}}