{"id":31341,"date":"2025-04-24T08:32:44","date_gmt":"2025-04-24T11:32:44","guid":{"rendered":"https:\/\/guialimeira.com.br\/2025\/04\/24\/incendio-florestal-em-nova-jersey-pode-se-tornar-o-maior-do-estado\/"},"modified":"2025-04-24T08:32:44","modified_gmt":"2025-04-24T11:32:44","slug":"incendio-florestal-em-nova-jersey-pode-se-tornar-o-maior-do-estado","status":"publish","type":"post","link":"https:\/\/guialimeira.com.br\/news\/incendio-florestal-em-nova-jersey-pode-se-tornar-o-maior-do-estado\/","title":{"rendered":"Inc\u00eandio florestal em Nova Jersey pode se tornar o maior do estado"},"content":{"rendered":"<p> <br \/>\n<\/p>\n<div>\n<p>Um inc\u00eandio florestal extenso em Pinelands, em Nova Jersey, pr\u00f3ximo a cidades litor\u00e2neas\u00a0do Oceano Atl\u00e2ntico, pode se tornar o maior do estado em cerca de 20 anos, j\u00e1 tendo consumido cerca de 4.700 hectares, informaram\u00a0autoridades.\u00a0<img data-recalc-dims=\"1\" decoding=\"async\" src=\"https:\/\/i0.wp.com\/agenciabrasil.ebc.com.br\/ebc.png?w=696&#038;ssl=1\" style=\"width:1px; height:1px; display:inline;\"\/><img data-recalc-dims=\"1\" decoding=\"async\" src=\"https:\/\/i0.wp.com\/agenciabrasil.ebc.com.br\/ebc.gif?w=696&#038;ssl=1\" style=\"width:1px; height:1px; display:inline;\"\/><\/p>\n<p>O inc\u00eandio florestal de Jones Road se espalhou em menos de 24 horas\u00a0e estava 30% contido, disse\u00a0o Servi\u00e7o de Bombeiros de Nova Jersey em postagem na rede X. Acrescentou que o fogo n\u00e3o\u00a0est\u00e1\u00a0mais amea\u00e7ando \u00e1reas povoadas.<\/p>\n<p>O inc\u00eandio pode se tornar o maior de Nova Jersey em cerca de 20 anos, informou\u00a0Shawn LaTourette, comiss\u00e1rio de prote\u00e7\u00e3o ambiental do estado. Um inc\u00eandio em maio de 2007 na mesma \u00e1rea consumiu cerca de 6.900 hectares.<\/p>\n<p>A vice-governadora Tahesha Way decretou estado de emerg\u00eancia nessa\u00a0quarta-feira, j\u00e1 que\u00a0o governador Phil Murphy est\u00e1 em viagem ao exterior.<\/p>\n<p>&#8220;Neste momento, n\u00e3o houve perda de vidas e nenhuma casa foi danificada&#8221;, disse Way no X na manh\u00e3 dessa quarta.<\/p>\n<p>At\u00e9 agora, em 2025, Nova Jersey teve quase o dobro de inc\u00eandios florestais do que o normal, com 662 inc\u00eandios florestais queimando 6.700 hectares.<\/p>\n<p>O inc\u00eandio come\u00e7ou na ter\u00e7a-feira na Greenwood Forest Wildlife Management Area, perto dos munic\u00edpios de Lacey, Ocean e Barnegat, no condado de Ocean, aproximadamente na metade do caminho entre Asbury Park e Atlantic City. A \u00e1rea, com popula\u00e7\u00e3o estimada\u00a0de 64 mil\u00a0habitantes, fica a cerca de 24 quil\u00f4metros da costa do Oceano Atl\u00e2ntico.<\/p>\n<p>Os moradores foram for\u00e7ados a deixar suas moradias na ter\u00e7a-feira, mas as ordens de retirada foram suspensas ontem. Al\u00e9m disso, um trecho da Garden State Parkway, uma importante rodovia norte-sul, foi fechado na ter\u00e7a-feira, mas reaberta\u00a0nessa quarta.<\/p>\n<p>A causa do inc\u00eandio continua sendo investigada, e n\u00e3o h\u00e1 um cronograma para a conten\u00e7\u00e3o total.<\/p>\n<p>Espera-se que o fogo continue a queimar por v\u00e1rios dias at\u00e9 que chova, disseram os bombeiros de Nova Jersey.<\/p>\n<p><em><strong>*\u00c9 proibida a reprodu\u00e7\u00e3o deste conte\u00fado.<\/strong><\/em><\/p>\n<p>      <!-- Relacionada --><\/p>\n<p>            <!-- Relacionada -->\n    <\/div>\n<p><br \/>\n<br \/><a href=\"https:\/\/agenciabrasil.ebc.com.br\/internacional\/noticia\/2025-04\/incendio-florestal-em-nova-jersey-pode-se-tornar-o-maior-do-estado\" rel=\"noopener\">Ag\u00eancia Brasil <\/a><\/p>\n","protected":false},"excerpt":{"rendered":"<p>Um inc\u00eandio florestal extenso em Pinelands, em Nova Jersey, pr\u00f3ximo a cidades litor\u00e2neas\u00a0do Oceano Atl\u00e2ntico, pode se tornar o maior do estado em cerca de 20 anos, j\u00e1 tendo consumido cerca de 4.700 hectares, informaram\u00a0autoridades.\u00a0 O inc\u00eandio florestal de Jones Road se espalhou em menos de 24 horas\u00a0e estava 30% contido, disse\u00a0o Servi\u00e7o de Bombeiros [&hellip;]<\/p>\n","protected":false},"author":1,"featured_media":31342,"comment_status":"open","ping_status":"open","sticky":false,"template":"","format":"standard","meta":{"_jetpack_newsletter_access":"","_jetpack_dont_email_post_to_subs":false,"_jetpack_newsletter_tier_id":0,"_jetpack_memberships_contains_paywalled_content":false,"_mbp_banners":[],"_jetpack_feature_clip_id":0,"_jetpack_memberships_contains_paid_content":false,"footnotes":"","jetpack_publicize_message":"","jetpack_publicize_feature_enabled":true,"jetpack_social_post_already_shared":true,"jetpack_social_options":{"image_generator_settings":{"template":"highway","default_image_id":0,"font":"","enabled":false},"version":2},"jetpack_post_was_ever_published":false},"categories":[25],"tags":[],"class_list":["post-31341","post","type-post","status-publish","format-standard","has-post-thumbnail","category-internacional"],"jetpack_publicize_connections":[],"jetpack-related-posts":[],"jetpack_shortlink":"https:\/\/wp.me\/p7Eq1F-89v","jetpack_sharing_enabled":true,"jetpack_featured_media_url":"https:\/\/i0.wp.com\/guialimeira.com.br\/news\/wp-content\/uploads\/2025\/04\/incendio-california-reuters.jpg?fit=1600%2C800&ssl=1","_links":{"self":[{"href":"https:\/\/guialimeira.com.br\/news\/wp-json\/wp\/v2\/posts\/31341","targetHints":{"allow":["GET"]}}],"collection":[{"href":"https:\/\/guialimeira.com.br\/news\/wp-json\/wp\/v2\/posts"}],"about":[{"href":"https:\/\/guialimeira.com.br\/news\/wp-json\/wp\/v2\/types\/post"}],"author":[{"embeddable":true,"href":"https:\/\/guialimeira.com.br\/news\/wp-json\/wp\/v2\/users\/1"}],"replies":[{"embeddable":true,"href":"https:\/\/guialimeira.com.br\/news\/wp-json\/wp\/v2\/comments?post=31341"}],"version-history":[{"count":0,"href":"https:\/\/guialimeira.com.br\/news\/wp-json\/wp\/v2\/posts\/31341\/revisions"}],"wp:featuredmedia":[{"embeddable":true,"href":"https:\/\/guialimeira.com.br\/news\/wp-json\/wp\/v2\/media\/31342"}],"wp:attachment":[{"href":"https:\/\/guialimeira.com.br\/news\/wp-json\/wp\/v2\/media?parent=31341"}],"wp:term":[{"taxonomy":"category","embeddable":true,"href":"https:\/\/guialimeira.com.br\/news\/wp-json\/wp\/v2\/categories?post=31341"},{"taxonomy":"post_tag","embeddable":true,"href":"https:\/\/guialimeira.com.br\/news\/wp-json\/wp\/v2\/tags?post=31341"}],"curies":[{"name":"wp","href":"https:\/\/api.w.org\/{rel}","templated":true}]}}