{"id":31288,"date":"2025-04-23T18:28:42","date_gmt":"2025-04-23T21:28:42","guid":{"rendered":"https:\/\/guialimeira.com.br\/2025\/04\/23\/wanna-brito-bate-recorde-mundial-no-arremesso-de-peso-paralimpico\/"},"modified":"2025-04-23T18:28:42","modified_gmt":"2025-04-23T21:28:42","slug":"wanna-brito-bate-recorde-mundial-no-arremesso-de-peso-paralimpico","status":"publish","type":"post","link":"https:\/\/guialimeira.com.br\/news\/wanna-brito-bate-recorde-mundial-no-arremesso-de-peso-paralimpico\/","title":{"rendered":"Wanna Brito bate recorde mundial no arremesso de peso paral\u00edmpico"},"content":{"rendered":"<p> <br \/>\n<\/p>\n<div>\n<p>A amapaense Wanna Brito deu mais uma prova de que \u00e9 um dos grandes nomes do atletismo brasileiro paral\u00edmpico na atualidade ao estabelecer o novo recorde mundial da prova de arremesso de peso da classe F32 (paralisia cerebral), nesta quarta-feira (23) no Centro de Treinamento Paral\u00edmpico, em S\u00e3o Paulo, durante a segunda fase do Desafio Brasil de Atletismo.<img data-recalc-dims=\"1\" decoding=\"async\" src=\"https:\/\/i0.wp.com\/agenciabrasil.ebc.com.br\/ebc.png?w=696&#038;ssl=1\" style=\"width:1px; height:1px; display:inline;\"\/><img data-recalc-dims=\"1\" decoding=\"async\" src=\"https:\/\/i0.wp.com\/agenciabrasil.ebc.com.br\/ebc.gif?w=696&#038;ssl=1\" style=\"width:1px; height:1px; display:inline;\"\/><\/p>\n<p>Wanna Brito conseguiu o feito com um lan\u00e7amento de 8,18 metros, tr\u00eas cent\u00edmetros a mais do que os 8,15 metros que a pr\u00f3pria amapaense alcan\u00e7ou na Primeira Fase do evento, realizada no \u00faltimo domingo (20) tamb\u00e9m no Centro de Treinamento Paral\u00edmpico, e com os quais j\u00e1 havia estabelecido um novo recorde mundial.<\/p>\n<blockquote class=\"twitter-tweet\" data-conversation=\"none\">\n<p dir=\"ltr\" lang=\"pt\" xml:lang=\"pt\">Desafio Brasil Paral\u00edmpico tem segundo recorde mundial de amapaense Wanna Brito ap\u00f3s tr\u00eas dias \ud83d\udcaa\ud83c\udffc\ud83d\udd25\ud83c\udf0e<\/p>\n<p>A atleta obteve a marca de 8,18m, tr\u00eas cent\u00edmetros a mais do que os 8,15m que ela alcan\u00e7ou na primeira se do evento. A competi\u00e7\u00e3o teve ainda o recorde das Am\u00e9ricas, batido pelo\u2026 <a href=\"https:\/\/t.co\/mqNTJDwNcW\">pic.twitter.com\/mqNTJDwNcW<\/a><\/p>\n<p>\u2014 Comit\u00ea Paral\u00edmpico Brasileiro (@BraParalimpico) <a href=\"https:\/\/twitter.com\/BraParalimpico\/status\/1915110262647951677?ref_src=twsrc%5Etfw\" rel=\"noopener\">April 23, 2025<\/a><\/p><\/blockquote>\n<p>\u201cEssa marca j\u00e1 sa\u00eda desde o ano passado, s\u00f3 que em treinos. Nunca em competi\u00e7\u00e3o. Acho que, talvez por estar muito \u00e0 vontade, ela est\u00e1 saindo agora. Depois de Paris [Jogos Paral\u00edmpicos], tudo de bom e de ruim j\u00e1 aconteceu e isso me deu muita experi\u00eancia. Agora est\u00e1 mais f\u00e1cil\u201d, afirmou a atleta.<\/p>\n<p>No arremesso de peso, Wanna j\u00e1 conquistou uma medalha de ouro no Mundial de Kobe (Jap\u00e3o), em maio de 2024, e uma prata nos Jogos Paral\u00edmpicos de Paris, no segundo semestre do mesmo ano.<\/p>\n<p>      <!-- Relacionada --><\/p>\n<p>            <!-- Relacionada -->\n    <\/div>\n<p><script async src=\"\/\/platform.twitter.com\/widgets.js\" charset=\"utf-8\"><\/script><br \/>\n<br \/><br \/>\n<br \/><a href=\"https:\/\/agenciabrasil.ebc.com.br\/esportes\/noticia\/2025-04\/wanna-brito-bate-recorde-mundial-no-arremesso-de-peso-paralimpico\" rel=\"noopener\">Ag\u00eancia Brasil<\/a><\/p>\n","protected":false},"excerpt":{"rendered":"<p>A amapaense Wanna Brito deu mais uma prova de que \u00e9 um dos grandes nomes do atletismo brasileiro paral\u00edmpico na atualidade ao estabelecer o novo recorde mundial da prova de arremesso de peso da classe F32 (paralisia cerebral), nesta quarta-feira (23) no Centro de Treinamento Paral\u00edmpico, em S\u00e3o Paulo, durante a segunda fase do Desafio [&hellip;]<\/p>\n","protected":false},"author":1,"featured_media":31289,"comment_status":"open","ping_status":"open","sticky":false,"template":"","format":"standard","meta":{"_jetpack_newsletter_access":"","_jetpack_dont_email_post_to_subs":false,"_jetpack_newsletter_tier_id":0,"_jetpack_memberships_contains_paywalled_content":false,"_mbp_banners":[],"_jetpack_feature_clip_id":0,"_jetpack_memberships_contains_paid_content":false,"footnotes":"","jetpack_publicize_message":"","jetpack_publicize_feature_enabled":true,"jetpack_social_post_already_shared":true,"jetpack_social_options":{"image_generator_settings":{"template":"highway","default_image_id":0,"font":"","enabled":false},"version":2},"jetpack_post_was_ever_published":false},"categories":[23],"tags":[],"class_list":["post-31288","post","type-post","status-publish","format-standard","has-post-thumbnail","category-esportes"],"jetpack_publicize_connections":[],"jetpack-related-posts":[],"jetpack_shortlink":"https:\/\/wp.me\/p7Eq1F-88E","jetpack_sharing_enabled":true,"jetpack_featured_media_url":"https:\/\/i0.wp.com\/guialimeira.com.br\/news\/wp-content\/uploads\/2025\/04\/desafio-23.04_3.jpg?fit=1600%2C800&ssl=1","_links":{"self":[{"href":"https:\/\/guialimeira.com.br\/news\/wp-json\/wp\/v2\/posts\/31288","targetHints":{"allow":["GET"]}}],"collection":[{"href":"https:\/\/guialimeira.com.br\/news\/wp-json\/wp\/v2\/posts"}],"about":[{"href":"https:\/\/guialimeira.com.br\/news\/wp-json\/wp\/v2\/types\/post"}],"author":[{"embeddable":true,"href":"https:\/\/guialimeira.com.br\/news\/wp-json\/wp\/v2\/users\/1"}],"replies":[{"embeddable":true,"href":"https:\/\/guialimeira.com.br\/news\/wp-json\/wp\/v2\/comments?post=31288"}],"version-history":[{"count":0,"href":"https:\/\/guialimeira.com.br\/news\/wp-json\/wp\/v2\/posts\/31288\/revisions"}],"wp:featuredmedia":[{"embeddable":true,"href":"https:\/\/guialimeira.com.br\/news\/wp-json\/wp\/v2\/media\/31289"}],"wp:attachment":[{"href":"https:\/\/guialimeira.com.br\/news\/wp-json\/wp\/v2\/media?parent=31288"}],"wp:term":[{"taxonomy":"category","embeddable":true,"href":"https:\/\/guialimeira.com.br\/news\/wp-json\/wp\/v2\/categories?post=31288"},{"taxonomy":"post_tag","embeddable":true,"href":"https:\/\/guialimeira.com.br\/news\/wp-json\/wp\/v2\/tags?post=31288"}],"curies":[{"name":"wp","href":"https:\/\/api.w.org\/{rel}","templated":true}]}}