{"id":3122,"date":"2024-04-29T18:59:49","date_gmt":"2024-04-29T21:59:49","guid":{"rendered":"https:\/\/guialimeira.com.br\/2024\/04\/29\/obras-do-complexo-viario-paulo-natal-entram-na-reta-final-novo-trecho-sera-aberto-ao-transito-nesta-terca-30\/"},"modified":"2024-04-29T18:59:49","modified_gmt":"2024-04-29T21:59:49","slug":"obras-do-complexo-viario-paulo-natal-entram-na-reta-final-novo-trecho-sera-aberto-ao-transito-nesta-terca-30","status":"publish","type":"post","link":"https:\/\/guialimeira.com.br\/news\/obras-do-complexo-viario-paulo-natal-entram-na-reta-final-novo-trecho-sera-aberto-ao-transito-nesta-terca-30\/","title":{"rendered":"Obras do complexo vi\u00e1rio Paulo Natal entram na reta final; novo trecho ser\u00e1 aberto ao tr\u00e2nsito nesta ter\u00e7a (30)"},"content":{"rendered":"<p> <br \/>\n<\/p>\n<div>\n            <main class=\"\">&#13;<br \/>\n                &#13;<br \/>\n&#13;<br \/>\n&#13;<br \/>\n&#13;<br \/>\n    <img data-recalc-dims=\"1\" decoding=\"async\" src=\"https:\/\/i0.wp.com\/ecrie.com.br\/sistema\/conteudos\/imagem\/m_137_0_1_29042024181956.jpg?w=696&#038;ssl=1\" alt=\"Obras do complexo vi\u00e1rio Paulo Natal entram na reta final; novo trecho ser\u00e1 aberto ao tr\u00e2nsito nesta ter\u00e7a (30)\"\/>&#13;<br \/>\n&#13;<\/p>\n<p>\u00a0<\/p>\n<p>&#13;<\/p>\n<p>As obras no complexo vi\u00e1rio Paulo Natal entram na reta final, com 90% das a\u00e7\u00f5es conclu\u00eddas. A partir desta ter\u00e7a-feira (30), come\u00e7a a recupera\u00e7\u00e3o asf\u00e1ltica do tabuleiro (superf\u00edcie) do viaduto original. No local, haver\u00e1 a fresagem da cobertura existente e o recapeamento. O trabalho ser\u00e1 executado em uma via por vez, de modo a manter a segunda via liberada ao fluxo de ve\u00edculos &#8211; no sentido Taba do Brasil &#8211; Av. Campinas.\u00a0<\/p>\n<p>&#13;<\/p>\n<p>\u00a0<\/p>\n<p>&#13;<\/p>\n<p>\u201cAssim como outras obras de imensa relev\u00e2ncia executadas pelo nosso governo, o\u00a0complexo Paulo Natal vai trazer in\u00fameros benef\u00edcios, principalmente para bairros da regi\u00e3o, como o Novo Horizonte\u201d, afirmou\u00a0o prefeito Mario Botion. \u201cAgora, estamos entrando na reta final da constru\u00e7\u00e3o\u201d, emendou. A vice-prefeita, Erika Tank, tamb\u00e9m elogiou a constru\u00e7\u00e3o. \u201cAs obras do Paulo Natal refletem um governo de grandes realiza\u00e7\u00f5es nos campos vi\u00e1rio, de mobilidade e de tantos outros\u201d, declarou Erika. \u201cSem d\u00favida, a popula\u00e7\u00e3o ganha muito\u201d, observou.<\/p>\n<p>&#13;<\/p>\n<p>\u00a0<\/p>\n<p>&#13;<\/p>\n<p>Em raz\u00e3o da atual etapa da obra, o novo trecho do viaduto j\u00e1 ser\u00e1 liberado amanh\u00e3 ao tr\u00e2nsito, a partir das 9h. As duas faixas poder\u00e3o ser usadas no sentido Av. Campinas &#8211; Taba do Brasil. No entanto, ao sair do viaduto e seguir pela\u00a0Via\u00a0Ant\u00f4nio Cru\u00e3nes Filho (Anel Vi\u00e1rio), os motoristas dever\u00e3o acessar, \u00e0 direita, um trecho da Rua Jo\u00e3o Gazetta de aproximadamente 300 metros.\u00a0<\/p>\n<p>&#13;<\/p>\n<p>\u00a0<\/p>\n<p>&#13;<\/p>\n<p>Posteriormente, ser\u00e1 necess\u00e1rio fazer o retorno, \u00e0 esquerda, para retornar \u00e0 Via Ant\u00f4nio Cru\u00e3nes Filho, de onde os motoristas poder\u00e3o continuar at\u00e9 a Rotat\u00f3ria da Taba. Esse desvio, segundo o engenheiro da Secretaria de Obras e Servi\u00e7os P\u00fablicos, Nicola Manis Rodrigues, \u00e9 necess\u00e1rio \u00e0 implanta\u00e7\u00e3o da camada final de asfalto na duplica\u00e7\u00e3o de 600 metros da\u00a0Via\u00a0Ant\u00f4nio Cru\u00e3nes Filho. \u00a0<\/p>\n<p>&#13;<\/p>\n<p>\u00a0<\/p>\n<p>&#13;<\/p>\n<p>O trabalho no entorno do Paulo Natal tamb\u00e9m apresenta est\u00e1gio avan\u00e7ado\u00a0de finaliza\u00e7\u00e3o. A nova via, que parte da Rua Alberto Pessano, no Jd. Novo Horizonte, at\u00e9 a Av. Costa e Silva, atingiu 85% de conclus\u00e3o. J\u00e1 a rotat\u00f3ria constru\u00edda na Av. Costa e Silva, na altura do c\u00f3rrego do Jd. Gl\u00f3ria, est\u00e1 finalizada.<\/p>\n<p>&#13;<\/p>\n<p>\u00a0<\/p>\n<p>&#13;<br \/>\n&#13;<br \/>\n&#13;<br \/>\n&#13;<\/p>\n<aside class=\"list-related no-print\">&#13;<br \/>\n        &#13;<br \/>\n&#13;<\/p>\n<article class=\"list-item noticias \">&#13;<br \/>\n                    <a class=\"list-item__img\" href=\"https:\/\/limeira.sp.gov.br\/imprensa\/noticias\/gabinete-do-prefeito\/botion-fala-em-nome-de-prefeitos-em-anuncio-de-tarcisio-sobre-moradias\" tabindex=\"-1\" aria-hidden=\"true\" rel=\"noopener\">&#13;<br \/>\n                        <img data-recalc-dims=\"1\" decoding=\"async\" src=\"https:\/\/i0.wp.com\/ecrie.com.br\/sistema\/conteudos\/imagem\/m_137_0_6_26042024170352.jpg?w=696&#038;ssl=1\" alt=\"Botion fala em nome de prefeitos em an\u00fancio de Tarc\u00edsio sobre moradias\"\/>&#13;<br \/>\n                    <\/a>&#13;<br \/>\n&#13;<br \/>\n                &#13;<br \/>\n            <\/article>\n<p>&#13;<\/p>\n<article class=\"list-item noticias \">&#13;<br \/>\n                    <a class=\"list-item__img\" href=\"https:\/\/limeira.sp.gov.br\/imprensa\/noticias\/obras-e-servicos-publicos\/vias-sao-interditadas-neste-fim-de-semana-para-execucao-de-obras\" tabindex=\"-1\" aria-hidden=\"true\" rel=\"noopener\">&#13;<br \/>\n                        <img data-recalc-dims=\"1\" decoding=\"async\" src=\"https:\/\/i0.wp.com\/ecrie.com.br\/sistema\/conteudos\/imagem\/m_137_0_1_04042024135245.jpg?w=696&#038;ssl=1\" alt=\"Vias s\u00e3o interditadas neste fim de semana para execu\u00e7\u00e3o de obras\"\/>&#13;<br \/>\n                    <\/a>&#13;<br \/>\n&#13;<br \/>\n                &#13;<br \/>\n            <\/article>\n<p>&#13;<\/p>\n<article class=\"list-item noticias \">&#13;<br \/>\n                    <a class=\"list-item__img\" href=\"https:\/\/limeira.sp.gov.br\/imprensa\/noticias\/gabinete-do-prefeito\/limeira-conquista-8-lugar-nos-jogos-da-melhor-idade-etapa-casa-branca\" tabindex=\"-1\" aria-hidden=\"true\" rel=\"noopener\">&#13;<br \/>\n                        <img data-recalc-dims=\"1\" decoding=\"async\" src=\"https:\/\/i0.wp.com\/ecrie.com.br\/sistema\/conteudos\/imagem\/m_137_0_1_25042024145341.jpg?w=696&#038;ssl=1\" alt=\"Limeira conquista 8\u00ba lugar nos Jogos da Melhor Idade, etapa Casa Branca\"\/>&#13;<br \/>\n                    <\/a>&#13;<br \/>\n&#13;<br \/>\n                &#13;<br \/>\n            <\/article>\n<p>&#13;<br \/>\n    <\/aside>\n<p>&#13;<br \/>\n&#13;<br \/>\n            <\/main><\/p><\/div>\n<p><br \/>\n<br \/><a href=\"https:\/\/limeira.sp.gov.br\/obras-do-complexo-viario-paulo-natal-entram-na-reta-final-novo-trecho-sera-aberto-ao-transito-nesta-terca-30\" rel=\"noopener\">Informa\u00e7\u00f5es da PML <\/a><\/p>\n","protected":false},"excerpt":{"rendered":"<p>&#13; &#13; &#13; &#13; &#13; &#13; &#13; \u00a0 &#13; As obras no complexo vi\u00e1rio Paulo Natal entram na reta final, com 90% das a\u00e7\u00f5es conclu\u00eddas. A partir desta ter\u00e7a-feira (30), come\u00e7a a recupera\u00e7\u00e3o asf\u00e1ltica do tabuleiro (superf\u00edcie) do viaduto original. No local, haver\u00e1 a fresagem da cobertura existente e o recapeamento. O trabalho ser\u00e1 executado [&hellip;]<\/p>\n","protected":false},"author":1,"featured_media":3123,"comment_status":"open","ping_status":"open","sticky":false,"template":"","format":"standard","meta":{"_jetpack_newsletter_access":"","_jetpack_dont_email_post_to_subs":false,"_jetpack_newsletter_tier_id":0,"_jetpack_memberships_contains_paywalled_content":false,"_mbp_banners":[],"_jetpack_feature_clip_id":0,"_jetpack_memberships_contains_paid_content":false,"footnotes":"","jetpack_publicize_message":"","jetpack_publicize_feature_enabled":true,"jetpack_social_post_already_shared":true,"jetpack_social_options":{"image_generator_settings":{"template":"highway","default_image_id":0,"font":"","enabled":false},"version":2},"jetpack_post_was_ever_published":false},"categories":[16],"tags":[],"class_list":["post-3122","post","type-post","status-publish","format-standard","has-post-thumbnail","category-local"],"jetpack_publicize_connections":[],"jetpack-related-posts":[],"jetpack_shortlink":"https:\/\/wp.me\/p7Eq1F-Om","jetpack_sharing_enabled":true,"jetpack_featured_media_url":"https:\/\/i0.wp.com\/guialimeira.com.br\/news\/wp-content\/uploads\/2024\/04\/m_137_0_1_29042024181956.jpg?fit=900%2C675&ssl=1","_links":{"self":[{"href":"https:\/\/guialimeira.com.br\/news\/wp-json\/wp\/v2\/posts\/3122","targetHints":{"allow":["GET"]}}],"collection":[{"href":"https:\/\/guialimeira.com.br\/news\/wp-json\/wp\/v2\/posts"}],"about":[{"href":"https:\/\/guialimeira.com.br\/news\/wp-json\/wp\/v2\/types\/post"}],"author":[{"embeddable":true,"href":"https:\/\/guialimeira.com.br\/news\/wp-json\/wp\/v2\/users\/1"}],"replies":[{"embeddable":true,"href":"https:\/\/guialimeira.com.br\/news\/wp-json\/wp\/v2\/comments?post=3122"}],"version-history":[{"count":0,"href":"https:\/\/guialimeira.com.br\/news\/wp-json\/wp\/v2\/posts\/3122\/revisions"}],"wp:featuredmedia":[{"embeddable":true,"href":"https:\/\/guialimeira.com.br\/news\/wp-json\/wp\/v2\/media\/3123"}],"wp:attachment":[{"href":"https:\/\/guialimeira.com.br\/news\/wp-json\/wp\/v2\/media?parent=3122"}],"wp:term":[{"taxonomy":"category","embeddable":true,"href":"https:\/\/guialimeira.com.br\/news\/wp-json\/wp\/v2\/categories?post=3122"},{"taxonomy":"post_tag","embeddable":true,"href":"https:\/\/guialimeira.com.br\/news\/wp-json\/wp\/v2\/tags?post=3122"}],"curies":[{"name":"wp","href":"https:\/\/api.w.org\/{rel}","templated":true}]}}