{"id":31158,"date":"2025-04-22T18:54:04","date_gmt":"2025-04-22T21:54:04","guid":{"rendered":"https:\/\/guialimeira.com.br\/2025\/04\/22\/movimentos-sociais-lamentam-morte-do-papa-dos-pobres\/"},"modified":"2025-04-22T18:54:04","modified_gmt":"2025-04-22T21:54:04","slug":"movimentos-sociais-lamentam-morte-do-papa-dos-pobres","status":"publish","type":"post","link":"https:\/\/guialimeira.com.br\/news\/movimentos-sociais-lamentam-morte-do-papa-dos-pobres\/","title":{"rendered":"Movimentos sociais lamentam morte do &#8220;papa dos pobres&#8221;"},"content":{"rendered":"<p> <br \/>\n<\/p>\n<div>\n<p>A <strong>morte de Jorge Bergoglio, o papa Francisco, repercutiu entre movimentos sociais e sindicatos.<\/strong> Desde a escolha de seu nome como pont\u00edfice, o <strong>argentino deixou clara a posi\u00e7\u00e3o em prol dos necessitados e das massas<\/strong>. Francisco n\u00e3o se esquivou de temas pol\u00eamicos e atuais, como a <strong>quest\u00e3o migrat\u00f3ria, as mudan\u00e7as clim\u00e1ticas e a distribui\u00e7\u00e3o de renda.<\/strong> Entre suas frases memor\u00e1veis, conclamou: \u201cNenhuma fam\u00edlia sem casa, nenhum campon\u00eas sem terra, nenhum trabalhador sem direitos\u201d.<img data-recalc-dims=\"1\" decoding=\"async\" src=\"https:\/\/i0.wp.com\/agenciabrasil.ebc.com.br\/ebc.png?w=696&#038;ssl=1\" style=\"width:1px; height:1px; display:inline;\"\/><img data-recalc-dims=\"1\" decoding=\"async\" src=\"https:\/\/i0.wp.com\/agenciabrasil.ebc.com.br\/ebc.gif?w=696&#038;ssl=1\" style=\"width:1px; height:1px; display:inline;\"\/><\/p>\n<p>Em sua \u00faltima mensagem, na P\u00e1scoa deste ano, Francisco\u00a0<a href=\"https:\/\/agenciabrasil.ebc.com.br\/internacional\/noticia\/2025-04\/manifestacoes-contra-guerras-marcaram-papado-de-francisco\" target=\"_blank\" rel=\"noopener\">ergueu sua voz contra a guerra<\/a> e a mis\u00e9ria em Gaza.<\/p>\n<p>O <a href=\"https:\/\/mst.org.br\/2025\/04\/21\/perdemos-um-papa-dos-pobres-dos-trabalhadores-dos-migrantes-e-dos-sem-terra\/\" target=\"_blank\" rel=\"noopener\"><strong>Movimento dos Trabalhadores Rurais Sem Terra (MST)<\/strong><\/a>, que nasceu do di\u00e1logo constante e pr\u00f3ximo entre trabalhadores do campo, das cidades e a igreja, lembrou de <strong>Francisco como &#8220;um fiel aliado dos mais pobres, marginalizados, exclu\u00eddos e violentados pelo capitalismo&#8221;<\/strong> e que &#8220;teve uma s\u00e9rie de iniciativas no sentido de se aproximar dos movimentos populares&#8221;, realizando di\u00e1logo importante e corajoso.<\/p>\n<p>A Comiss\u00e3o Pastoral da Terra (CPT), organiza\u00e7\u00e3o da Igreja Cat\u00f3lica que busca o di\u00e1logo com os trabalhadores do campo, lembrou do <a href=\"https:\/\/cptnacional.org.br\/2025\/04\/21\/nota-pesar-papa-francisco\/\" target=\"_blank\" rel=\"noopener\">pont\u00edfice como um l\u00edder atento \u00e0s pautas <\/a>contempor\u00e2neas e ao impacto das a\u00e7\u00f5es de governos e institui\u00e7\u00f5es na vida de todos e em sua defesa.<\/p>\n<p>&#8220;O\u00a0tempo \u00e9 de dor e tristeza, mas tamb\u00e9m de uma Feliz Esperan\u00e7a, de recordar a profecia do seu pontificado e seguir abrindo os caminhos que ele sinalizou em suas homilias, enc\u00edclicas (especialmente a Laudato Si\u2019, Querida Amaz\u00f4nia, Fratelli Tutti, a exorta\u00e7\u00e3o\u00a0Laudato Deum), os S\u00ednodos sobre a Amaz\u00f4nia e para a Sinodalidade, dentre outros momentos prof\u00e9ticos. Para um mundo em constantes disputas de poder, aumento do \u00f3dio, da desigualdade social e das consequ\u00eancias da destrui\u00e7\u00e3o da natureza, Francisco sempre foi uma voz de alerta&#8221;, disse, em nota.<\/p>\n<p>Francisco tamb\u00e9m foi cr\u00edtico ferrenho dos aspectos mais delet\u00e9rios da economia centrada no capital financeiro, como lembrou em sua homenagem a Central \u00danica dos Trabalhadores (CUT), que valorizou a disposi\u00e7\u00e3o do papa\u00a0para o di\u00e1logo com os movimentos sindicais e seu reconhecimento da import\u00e2ncia p\u00fablica destas organiza\u00e7\u00f5es.<\/p>\n<blockquote>\n<p>&#8220;O papa via os sindicatos como instrumentos de paz social e defesa da dignidade do trabalho, especialmente num mundo marcado pela precariza\u00e7\u00e3o, desemprego estrutural, automa\u00e7\u00e3o e exclus\u00e3o digital. Incentivava que os sindicatos dialogassem com os jovens, abrindo espa\u00e7o para novas formas de organiza\u00e7\u00e3o do trabalho, sem perder sua identidade hist\u00f3rica de luta&#8221;.<\/p>\n<\/blockquote>\n<p>Sua disposi\u00e7\u00e3o para o di\u00e1logo foi lembrada pela Uni\u00e3o Geral dos Trabalhadores (UGT), para quem o papa fomentou o di\u00e1logo em torno de temas sens\u00edveis, rompeu paradigmas e tradi\u00e7\u00f5es seculares. &#8220;Francisco foi um l\u00edder que compreendeu o valor da periferia, da \u00c1frica e da \u00c1sia, levando sua mensagem de f\u00e9, esperan\u00e7a e amor ao pr\u00f3ximo para os cantos mais esquecidos do mundo&#8221;, afirmou a institui\u00e7\u00e3o.<\/p>\n<p>Para a Uni\u00e3o Nacional dos Estudantes (UNE), <strong>Francisco foi um defensor da educa\u00e7\u00e3o e da paz<\/strong> e um s\u00edmbolo na luta pela igualdade social, e lembrou de sua frase sobre a import\u00e2ncia do ensino: &#8220;<a href=\"https:\/\/www.vaticannews.va\/pt\/papa\/news\/2020-02\/papa-educacao-pensar-geracoes-futuras-futuro-humanidade.html\" target=\"_blank\" rel=\"noopener\">\u00c9 atrav\u00e9s da educa\u00e7\u00e3o que o ser humano alcan\u00e7a o seu potencial m\u00e1ximo e se torna um ser consciente, livre e respons\u00e1vel&#8221;<\/a>.<\/p>\n<p>      <!-- Relacionada --><\/p>\n<p>            <!-- Relacionada -->\n    <\/div>\n<p><br \/>\n<br \/><a href=\"https:\/\/agenciabrasil.ebc.com.br\/internacional\/noticia\/2025-04\/movimentos-sociais-lamentam-morte-do-papa-dos-pobres\" rel=\"noopener\">Ag\u00eancia Brasil <\/a><\/p>\n","protected":false},"excerpt":{"rendered":"<p>A morte de Jorge Bergoglio, o papa Francisco, repercutiu entre movimentos sociais e sindicatos. Desde a escolha de seu nome como pont\u00edfice, o argentino deixou clara a posi\u00e7\u00e3o em prol dos necessitados e das massas. Francisco n\u00e3o se esquivou de temas pol\u00eamicos e atuais, como a quest\u00e3o migrat\u00f3ria, as mudan\u00e7as clim\u00e1ticas e a distribui\u00e7\u00e3o de [&hellip;]<\/p>\n","protected":false},"author":1,"featured_media":31159,"comment_status":"open","ping_status":"open","sticky":false,"template":"","format":"standard","meta":{"_jetpack_newsletter_access":"","_jetpack_dont_email_post_to_subs":false,"_jetpack_newsletter_tier_id":0,"_jetpack_memberships_contains_paywalled_content":false,"_mbp_banners":[],"_jetpack_feature_clip_id":0,"_jetpack_memberships_contains_paid_content":false,"footnotes":"","jetpack_publicize_message":"","jetpack_publicize_feature_enabled":true,"jetpack_social_post_already_shared":true,"jetpack_social_options":{"image_generator_settings":{"template":"highway","default_image_id":0,"font":"","enabled":false},"version":2},"jetpack_post_was_ever_published":false},"categories":[25],"tags":[],"class_list":["post-31158","post","type-post","status-publish","format-standard","has-post-thumbnail","category-internacional"],"jetpack_publicize_connections":[],"jetpack-related-posts":[],"jetpack_shortlink":"https:\/\/wp.me\/p7Eq1F-86y","jetpack_sharing_enabled":true,"jetpack_featured_media_url":"https:\/\/i0.wp.com\/guialimeira.com.br\/news\/wp-content\/uploads\/2025\/04\/abr250713_tng6793.jpg?fit=1600%2C800&ssl=1","_links":{"self":[{"href":"https:\/\/guialimeira.com.br\/news\/wp-json\/wp\/v2\/posts\/31158","targetHints":{"allow":["GET"]}}],"collection":[{"href":"https:\/\/guialimeira.com.br\/news\/wp-json\/wp\/v2\/posts"}],"about":[{"href":"https:\/\/guialimeira.com.br\/news\/wp-json\/wp\/v2\/types\/post"}],"author":[{"embeddable":true,"href":"https:\/\/guialimeira.com.br\/news\/wp-json\/wp\/v2\/users\/1"}],"replies":[{"embeddable":true,"href":"https:\/\/guialimeira.com.br\/news\/wp-json\/wp\/v2\/comments?post=31158"}],"version-history":[{"count":0,"href":"https:\/\/guialimeira.com.br\/news\/wp-json\/wp\/v2\/posts\/31158\/revisions"}],"wp:featuredmedia":[{"embeddable":true,"href":"https:\/\/guialimeira.com.br\/news\/wp-json\/wp\/v2\/media\/31159"}],"wp:attachment":[{"href":"https:\/\/guialimeira.com.br\/news\/wp-json\/wp\/v2\/media?parent=31158"}],"wp:term":[{"taxonomy":"category","embeddable":true,"href":"https:\/\/guialimeira.com.br\/news\/wp-json\/wp\/v2\/categories?post=31158"},{"taxonomy":"post_tag","embeddable":true,"href":"https:\/\/guialimeira.com.br\/news\/wp-json\/wp\/v2\/tags?post=31158"}],"curies":[{"name":"wp","href":"https:\/\/api.w.org\/{rel}","templated":true}]}}