{"id":3112,"date":"2024-04-29T17:58:44","date_gmt":"2024-04-29T20:58:44","guid":{"rendered":"https:\/\/guialimeira.com.br\/2024\/04\/29\/dia-do-trabalho-altera-servicos-da-prefeitura-de-limeira\/"},"modified":"2024-04-29T17:58:44","modified_gmt":"2024-04-29T20:58:44","slug":"dia-do-trabalho-altera-servicos-da-prefeitura-de-limeira","status":"publish","type":"post","link":"https:\/\/guialimeira.com.br\/news\/dia-do-trabalho-altera-servicos-da-prefeitura-de-limeira\/","title":{"rendered":"Dia do Trabalho altera servi\u00e7os da Prefeitura de Limeira"},"content":{"rendered":"<p> <br \/>\n<\/p>\n<div>\n            <main class=\"\">&#13;<br \/>\n                &#13;<br \/>\n&#13;<br \/>\n&#13;<br \/>\n&#13;<br \/>\n    <img data-recalc-dims=\"1\" decoding=\"async\" src=\"https:\/\/i0.wp.com\/ecrie.com.br\/sistema\/conteudos\/imagem\/m_137_0_1_29042024173843.jpg?w=696&#038;ssl=1\" alt=\"Dia do Trabalho altera servi\u00e7os da Prefeitura de Limeira\"\/>&#13;<br \/>\n&#13;<\/p>\n<p>Em raz\u00e3o do feriado de 1\u00ba de Maio, nesta quarta-feira,\u00a0servi\u00e7os da Prefeitura de Limeira sofrer\u00e3o altera\u00e7\u00f5es.\u00a0O Pa\u00e7o Municipal e o Ceprosom estar\u00e3o fechados. Por outro lado, coleta de lixo e atendimentos de\u00a0urg\u00eancia e emerg\u00eancia\u00a0em Sa\u00fade\u00a0funcionam normalmente. As Zonas Eleitorais 66\u00aa e 399\u00aa, no NAC, ficam abertas das 11h \u00e0s 17h. No Horto Florestal, haver\u00e1 a Festa do Trabalhador, a partir das 10h, com atra\u00e7\u00f5es musicais. Confira\u00a0o que abre e o que fecha:<\/p>\n<p>&#13;<\/p>\n<p>\u00a0<\/p>\n<p>&#13;<\/p>\n<p><strong>Pa\u00e7o Municipal (Edif\u00edcio Prada)<\/strong><\/p>\n<p>&#13;<\/p>\n<p>Fechado. \u00a0<\/p>\n<p>&#13;<\/p>\n<p><strong>N\u00facleo de Atendimento ao Cidad\u00e3o (NAC)<\/strong><\/p>\n<p>&#13;<\/p>\n<p>Aberto, para acesso \u00e0s Zonas Eleitorais 66\u00aa e 399\u00aa, que estar\u00e3o de plant\u00e3o, das 11h \u00e0s 17h. O endere\u00e7o \u00e9 Av. Dr. Lauro Corr\u00eaa da Silva, 3.800.<\/p>\n<p>&#13;<\/p>\n<p><strong>C<\/strong><strong>eprosom<\/strong><\/p>\n<p>&#13;<\/p>\n<p>Fechado.<\/p>\n<p>&#13;<\/p>\n<p><strong>Coleta de Lixo<\/strong><\/p>\n<p>&#13;<\/p>\n<p>Funciona normalmente.<\/p>\n<p>&#13;<\/p>\n<p><strong>Escolas Municipais<\/strong><\/p>\n<p>&#13;<\/p>\n<p>Fechadas.<\/p>\n<p>&#13;<\/p>\n<p><strong>UPA 24 Horas Ab\u00edlio Pedro\u00a0\/\u00a0Pronto Atendimentos<\/strong><\/p>\n<p>&#13;<\/p>\n<p>Abertos, 24 horas.\u00a0<\/p>\n<p>&#13;<\/p>\n<p><strong>Farm\u00e1cia Municipal<\/strong><\/p>\n<p>&#13;<\/p>\n<p>Aberta, das 8h \u00e0s 18h.<\/p>\n<p>&#13;<\/p>\n<p><strong>Farm\u00e1cia de Alto Custo \u00a0<\/strong><\/p>\n<p>&#13;<\/p>\n<p>Fechada.<\/p>\n<p>&#13;<\/p>\n<p><strong>Unidades B\u00e1sicas de Sa\u00fade (UBSs)<\/strong><\/p>\n<p>&#13;<\/p>\n<p>Fechadas.<\/p>\n<p>&#13;<\/p>\n<p><strong>Laborat\u00f3rio Municipal<\/strong><\/p>\n<p>&#13;<\/p>\n<p>Fechado.<\/p>\n<p>&#13;<\/p>\n<p><strong>Policl\u00ednica<\/strong><\/p>\n<p>&#13;<\/p>\n<p>Fechada.<\/p>\n<p>&#13;<\/p>\n<p><strong>Caps\u00a0\/\u00a0Casm\u00a0\/\u00a0Cema\u00a0\/\u00a0Centro de Sa\u00fade Bucal\u00a0\/\u00a0Adom\u00a0\/\u00a0Centro de Terapias Integradas<\/strong><\/p>\n<p>&#13;<\/p>\n<p>Fechados.<\/p>\n<p>&#13;<\/p>\n<p><strong>Ambulat\u00f3rio de Especialidades Dr. H\u00e9lio M\u00e1rcio Mamede \/ Rubi<\/strong><\/p>\n<p>&#13;<\/p>\n<p>Fechado.<\/p>\n<p>&#13;<\/p>\n<p><strong>Central de Ambul\u00e2ncias<\/strong><\/p>\n<p>&#13;<\/p>\n<p>Sem atendimento presencial.<\/p>\n<p>&#13;<\/p>\n<p><strong>Bom Prato \/ Bom Prato M\u00f3vel<\/strong><\/p>\n<p>&#13;<\/p>\n<p>Sem atendimento.<\/p>\n<p>&#13;<\/p>\n<p><strong>Horto Florestal<\/strong><\/p>\n<p>&#13;<\/p>\n<p>Aberto, com programa\u00e7\u00e3o da Festa do Trabalhador, a partir das 10h. Promovida pela Prefeitura, por meio da Secretaria de Cultura, o evento traz as atra\u00e7\u00f5es musicais: Breno e Rafael\u00a0(11h), Power Trio (13h30) e Lucas Ribeiro e Juliane\u00a0(15h30). A estrutura ter\u00e1 pra\u00e7a de alimenta\u00e7\u00e3o, al\u00e9m de pula-pula, escorrega, pipoca e algod\u00e3o-doce para as crian\u00e7as.<\/p>\n<p>&#13;<\/p>\n<p><strong>Parque Cidade\u00a0\/\u00a0Bosque Prefeita Maria Thereza<\/strong><\/p>\n<p>&#13;<\/p>\n<p>Abertos.<\/p>\n<p>&#13;<\/p>\n<p><strong>Biblioteca Municipal \/ Museu Major Jos\u00e9 Levy Sobrinho<\/strong><\/p>\n<p>&#13;<\/p>\n<p>Fechados.<\/p>\n<p>&#13;<\/p>\n<p><strong>PAT \/ Procon \/ Banco do Povo<\/strong><\/p>\n<p>&#13;<\/p>\n<p>Fechados.<\/p>\n<p>&#13;<\/p>\n<p>\u00a0<\/p>\n<p>&#13;<\/p>\n<p>\u00a0<\/p>\n<p>&#13;<br \/>\n&#13;<br \/>\n&#13;<br \/>\n&#13;<\/p>\n<aside class=\"list-related no-print\">&#13;<br \/>\n        &#13;<br \/>\n&#13;<\/p>\n<article class=\"list-item noticias \">&#13;<br \/>\n                    <a class=\"list-item__img\" href=\"https:\/\/limeira.sp.gov.br\/imprensa\/noticias\/desenvolvimento-turismo-e-inovacao\/procon-limeira-suspende-atividades-na-quinta-e-sexta-feira\" tabindex=\"-1\" aria-hidden=\"true\" rel=\"noopener\">&#13;<br \/>\n                        <img data-recalc-dims=\"1\" decoding=\"async\" src=\"https:\/\/i0.wp.com\/ecrie.com.br\/sistema\/conteudos\/imagem\/m_137_0_1_29042024164339.jpg?w=696&#038;ssl=1\" alt=\"Procon Limeira suspende atividades na quinta e sexta-feira\"\/>&#13;<br \/>\n                    <\/a>&#13;<br \/>\n&#13;<br \/>\n                &#13;<br \/>\n            <\/article>\n<p>&#13;<\/p>\n<article class=\"list-item noticias \">&#13;<br \/>\n                    <a class=\"list-item__img\" href=\"https:\/\/limeira.sp.gov.br\/imprensa\/noticias\/ceprosom\/seguem-abertas-as-inscricoes-para-curso-de-linguagem-de-programacao-python\" tabindex=\"-1\" aria-hidden=\"true\" rel=\"noopener\">&#13;<br \/>\n                        <img data-recalc-dims=\"1\" decoding=\"async\" src=\"https:\/\/i0.wp.com\/ecrie.com.br\/sistema\/conteudos\/imagem\/m_137_0_1_23042024143103.jpg?w=696&#038;ssl=1\" alt=\"Seguem abertas as inscri\u00e7\u00f5es para curso de linguagem de programa\u00e7\u00e3o Python\"\/>&#13;<br \/>\n                    <\/a>&#13;<br \/>\n&#13;<br \/>\n                &#13;<br \/>\n            <\/article>\n<p>&#13;<\/p>\n<article class=\"list-item noticias \">&#13;<br \/>\n                    <a class=\"list-item__img\" href=\"https:\/\/limeira.sp.gov.br\/imprensa\/noticias\/cultura\/secretaria-da-cultura-realiza-festa-do-trabalhador-no-horto-florestal\" tabindex=\"-1\" aria-hidden=\"true\" rel=\"noopener\">&#13;<br \/>\n                        <img data-recalc-dims=\"1\" decoding=\"async\" src=\"https:\/\/i0.wp.com\/ecrie.com.br\/sistema\/conteudos\/imagem\/m_137_0_1_23042024090954.jpeg?w=696&#038;ssl=1\" alt=\"Secretaria da Cultura realiza Festa do Trabalhador no Horto Florestal\"\/>&#13;<br \/>\n                    <\/a>&#13;<br \/>\n&#13;<br \/>\n                &#13;<br \/>\n            <\/article>\n<p>&#13;<br \/>\n    <\/aside>\n<p>&#13;<br \/>\n&#13;<br \/>\n            <\/main><\/p><\/div>\n<p><br \/>\n<br \/><a href=\"https:\/\/limeira.sp.gov.br\/dia-do-trabalho-altera-servicos-da-prefeitura-de-limeira\" rel=\"noopener\">Informa\u00e7\u00f5es da PML <\/a><\/p>\n","protected":false},"excerpt":{"rendered":"<p>&#13; &#13; &#13; &#13; &#13; &#13; &#13; Em raz\u00e3o do feriado de 1\u00ba de Maio, nesta quarta-feira,\u00a0servi\u00e7os da Prefeitura de Limeira sofrer\u00e3o altera\u00e7\u00f5es.\u00a0O Pa\u00e7o Municipal e o Ceprosom estar\u00e3o fechados. Por outro lado, coleta de lixo e atendimentos de\u00a0urg\u00eancia e emerg\u00eancia\u00a0em Sa\u00fade\u00a0funcionam normalmente. As Zonas Eleitorais 66\u00aa e 399\u00aa, no NAC, ficam abertas das 11h [&hellip;]<\/p>\n","protected":false},"author":1,"featured_media":3113,"comment_status":"open","ping_status":"open","sticky":false,"template":"","format":"standard","meta":{"_jetpack_newsletter_access":"","_jetpack_dont_email_post_to_subs":false,"_jetpack_newsletter_tier_id":0,"_jetpack_memberships_contains_paywalled_content":false,"_mbp_banners":[],"_jetpack_feature_clip_id":0,"_jetpack_memberships_contains_paid_content":false,"footnotes":"","jetpack_publicize_message":"","jetpack_publicize_feature_enabled":true,"jetpack_social_post_already_shared":true,"jetpack_social_options":{"image_generator_settings":{"template":"highway","default_image_id":0,"font":"","enabled":false},"version":2},"jetpack_post_was_ever_published":false},"categories":[16],"tags":[],"class_list":["post-3112","post","type-post","status-publish","format-standard","has-post-thumbnail","category-local"],"jetpack_publicize_connections":[],"jetpack-related-posts":[],"jetpack_shortlink":"https:\/\/wp.me\/p7Eq1F-Oc","jetpack_sharing_enabled":true,"jetpack_featured_media_url":"https:\/\/i0.wp.com\/guialimeira.com.br\/news\/wp-content\/uploads\/2024\/04\/m_137_0_1_29042024173843.jpg?fit=1278%2C852&ssl=1","_links":{"self":[{"href":"https:\/\/guialimeira.com.br\/news\/wp-json\/wp\/v2\/posts\/3112","targetHints":{"allow":["GET"]}}],"collection":[{"href":"https:\/\/guialimeira.com.br\/news\/wp-json\/wp\/v2\/posts"}],"about":[{"href":"https:\/\/guialimeira.com.br\/news\/wp-json\/wp\/v2\/types\/post"}],"author":[{"embeddable":true,"href":"https:\/\/guialimeira.com.br\/news\/wp-json\/wp\/v2\/users\/1"}],"replies":[{"embeddable":true,"href":"https:\/\/guialimeira.com.br\/news\/wp-json\/wp\/v2\/comments?post=3112"}],"version-history":[{"count":0,"href":"https:\/\/guialimeira.com.br\/news\/wp-json\/wp\/v2\/posts\/3112\/revisions"}],"wp:featuredmedia":[{"embeddable":true,"href":"https:\/\/guialimeira.com.br\/news\/wp-json\/wp\/v2\/media\/3113"}],"wp:attachment":[{"href":"https:\/\/guialimeira.com.br\/news\/wp-json\/wp\/v2\/media?parent=3112"}],"wp:term":[{"taxonomy":"category","embeddable":true,"href":"https:\/\/guialimeira.com.br\/news\/wp-json\/wp\/v2\/categories?post=3112"},{"taxonomy":"post_tag","embeddable":true,"href":"https:\/\/guialimeira.com.br\/news\/wp-json\/wp\/v2\/tags?post=3112"}],"curies":[{"name":"wp","href":"https:\/\/api.w.org\/{rel}","templated":true}]}}