{"id":31114,"date":"2025-04-22T13:49:08","date_gmt":"2025-04-22T16:49:08","guid":{"rendered":"https:\/\/guialimeira.com.br\/2025\/04\/22\/papa-francisco-velorio-aberto-comeca-amanha-funeral-sera-no-sabado\/"},"modified":"2025-04-22T13:49:08","modified_gmt":"2025-04-22T16:49:08","slug":"papa-francisco-velorio-aberto-comeca-amanha-funeral-sera-no-sabado","status":"publish","type":"post","link":"https:\/\/guialimeira.com.br\/news\/papa-francisco-velorio-aberto-comeca-amanha-funeral-sera-no-sabado\/","title":{"rendered":"Papa Francisco: vel\u00f3rio aberto come\u00e7a amanh\u00e3, funeral ser\u00e1 no s\u00e1bado"},"content":{"rendered":"<p> <br \/>\n<\/p>\n<div>\n<p>Nesta quarta-feira (23), o caix\u00e3o com\u00a0o corpo do papa Francisco ser\u00e1 trasladado da capela da Casa de Santa Marta para a Bas\u00edlica de S\u00e3o Pedro, onde fieis poder\u00e3o despedir-se do pont\u00edfice. As informa\u00e7\u00f5es foram divulgadas pelo Vaticano.<img data-recalc-dims=\"1\" decoding=\"async\" src=\"https:\/\/i0.wp.com\/agenciabrasil.ebc.com.br\/ebc.png?w=696&#038;ssl=1\" style=\"width:1px; height:1px; display:inline;\"\/><img data-recalc-dims=\"1\" decoding=\"async\" src=\"https:\/\/i0.wp.com\/agenciabrasil.ebc.com.br\/ebc.gif?w=696&#038;ssl=1\" style=\"width:1px; height:1px; display:inline;\"\/><\/p>\n<p>Em nota, a Santa S\u00e9 informou ainda os hor\u00e1rios para visita\u00e7\u00e3o de fi\u00e9is \u00e0 Bas\u00edlica de S\u00e3o Pedro: na quarta-feira, das\u00a011h \u00e0 meia-noite; na quinta-feira (24), das\u00a07h \u00e0 meia-noite; e na sexta-feira (25), das\u00a07h \u00e0s 19h.<\/p>\n<p>O funeral de Francisco foi agendado para o pr\u00f3ximo s\u00e1bado (26), a partir das 10h, na pr\u00f3pria Bas\u00edlica de S\u00e3o Pedro. De l\u00e1, o caix\u00e3o contendo o corpo ser\u00e1 levado para a Bas\u00edlica de Santa Maria Maior, onde ser\u00e1 sepultado, conforme pedido do pont\u00edfice.<\/p>\n<p>A cerim\u00f4nia, conhecida como Missa de Ex\u00e9quias, marca o primeiro dia do Novendiali ou nove dias de luto e ora\u00e7\u00f5es em honra ao papa. A celebra\u00e7\u00e3o, no \u00e1trio da bas\u00edlica, ser\u00e1 presidida pelo cardeal Giovanni Battista Re, decano do Col\u00e9gio Cardinal\u00edcio.<\/p>\n<p>Ao final, ocorrer\u00e3o os ritos da \u00daltima Commendatio e da Valedictio \u2014 despedidas solenes que marcam o encerramento das ex\u00e9quias.<\/p>\n<p>      <!-- Relacionada --><\/p>\n<p>            <!-- Relacionada -->\n    <\/div>\n<p><br \/>\n<br \/><a href=\"https:\/\/agenciabrasil.ebc.com.br\/internacional\/noticia\/2025-04\/papa-francisco-velorio-aberto-comeca-amanha-funeral-sera-no-sabado\" rel=\"noopener\">Ag\u00eancia Brasil <\/a><\/p>\n","protected":false},"excerpt":{"rendered":"<p>Nesta quarta-feira (23), o caix\u00e3o com\u00a0o corpo do papa Francisco ser\u00e1 trasladado da capela da Casa de Santa Marta para a Bas\u00edlica de S\u00e3o Pedro, onde fieis poder\u00e3o despedir-se do pont\u00edfice. As informa\u00e7\u00f5es foram divulgadas pelo Vaticano. Em nota, a Santa S\u00e9 informou ainda os hor\u00e1rios para visita\u00e7\u00e3o de fi\u00e9is \u00e0 Bas\u00edlica de S\u00e3o Pedro: [&hellip;]<\/p>\n","protected":false},"author":1,"featured_media":31115,"comment_status":"open","ping_status":"open","sticky":false,"template":"","format":"standard","meta":{"_jetpack_newsletter_access":"","_jetpack_dont_email_post_to_subs":false,"_jetpack_newsletter_tier_id":0,"_jetpack_memberships_contains_paywalled_content":false,"_mbp_banners":[],"_jetpack_feature_clip_id":0,"_jetpack_memberships_contains_paid_content":false,"footnotes":"","jetpack_publicize_message":"","jetpack_publicize_feature_enabled":true,"jetpack_social_post_already_shared":true,"jetpack_social_options":{"image_generator_settings":{"template":"highway","default_image_id":0,"font":"","enabled":false},"version":2},"jetpack_post_was_ever_published":false},"categories":[25],"tags":[],"class_list":["post-31114","post","type-post","status-publish","format-standard","has-post-thumbnail","category-internacional"],"jetpack_publicize_connections":[],"jetpack-related-posts":[],"jetpack_shortlink":"https:\/\/wp.me\/p7Eq1F-85Q","jetpack_sharing_enabled":true,"jetpack_featured_media_url":"https:\/\/i0.wp.com\/guialimeira.com.br\/news\/wp-content\/uploads\/2025\/04\/captura_de_tela_2025-04-22_as_10.46.29-2.jpg?fit=1600%2C800&ssl=1","_links":{"self":[{"href":"https:\/\/guialimeira.com.br\/news\/wp-json\/wp\/v2\/posts\/31114","targetHints":{"allow":["GET"]}}],"collection":[{"href":"https:\/\/guialimeira.com.br\/news\/wp-json\/wp\/v2\/posts"}],"about":[{"href":"https:\/\/guialimeira.com.br\/news\/wp-json\/wp\/v2\/types\/post"}],"author":[{"embeddable":true,"href":"https:\/\/guialimeira.com.br\/news\/wp-json\/wp\/v2\/users\/1"}],"replies":[{"embeddable":true,"href":"https:\/\/guialimeira.com.br\/news\/wp-json\/wp\/v2\/comments?post=31114"}],"version-history":[{"count":0,"href":"https:\/\/guialimeira.com.br\/news\/wp-json\/wp\/v2\/posts\/31114\/revisions"}],"wp:featuredmedia":[{"embeddable":true,"href":"https:\/\/guialimeira.com.br\/news\/wp-json\/wp\/v2\/media\/31115"}],"wp:attachment":[{"href":"https:\/\/guialimeira.com.br\/news\/wp-json\/wp\/v2\/media?parent=31114"}],"wp:term":[{"taxonomy":"category","embeddable":true,"href":"https:\/\/guialimeira.com.br\/news\/wp-json\/wp\/v2\/categories?post=31114"},{"taxonomy":"post_tag","embeddable":true,"href":"https:\/\/guialimeira.com.br\/news\/wp-json\/wp\/v2\/tags?post=31114"}],"curies":[{"name":"wp","href":"https:\/\/api.w.org\/{rel}","templated":true}]}}