{"id":31101,"date":"2025-04-22T11:46:53","date_gmt":"2025-04-22T14:46:53","guid":{"rendered":"https:\/\/guialimeira.com.br\/2025\/04\/22\/morte-do-papa-francisco-tudo-aconteceu-muito-rapido-diz-vaticano\/"},"modified":"2025-04-22T11:46:53","modified_gmt":"2025-04-22T14:46:53","slug":"morte-do-papa-francisco-tudo-aconteceu-muito-rapido-diz-vaticano","status":"publish","type":"post","link":"https:\/\/guialimeira.com.br\/news\/morte-do-papa-francisco-tudo-aconteceu-muito-rapido-diz-vaticano\/","title":{"rendered":"Morte do papa Francisco: \u201cTudo aconteceu muito r\u00e1pido\u201d, diz Vaticano"},"content":{"rendered":"<p> <br \/>\n<\/p>\n<div>\n<p><strong>O papa Francisco come\u00e7ou a apresentar sinais de doen\u00e7a s\u00fabita por volta de 5h30 (hor\u00e1rio local) da \u00faltima segunda-feira (21). Cerca de uma hora depois, logo ap\u00f3s acenar com a m\u00e3o para seu enfermeiro pessoal, em gesto de despedida, o pont\u00edfice entrou em coma. As informa\u00e7\u00f5es foram divulgadas nesta ter\u00e7a-feira (22) pelo Vaticano.<\/strong><img data-recalc-dims=\"1\" decoding=\"async\" src=\"https:\/\/i0.wp.com\/agenciabrasil.ebc.com.br\/ebc.png?w=696&#038;ssl=1\" style=\"width:1px; height:1px; display:inline;\"\/><img data-recalc-dims=\"1\" decoding=\"async\" src=\"https:\/\/i0.wp.com\/agenciabrasil.ebc.com.br\/ebc.gif?w=696&#038;ssl=1\" style=\"width:1px; height:1px; display:inline;\"\/><\/p>\n<blockquote>\n<p>\u201cDe acordo com os que estavam com ele em seus momentos finais, Francisco n\u00e3o sofreu. Tudo aconteceu muito r\u00e1pido\u201d, destacou o Vaticano, em comunicado. \u201cFoi uma morte discreta, quase repentina, sem longo sofrimento ou alarme p\u00fablico, para um papa que sempre foi muito reservado em rela\u00e7\u00e3o \u00e0 sua sa\u00fade.\u201d<\/p>\n<\/blockquote>\n<p><strong><a href=\"https:\/\/agenciabrasil.ebc.com.br\/radioagencia-nacional\/internacional\/audio\/2025-04\/primeiro-destino-internacional-de-francisco-rj-lamenta-morte-do-papa\" target=\"_blank\" rel=\"noopener\">&gt;&gt;Primeiro destino internacional de Francisco, RJ lamenta morte do Papa<\/a><\/strong><\/p>\n<p><a href=\"https:\/\/agenciabrasil.ebc.com.br\/internacional\/noticia\/2025-04\/papa-francisco-morre-aos-88-anos-conheca-trajetoria-pontifice\" target=\"_blank\" rel=\"noopener\">Francisco morreu \u00e0s 7h35 (hor\u00e1rio local), no dia seguinte \u00e0 P\u00e1scoa<\/a>, quando fez uma breve apari\u00e7\u00e3o na sacada da Bas\u00edlica de S\u00e3o Pedro e ofereceu a b\u00ean\u00e7\u00e3o Urbi et Orbi (Para a cidade e para o mundo, na tradu\u00e7\u00e3o literal). <strong>De acordo com o Departamento de Celebra\u00e7\u00f5es Lit\u00fargicas do Vaticano, o funeral ser\u00e1 realizado no pr\u00f3ximo s\u00e1bado (26<\/strong>).<\/p>\n<p>      <!-- Relacionada --><\/p>\n<p>            <!-- Relacionada -->\n    <\/div>\n<p><br \/>\n<br \/><a href=\"https:\/\/agenciabrasil.ebc.com.br\/internacional\/noticia\/2025-04\/morte-do-papa-francisco-tudo-aconteceu-muito-rapido-diz-vaticano\" rel=\"noopener\">Ag\u00eancia Brasil <\/a><\/p>\n","protected":false},"excerpt":{"rendered":"<p>O papa Francisco come\u00e7ou a apresentar sinais de doen\u00e7a s\u00fabita por volta de 5h30 (hor\u00e1rio local) da \u00faltima segunda-feira (21). Cerca de uma hora depois, logo ap\u00f3s acenar com a m\u00e3o para seu enfermeiro pessoal, em gesto de despedida, o pont\u00edfice entrou em coma. As informa\u00e7\u00f5es foram divulgadas nesta ter\u00e7a-feira (22) pelo Vaticano. \u201cDe acordo [&hellip;]<\/p>\n","protected":false},"author":1,"featured_media":31102,"comment_status":"open","ping_status":"open","sticky":false,"template":"","format":"standard","meta":{"_jetpack_newsletter_access":"","_jetpack_dont_email_post_to_subs":false,"_jetpack_newsletter_tier_id":0,"_jetpack_memberships_contains_paywalled_content":false,"_mbp_banners":[],"_jetpack_feature_clip_id":0,"_jetpack_memberships_contains_paid_content":false,"footnotes":"","jetpack_publicize_message":"","jetpack_publicize_feature_enabled":true,"jetpack_social_post_already_shared":true,"jetpack_social_options":{"image_generator_settings":{"template":"highway","default_image_id":0,"font":"","enabled":false},"version":2},"jetpack_post_was_ever_published":false},"categories":[25],"tags":[],"class_list":["post-31101","post","type-post","status-publish","format-standard","has-post-thumbnail","category-internacional"],"jetpack_publicize_connections":[],"jetpack-related-posts":[],"jetpack_shortlink":"https:\/\/wp.me\/p7Eq1F-85D","jetpack_sharing_enabled":true,"jetpack_featured_media_url":"https:\/\/i0.wp.com\/guialimeira.com.br\/news\/wp-content\/uploads\/2025\/04\/2025-04-22t115932z_1_lynxmpel3l0ju_rtroptp_4_religiao-francisco-morte-recomeco.jpg?fit=1600%2C800&ssl=1","_links":{"self":[{"href":"https:\/\/guialimeira.com.br\/news\/wp-json\/wp\/v2\/posts\/31101","targetHints":{"allow":["GET"]}}],"collection":[{"href":"https:\/\/guialimeira.com.br\/news\/wp-json\/wp\/v2\/posts"}],"about":[{"href":"https:\/\/guialimeira.com.br\/news\/wp-json\/wp\/v2\/types\/post"}],"author":[{"embeddable":true,"href":"https:\/\/guialimeira.com.br\/news\/wp-json\/wp\/v2\/users\/1"}],"replies":[{"embeddable":true,"href":"https:\/\/guialimeira.com.br\/news\/wp-json\/wp\/v2\/comments?post=31101"}],"version-history":[{"count":0,"href":"https:\/\/guialimeira.com.br\/news\/wp-json\/wp\/v2\/posts\/31101\/revisions"}],"wp:featuredmedia":[{"embeddable":true,"href":"https:\/\/guialimeira.com.br\/news\/wp-json\/wp\/v2\/media\/31102"}],"wp:attachment":[{"href":"https:\/\/guialimeira.com.br\/news\/wp-json\/wp\/v2\/media?parent=31101"}],"wp:term":[{"taxonomy":"category","embeddable":true,"href":"https:\/\/guialimeira.com.br\/news\/wp-json\/wp\/v2\/categories?post=31101"},{"taxonomy":"post_tag","embeddable":true,"href":"https:\/\/guialimeira.com.br\/news\/wp-json\/wp\/v2\/tags?post=31101"}],"curies":[{"name":"wp","href":"https:\/\/api.w.org\/{rel}","templated":true}]}}