{"id":31070,"date":"2025-04-21T22:33:54","date_gmt":"2025-04-22T01:33:54","guid":{"rendered":"https:\/\/guialimeira.com.br\/2025\/04\/21\/dilma-rousseff-destaca-pontificado-humanista-de-papa-francisco\/"},"modified":"2025-04-21T22:33:54","modified_gmt":"2025-04-22T01:33:54","slug":"dilma-rousseff-destaca-pontificado-humanista-de-papa-francisco","status":"publish","type":"post","link":"https:\/\/guialimeira.com.br\/news\/dilma-rousseff-destaca-pontificado-humanista-de-papa-francisco\/","title":{"rendered":"Dilma Rousseff destaca pontificado humanista de papa Francisco"},"content":{"rendered":"<p> <br \/>\n<\/p>\n<div>\n<p>A presidenta do banco dos Brics e ex-presidenta da Rep\u00fablica Dilma Rousseff manifestou nesta segunda-feira (21) profundo pesar pelo falecimento do papa Francisco. <a href=\"https:\/\/www.instagram.com\/p\/DItgUWJO-nG\/?img_index=1\" target=\"_blank\" rel=\"noopener\">Em nota divulgada pelas redes sociais<\/a>, ela destacou o <strong>legado humanista do pont\u00edfice e o classificou como \u201cum exemplo de humanidade\u201d<\/strong>.<img data-recalc-dims=\"1\" decoding=\"async\" src=\"https:\/\/i0.wp.com\/agenciabrasil.ebc.com.br\/ebc.png?w=696&#038;ssl=1\" style=\"width:1px; height:1px; display:inline;\"\/><img data-recalc-dims=\"1\" decoding=\"async\" src=\"https:\/\/i0.wp.com\/agenciabrasil.ebc.com.br\/ebc.gif?w=696&#038;ssl=1\" style=\"width:1px; height:1px; display:inline;\"\/><\/p>\n<p>\u201cA partida de Sua Santidade marca o fim de um dos pontificados mais humanistas, corajosos e inspiradores da hist\u00f3ria recente\u201d, afirmou. Para Dilma, o papa, primeiro da Am\u00e9rica Latina, \u201ctrouxe para o trono de Pedro a linguagem do cuidado, da simplicidade e da esperan\u00e7a\u201d.<\/p>\n<p>A ex-presidenta, <a href=\"https:\/\/agenciabrasil.ebc.com.br\/geral\/noticia\/2024-04\/papa-francisco-recebe-dilma-rousseff-no-vaticano\" target=\"_blank\" rel=\"noopener\">que esteve com o pont\u00edfice em 2024<\/a>, ressaltou ainda o papel de Francisco na <strong>defesa dos mais pobres, na promo\u00e7\u00e3o da justi\u00e7a social, da fraternidade entre os povos e na luta pelo meio ambiente<\/strong> \u2014 frequentemente referida por ele como a &#8220;Casa Comum&#8221;.<\/p>\n<blockquote>\n<p>\u201cEm tempos marcados por desigualdades, crises ambientais e conflitos, Francisco foi presen\u00e7a de luz \u2014 capaz de unir f\u00e9 e raz\u00e3o, espiritualidade e a\u00e7\u00e3o, ora\u00e7\u00e3o e ternura\u201d, escreveu Dilma, que em 2013 recebeu o papa Francisco em sua visita ao Brasil para a Jornada Mundial da Juventude.<\/p>\n<\/blockquote>\n<p>Ela tamb\u00e9m relembrou momentos pessoais de admira\u00e7\u00e3o pelo l\u00edder religioso: \u201cSempre me emocionei com sua capacidade de escuta, seu olhar sereno, suas palavras desarmadas. Francisco devolveu ao mundo a beleza da miseric\u00f3rdia\u201d.<\/p>\n<p>A presidenta do banco dos Brics prestou solidariedade \u00e0 fam\u00edlia do papa, ao povo argentino \u2014 pa\u00eds natal de Jorge Mario Bergoglio \u2014 e aos milh\u00f5es de fi\u00e9is em todo o mundo que se sentiram tocados por sua mensagem. \u201cSeu filho mais universal ser\u00e1 lembrado com orgulho por gera\u00e7\u00f5es\u201d, afirmou Dilma.<\/p>\n<p>\u201cHoje, o mundo perde um l\u00edder espiritual. <strong>Eu me despe\u00e7o de um exemplo de humanidade<\/strong>. Descanse em paz, Papa Francisco.\u201d<\/p>\n<p>      <!-- Relacionada --><\/p>\n<p>            <!-- Relacionada -->\n    <\/div>\n<p><script async src=\"\/\/www.instagram.com\/embed.js\"><\/script><br \/>\n<br \/><br \/>\n<br \/><a href=\"https:\/\/agenciabrasil.ebc.com.br\/internacional\/noticia\/2025-04\/dilma-rousseff-destaca-pontificado-humanista-de-papa-francisco\" rel=\"noopener\">Ag\u00eancia Brasil <\/a><\/p>\n","protected":false},"excerpt":{"rendered":"<p>A presidenta do banco dos Brics e ex-presidenta da Rep\u00fablica Dilma Rousseff manifestou nesta segunda-feira (21) profundo pesar pelo falecimento do papa Francisco. Em nota divulgada pelas redes sociais, ela destacou o legado humanista do pont\u00edfice e o classificou como \u201cum exemplo de humanidade\u201d. \u201cA partida de Sua Santidade marca o fim de um dos [&hellip;]<\/p>\n","protected":false},"author":1,"featured_media":3007,"comment_status":"open","ping_status":"open","sticky":false,"template":"","format":"standard","meta":{"_jetpack_newsletter_access":"","_jetpack_dont_email_post_to_subs":false,"_jetpack_newsletter_tier_id":0,"_jetpack_memberships_contains_paywalled_content":false,"_mbp_banners":[],"_jetpack_feature_clip_id":0,"_jetpack_memberships_contains_paid_content":false,"footnotes":"","jetpack_publicize_message":"","jetpack_publicize_feature_enabled":true,"jetpack_social_post_already_shared":true,"jetpack_social_options":{"image_generator_settings":{"template":"highway","default_image_id":0,"font":"","enabled":false},"version":2},"jetpack_post_was_ever_published":false},"categories":[25],"tags":[],"class_list":["post-31070","post","type-post","status-publish","format-standard","has-post-thumbnail","category-internacional"],"jetpack_publicize_connections":[],"jetpack-related-posts":[],"jetpack_shortlink":"https:\/\/wp.me\/p7Eq1F-858","jetpack_sharing_enabled":true,"jetpack_featured_media_url":"https:\/\/i0.wp.com\/guialimeira.com.br\/news\/wp-content\/uploads\/2024\/04\/gmlodpswoaa76zs.jpeg?fit=1600%2C800&ssl=1","_links":{"self":[{"href":"https:\/\/guialimeira.com.br\/news\/wp-json\/wp\/v2\/posts\/31070","targetHints":{"allow":["GET"]}}],"collection":[{"href":"https:\/\/guialimeira.com.br\/news\/wp-json\/wp\/v2\/posts"}],"about":[{"href":"https:\/\/guialimeira.com.br\/news\/wp-json\/wp\/v2\/types\/post"}],"author":[{"embeddable":true,"href":"https:\/\/guialimeira.com.br\/news\/wp-json\/wp\/v2\/users\/1"}],"replies":[{"embeddable":true,"href":"https:\/\/guialimeira.com.br\/news\/wp-json\/wp\/v2\/comments?post=31070"}],"version-history":[{"count":0,"href":"https:\/\/guialimeira.com.br\/news\/wp-json\/wp\/v2\/posts\/31070\/revisions"}],"wp:featuredmedia":[{"embeddable":true,"href":"https:\/\/guialimeira.com.br\/news\/wp-json\/wp\/v2\/media\/3007"}],"wp:attachment":[{"href":"https:\/\/guialimeira.com.br\/news\/wp-json\/wp\/v2\/media?parent=31070"}],"wp:term":[{"taxonomy":"category","embeddable":true,"href":"https:\/\/guialimeira.com.br\/news\/wp-json\/wp\/v2\/categories?post=31070"},{"taxonomy":"post_tag","embeddable":true,"href":"https:\/\/guialimeira.com.br\/news\/wp-json\/wp\/v2\/tags?post=31070"}],"curies":[{"name":"wp","href":"https:\/\/api.w.org\/{rel}","templated":true}]}}